{"id":24976,"date":"2022-12-04T09:55:47","date_gmt":"2022-12-04T12:55:47","guid":{"rendered":"https:\/\/www.periodicoelapogeo.com.ar\/site\/?p=24976"},"modified":"2022-12-04T12:05:59","modified_gmt":"2022-12-04T15:05:59","slug":"aca-empezo-nuestra-historia","status":"publish","type":"post","link":"https:\/\/www.periodicoelapogeo.com.ar\/site\/aca-empezo-nuestra-historia\/","title":{"rendered":"\u201cAc\u00e1 empez\u00f3 nuestra historia\u201d"},"content":{"rendered":"\n<p class=\"has-medium-font-size\">Sonia y Gustavo, m\u00e1s de veinte a\u00f1os juntos. Cuatro hijos y toda una vida de trabajo.<\/p>\n\n\n<div class=\"wp-block-image\">\n<figure class=\"aligncenter size-full\"><img fetchpriority=\"high\" decoding=\"async\" width=\"747\" height=\"560\" src=\"https:\/\/www.periodicoelapogeo.com.ar\/site\/wp-content\/uploads\/2022\/11\/made-in-derqui-1-1.jpg\" alt=\"\" class=\"wp-image-24978\" srcset=\"https:\/\/www.periodicoelapogeo.com.ar\/site\/wp-content\/uploads\/2022\/11\/made-in-derqui-1-1.jpg 747w, https:\/\/www.periodicoelapogeo.com.ar\/site\/wp-content\/uploads\/2022\/11\/made-in-derqui-1-1-320x240.jpg 320w\" sizes=\"(max-width: 747px) 100vw, 747px\" \/><figcaption>\u201cTodo lo que hicimos, todo lo que somos, es gracias a Derqui. Ac\u00e1 nos criamos, ac\u00e1 empez\u00f3 nuestra historia juntos, ac\u00e1 trabajamos, ac\u00e1 todo\u201d.<\/figcaption><\/figure>\n<\/div>\n\n\n<p style=\"font-size:16px\">Muchos conocen las sucursales de Kiosco El 22, una ubicada en la esquina de Eva Per\u00f3n y Pacheco, frente a la estaci\u00f3n, y la otra en la Av. de Mayo, en uno de los locales de la antigua galer\u00eda.<\/p>\n\n\n\n<p style=\"font-size:16px\">Florencia, Gustavo, Micaela y Antonela, son sus hijas e hijos, frutos de esta historia de amor que va para las tres d\u00e9cadas de andar tomados de la mano.<\/p>\n\n\n\n<p style=\"font-size:16px\"><strong>La gran noche<\/strong><\/p>\n\n\n\n<p style=\"font-size:16px\"><em>\u201cFuimos compa\u00f1eros de colegio, cursamos juntos un a\u00f1o en la primaria en el Latino. Despu\u00e9s yo me mud\u00e9 y cuando ten\u00eda 17 a\u00f1os vine una noche a bailar a M\u00e9xican, y ah\u00ed nos pusimos de novios<\/em>\u201d, cuenta Sonia.<\/p>\n\n\n\n<p style=\"font-size:16px\"><em>\u201cA los 17, hoy tenemos 43\u201d<\/em>, aporta Gustavo.<\/p>\n\n\n\n<p style=\"font-size:16px\"><em>\u201cEn todos estos a\u00f1os siempre luchamos por estar juntos<\/em>\u201d, dice ella.<\/p>\n\n\n\n<p style=\"font-size:16px\"><em>\u201cY no solamente con respecto a la pareja sino tambi\u00e9n en los vaivenes comerciales, de nuestro laburo. Al poquito tiempo que empezamos fue lo del saqueo, de ah\u00ed para ac\u00e1 todo lo que pas\u00f3 en el medio, incluida la pandemia\u201d<\/em>, repasa \u00c9l.<\/p>\n\n\n\n<p style=\"font-size:16px\"><em>\u201cEstuvimos miles de veces en el fondo y miles de veces nos levantamos\u201d.<\/em><\/p>\n\n\n\n<p style=\"font-size:16px\">Ahora arrancaron un nuevo emprendimiento comercial en la esquina de Iparraguirre y Pacheco.<\/p>\n\n\n\n<p style=\"font-size:16px\"><em>\u201cAc\u00e1 vamos a estar para ir de a poco, como todo negocio necesita ir llev\u00e1ndolo con cari\u00f1o\u201d<\/em>, dicen mientras van armando el nuevo local con el agregado de algunos productos y el entusiasmo de un nuevo comienzo.<\/p>\n","protected":false},"excerpt":{"rendered":"<p>Sonia y Gustavo, m\u00e1s de veinte a\u00f1os juntos. Cuatro hijos y toda una vida de trabajo. Muchos conocen las sucursales de Kiosco El 22, una ubicada en la esquina de&hellip; <\/p>\n","protected":false},"author":2,"featured_media":24978,"comment_status":"closed","ping_status":"open","sticky":false,"template":"","format":"standard","meta":{"footnotes":""},"categories":[3,1320,17],"tags":[123,7,1844,322,722,518],"class_list":["post-24976","post","type-post","status-publish","format-standard","has-post-thumbnail","hentry","category-destacada","category-nuestra-gente","category-principal","tag-barrio","tag-derqui","tag-derqui-comercial","tag-historias","tag-made-in-derqui","tag-vecinos"],"yoast_head":"<!-- This site is optimized with the Yoast SEO plugin v26.8 - https:\/\/yoast.com\/product\/yoast-seo-wordpress\/ -->\n<title>\u201cAc\u00e1 empez\u00f3 nuestra historia\u201d - Peri\u00f3dico EL APOGEO<\/title>\n<meta name=\"robots\" content=\"index, follow, max-snippet:-1, max-image-preview:large, max-video-preview:-1\" \/>\n<link rel=\"canonical\" href=\"https:\/\/www.periodicoelapogeo.com.ar\/site\/aca-empezo-nuestra-historia\/\" \/>\n<meta property=\"og:locale\" content=\"es_ES\" \/>\n<meta property=\"og:type\" content=\"article\" \/>\n<meta property=\"og:title\" content=\"\u201cAc\u00e1 empez\u00f3 nuestra historia\u201d - Peri\u00f3dico EL APOGEO\" \/>\n<meta property=\"og:description\" content=\"Sonia y Gustavo, m\u00e1s de veinte a\u00f1os juntos. Cuatro hijos y toda una vida de trabajo. Muchos conocen las sucursales de Kiosco El 22, una ubicada en la esquina de&hellip;\" \/>\n<meta property=\"og:url\" content=\"https:\/\/www.periodicoelapogeo.com.ar\/site\/aca-empezo-nuestra-historia\/\" \/>\n<meta property=\"og:site_name\" content=\"Peri\u00f3dico EL APOGEO\" \/>\n<meta property=\"article:publisher\" content=\"https:\/\/www.facebook.com\/Peridico-El-Apogeo-348111616395\/\" \/>\n<meta property=\"article:published_time\" content=\"2022-12-04T12:55:47+00:00\" \/>\n<meta property=\"article:modified_time\" content=\"2022-12-04T15:05:59+00:00\" \/>\n<meta property=\"og:image\" content=\"https:\/\/www.periodicoelapogeo.com.ar\/site\/wp-content\/uploads\/2022\/11\/made-in-derqui-1-1.jpg\" \/>\n\t<meta property=\"og:image:width\" content=\"747\" \/>\n\t<meta property=\"og:image:height\" content=\"560\" \/>\n\t<meta property=\"og:image:type\" content=\"image\/jpeg\" \/>\n<meta name=\"author\" content=\"editor\" \/>\n<meta name=\"twitter:card\" content=\"summary_large_image\" \/>\n<meta name=\"twitter:creator\" content=\"@elapogeodiario\" \/>\n<meta name=\"twitter:site\" content=\"@elapogeodiario\" \/>\n<meta name=\"twitter:label1\" content=\"Escrito por\" \/>\n\t<meta name=\"twitter:data1\" content=\"editor\" \/>\n\t<meta name=\"twitter:label2\" content=\"Tiempo de lectura\" \/>\n\t<meta name=\"twitter:data2\" content=\"1 minuto\" \/>\n<script type=\"application\/ld+json\" class=\"yoast-schema-graph\">{\"@context\":\"https:\/\/schema.org\",\"@graph\":[{\"@type\":\"Article\",\"@id\":\"https:\/\/www.periodicoelapogeo.com.ar\/site\/aca-empezo-nuestra-historia\/#article\",\"isPartOf\":{\"@id\":\"https:\/\/www.periodicoelapogeo.com.ar\/site\/aca-empezo-nuestra-historia\/\"},\"author\":{\"name\":\"editor\",\"@id\":\"https:\/\/www.periodicoelapogeo.com.ar\/site\/#\/schema\/person\/d60bcb51884b850534948db8a28cae37\"},\"headline\":\"\u201cAc\u00e1 empez\u00f3 nuestra historia\u201d\",\"datePublished\":\"2022-12-04T12:55:47+00:00\",\"dateModified\":\"2022-12-04T15:05:59+00:00\",\"mainEntityOfPage\":{\"@id\":\"https:\/\/www.periodicoelapogeo.com.ar\/site\/aca-empezo-nuestra-historia\/\"},\"wordCount\":288,\"publisher\":{\"@id\":\"https:\/\/www.periodicoelapogeo.com.ar\/site\/#organization\"},\"image\":{\"@id\":\"https:\/\/www.periodicoelapogeo.com.ar\/site\/aca-empezo-nuestra-historia\/#primaryimage\"},\"thumbnailUrl\":\"https:\/\/www.periodicoelapogeo.com.ar\/site\/wp-content\/uploads\/2022\/11\/made-in-derqui-1-1.jpg\",\"keywords\":[\"barrio\",\"Derqui\",\"Derqui comercial\",\"historias\",\"Made in Derqui\",\"vecinos\"],\"articleSection\":[\"Destacada\",\"Nuestra gente\",\"Principal\"],\"inLanguage\":\"es\"},{\"@type\":\"WebPage\",\"@id\":\"https:\/\/www.periodicoelapogeo.com.ar\/site\/aca-empezo-nuestra-historia\/\",\"url\":\"https:\/\/www.periodicoelapogeo.com.ar\/site\/aca-empezo-nuestra-historia\/\",\"name\":\"\u201cAc\u00e1 empez\u00f3 nuestra historia\u201d - Peri\u00f3dico EL APOGEO\",\"isPartOf\":{\"@id\":\"https:\/\/www.periodicoelapogeo.com.ar\/site\/#website\"},\"primaryImageOfPage\":{\"@id\":\"https:\/\/www.periodicoelapogeo.com.ar\/site\/aca-empezo-nuestra-historia\/#primaryimage\"},\"image\":{\"@id\":\"https:\/\/www.periodicoelapogeo.com.ar\/site\/aca-empezo-nuestra-historia\/#primaryimage\"},\"thumbnailUrl\":\"https:\/\/www.periodicoelapogeo.com.ar\/site\/wp-content\/uploads\/2022\/11\/made-in-derqui-1-1.jpg\",\"datePublished\":\"2022-12-04T12:55:47+00:00\",\"dateModified\":\"2022-12-04T15:05:59+00:00\",\"breadcrumb\":{\"@id\":\"https:\/\/www.periodicoelapogeo.com.ar\/site\/aca-empezo-nuestra-historia\/#breadcrumb\"},\"inLanguage\":\"es\",\"potentialAction\":[{\"@type\":\"ReadAction\",\"target\":[\"https:\/\/www.periodicoelapogeo.com.ar\/site\/aca-empezo-nuestra-historia\/\"]}]},{\"@type\":\"ImageObject\",\"inLanguage\":\"es\",\"@id\":\"https:\/\/www.periodicoelapogeo.com.ar\/site\/aca-empezo-nuestra-historia\/#primaryimage\",\"url\":\"https:\/\/www.periodicoelapogeo.com.ar\/site\/wp-content\/uploads\/2022\/11\/made-in-derqui-1-1.jpg\",\"contentUrl\":\"https:\/\/www.periodicoelapogeo.com.ar\/site\/wp-content\/uploads\/2022\/11\/made-in-derqui-1-1.jpg\",\"width\":747,\"height\":560},{\"@type\":\"BreadcrumbList\",\"@id\":\"https:\/\/www.periodicoelapogeo.com.ar\/site\/aca-empezo-nuestra-historia\/#breadcrumb\",\"itemListElement\":[{\"@type\":\"ListItem\",\"position\":1,\"name\":\"Portada\",\"item\":\"https:\/\/www.periodicoelapogeo.com.ar\/site\/\"},{\"@type\":\"ListItem\",\"position\":2,\"name\":\"\u201cAc\u00e1 empez\u00f3 nuestra historia\u201d\"}]},{\"@type\":\"WebSite\",\"@id\":\"https:\/\/www.periodicoelapogeo.com.ar\/site\/#website\",\"url\":\"https:\/\/www.periodicoelapogeo.com.ar\/site\/\",\"name\":\"Peri\u00f3dico EL APOGEO\",\"description\":\"En Derqui, Del Viso, Mor\u00f3n y Pilar\",\"publisher\":{\"@id\":\"https:\/\/www.periodicoelapogeo.com.ar\/site\/#organization\"},\"potentialAction\":[{\"@type\":\"SearchAction\",\"target\":{\"@type\":\"EntryPoint\",\"urlTemplate\":\"https:\/\/www.periodicoelapogeo.com.ar\/site\/?s={search_term_string}\"},\"query-input\":{\"@type\":\"PropertyValueSpecification\",\"valueRequired\":true,\"valueName\":\"search_term_string\"}}],\"inLanguage\":\"es\"},{\"@type\":\"Organization\",\"@id\":\"https:\/\/www.periodicoelapogeo.com.ar\/site\/#organization\",\"name\":\"Peri\u00f3dico EL APOGEO\",\"url\":\"https:\/\/www.periodicoelapogeo.com.ar\/site\/\",\"logo\":{\"@type\":\"ImageObject\",\"inLanguage\":\"es\",\"@id\":\"https:\/\/www.periodicoelapogeo.com.ar\/site\/#\/schema\/logo\/image\/\",\"url\":\"https:\/\/www.periodicoelapogeo.com.ar\/site\/wp-content\/uploads\/2023\/03\/apogeo_logo.jpg\",\"contentUrl\":\"https:\/\/www.periodicoelapogeo.com.ar\/site\/wp-content\/uploads\/2023\/03\/apogeo_logo.jpg\",\"width\":400,\"height\":400,\"caption\":\"Peri\u00f3dico EL APOGEO\"},\"image\":{\"@id\":\"https:\/\/www.periodicoelapogeo.com.ar\/site\/#\/schema\/logo\/image\/\"},\"sameAs\":[\"https:\/\/www.facebook.com\/Peridico-El-Apogeo-348111616395\/\",\"https:\/\/x.com\/elapogeodiario\",\"https:\/\/instagram.com\/elapogeodiario\/\"]},{\"@type\":\"Person\",\"@id\":\"https:\/\/www.periodicoelapogeo.com.ar\/site\/#\/schema\/person\/d60bcb51884b850534948db8a28cae37\",\"name\":\"editor\",\"image\":{\"@type\":\"ImageObject\",\"inLanguage\":\"es\",\"@id\":\"https:\/\/www.periodicoelapogeo.com.ar\/site\/#\/schema\/person\/image\/\",\"url\":\"https:\/\/secure.gravatar.com\/avatar\/af59c81eb11459c33aba6d1ef1422b5c7b8acb4c120f6e1f99e75810f387565f?s=96&d=mm&r=g\",\"contentUrl\":\"https:\/\/secure.gravatar.com\/avatar\/af59c81eb11459c33aba6d1ef1422b5c7b8acb4c120f6e1f99e75810f387565f?s=96&d=mm&r=g\",\"caption\":\"editor\"},\"sameAs\":[\"http:\/\/periodicoelapogeo.com.ar\"],\"url\":\"https:\/\/www.periodicoelapogeo.com.ar\/site\/author\/victor\/\"}]}<\/script>\n<!-- \/ Yoast SEO plugin. -->","yoast_head_json":{"title":"\u201cAc\u00e1 empez\u00f3 nuestra historia\u201d - Peri\u00f3dico EL APOGEO","robots":{"index":"index","follow":"follow","max-snippet":"max-snippet:-1","max-image-preview":"max-image-preview:large","max-video-preview":"max-video-preview:-1"},"canonical":"https:\/\/www.periodicoelapogeo.com.ar\/site\/aca-empezo-nuestra-historia\/","og_locale":"es_ES","og_type":"article","og_title":"\u201cAc\u00e1 empez\u00f3 nuestra historia\u201d - Peri\u00f3dico EL APOGEO","og_description":"Sonia y Gustavo, m\u00e1s de veinte a\u00f1os juntos. Cuatro hijos y toda una vida de trabajo. Muchos conocen las sucursales de Kiosco El 22, una ubicada en la esquina de&hellip;","og_url":"https:\/\/www.periodicoelapogeo.com.ar\/site\/aca-empezo-nuestra-historia\/","og_site_name":"Peri\u00f3dico EL APOGEO","article_publisher":"https:\/\/www.facebook.com\/Peridico-El-Apogeo-348111616395\/","article_published_time":"2022-12-04T12:55:47+00:00","article_modified_time":"2022-12-04T15:05:59+00:00","og_image":[{"width":747,"height":560,"url":"https:\/\/www.periodicoelapogeo.com.ar\/site\/wp-content\/uploads\/2022\/11\/made-in-derqui-1-1.jpg","type":"image\/jpeg"}],"author":"editor","twitter_card":"summary_large_image","twitter_creator":"@elapogeodiario","twitter_site":"@elapogeodiario","twitter_misc":{"Escrito por":"editor","Tiempo de lectura":"1 minuto"},"schema":{"@context":"https:\/\/schema.org","@graph":[{"@type":"Article","@id":"https:\/\/www.periodicoelapogeo.com.ar\/site\/aca-empezo-nuestra-historia\/#article","isPartOf":{"@id":"https:\/\/www.periodicoelapogeo.com.ar\/site\/aca-empezo-nuestra-historia\/"},"author":{"name":"editor","@id":"https:\/\/www.periodicoelapogeo.com.ar\/site\/#\/schema\/person\/d60bcb51884b850534948db8a28cae37"},"headline":"\u201cAc\u00e1 empez\u00f3 nuestra historia\u201d","datePublished":"2022-12-04T12:55:47+00:00","dateModified":"2022-12-04T15:05:59+00:00","mainEntityOfPage":{"@id":"https:\/\/www.periodicoelapogeo.com.ar\/site\/aca-empezo-nuestra-historia\/"},"wordCount":288,"publisher":{"@id":"https:\/\/www.periodicoelapogeo.com.ar\/site\/#organization"},"image":{"@id":"https:\/\/www.periodicoelapogeo.com.ar\/site\/aca-empezo-nuestra-historia\/#primaryimage"},"thumbnailUrl":"https:\/\/www.periodicoelapogeo.com.ar\/site\/wp-content\/uploads\/2022\/11\/made-in-derqui-1-1.jpg","keywords":["barrio","Derqui","Derqui comercial","historias","Made in Derqui","vecinos"],"articleSection":["Destacada","Nuestra gente","Principal"],"inLanguage":"es"},{"@type":"WebPage","@id":"https:\/\/www.periodicoelapogeo.com.ar\/site\/aca-empezo-nuestra-historia\/","url":"https:\/\/www.periodicoelapogeo.com.ar\/site\/aca-empezo-nuestra-historia\/","name":"\u201cAc\u00e1 empez\u00f3 nuestra historia\u201d - Peri\u00f3dico EL APOGEO","isPartOf":{"@id":"https:\/\/www.periodicoelapogeo.com.ar\/site\/#website"},"primaryImageOfPage":{"@id":"https:\/\/www.periodicoelapogeo.com.ar\/site\/aca-empezo-nuestra-historia\/#primaryimage"},"image":{"@id":"https:\/\/www.periodicoelapogeo.com.ar\/site\/aca-empezo-nuestra-historia\/#primaryimage"},"thumbnailUrl":"https:\/\/www.periodicoelapogeo.com.ar\/site\/wp-content\/uploads\/2022\/11\/made-in-derqui-1-1.jpg","datePublished":"2022-12-04T12:55:47+00:00","dateModified":"2022-12-04T15:05:59+00:00","breadcrumb":{"@id":"https:\/\/www.periodicoelapogeo.com.ar\/site\/aca-empezo-nuestra-historia\/#breadcrumb"},"inLanguage":"es","potentialAction":[{"@type":"ReadAction","target":["https:\/\/www.periodicoelapogeo.com.ar\/site\/aca-empezo-nuestra-historia\/"]}]},{"@type":"ImageObject","inLanguage":"es","@id":"https:\/\/www.periodicoelapogeo.com.ar\/site\/aca-empezo-nuestra-historia\/#primaryimage","url":"https:\/\/www.periodicoelapogeo.com.ar\/site\/wp-content\/uploads\/2022\/11\/made-in-derqui-1-1.jpg","contentUrl":"https:\/\/www.periodicoelapogeo.com.ar\/site\/wp-content\/uploads\/2022\/11\/made-in-derqui-1-1.jpg","width":747,"height":560},{"@type":"BreadcrumbList","@id":"https:\/\/www.periodicoelapogeo.com.ar\/site\/aca-empezo-nuestra-historia\/#breadcrumb","itemListElement":[{"@type":"ListItem","position":1,"name":"Portada","item":"https:\/\/www.periodicoelapogeo.com.ar\/site\/"},{"@type":"ListItem","position":2,"name":"\u201cAc\u00e1 empez\u00f3 nuestra historia\u201d"}]},{"@type":"WebSite","@id":"https:\/\/www.periodicoelapogeo.com.ar\/site\/#website","url":"https:\/\/www.periodicoelapogeo.com.ar\/site\/","name":"Peri\u00f3dico EL APOGEO","description":"En Derqui, Del Viso, Mor\u00f3n y Pilar","publisher":{"@id":"https:\/\/www.periodicoelapogeo.com.ar\/site\/#organization"},"potentialAction":[{"@type":"SearchAction","target":{"@type":"EntryPoint","urlTemplate":"https:\/\/www.periodicoelapogeo.com.ar\/site\/?s={search_term_string}"},"query-input":{"@type":"PropertyValueSpecification","valueRequired":true,"valueName":"search_term_string"}}],"inLanguage":"es"},{"@type":"Organization","@id":"https:\/\/www.periodicoelapogeo.com.ar\/site\/#organization","name":"Peri\u00f3dico EL APOGEO","url":"https:\/\/www.periodicoelapogeo.com.ar\/site\/","logo":{"@type":"ImageObject","inLanguage":"es","@id":"https:\/\/www.periodicoelapogeo.com.ar\/site\/#\/schema\/logo\/image\/","url":"https:\/\/www.periodicoelapogeo.com.ar\/site\/wp-content\/uploads\/2023\/03\/apogeo_logo.jpg","contentUrl":"https:\/\/www.periodicoelapogeo.com.ar\/site\/wp-content\/uploads\/2023\/03\/apogeo_logo.jpg","width":400,"height":400,"caption":"Peri\u00f3dico EL APOGEO"},"image":{"@id":"https:\/\/www.periodicoelapogeo.com.ar\/site\/#\/schema\/logo\/image\/"},"sameAs":["https:\/\/www.facebook.com\/Peridico-El-Apogeo-348111616395\/","https:\/\/x.com\/elapogeodiario","https:\/\/instagram.com\/elapogeodiario\/"]},{"@type":"Person","@id":"https:\/\/www.periodicoelapogeo.com.ar\/site\/#\/schema\/person\/d60bcb51884b850534948db8a28cae37","name":"editor","image":{"@type":"ImageObject","inLanguage":"es","@id":"https:\/\/www.periodicoelapogeo.com.ar\/site\/#\/schema\/person\/image\/","url":"https:\/\/secure.gravatar.com\/avatar\/af59c81eb11459c33aba6d1ef1422b5c7b8acb4c120f6e1f99e75810f387565f?s=96&d=mm&r=g","contentUrl":"https:\/\/secure.gravatar.com\/avatar\/af59c81eb11459c33aba6d1ef1422b5c7b8acb4c120f6e1f99e75810f387565f?s=96&d=mm&r=g","caption":"editor"},"sameAs":["http:\/\/periodicoelapogeo.com.ar"],"url":"https:\/\/www.periodicoelapogeo.com.ar\/site\/author\/victor\/"}]}},"_links":{"self":[{"href":"https:\/\/www.periodicoelapogeo.com.ar\/site\/wp-json\/wp\/v2\/posts\/24976","targetHints":{"allow":["GET"]}}],"collection":[{"href":"https:\/\/www.periodicoelapogeo.com.ar\/site\/wp-json\/wp\/v2\/posts"}],"about":[{"href":"https:\/\/www.periodicoelapogeo.com.ar\/site\/wp-json\/wp\/v2\/types\/post"}],"author":[{"embeddable":true,"href":"https:\/\/www.periodicoelapogeo.com.ar\/site\/wp-json\/wp\/v2\/users\/2"}],"replies":[{"embeddable":true,"href":"https:\/\/www.periodicoelapogeo.com.ar\/site\/wp-json\/wp\/v2\/comments?post=24976"}],"version-history":[{"count":1,"href":"https:\/\/www.periodicoelapogeo.com.ar\/site\/wp-json\/wp\/v2\/posts\/24976\/revisions"}],"predecessor-version":[{"id":24979,"href":"https:\/\/www.periodicoelapogeo.com.ar\/site\/wp-json\/wp\/v2\/posts\/24976\/revisions\/24979"}],"wp:featuredmedia":[{"embeddable":true,"href":"https:\/\/www.periodicoelapogeo.com.ar\/site\/wp-json\/wp\/v2\/media\/24978"}],"wp:attachment":[{"href":"https:\/\/www.periodicoelapogeo.com.ar\/site\/wp-json\/wp\/v2\/media?parent=24976"}],"wp:term":[{"taxonomy":"category","embeddable":true,"href":"https:\/\/www.periodicoelapogeo.com.ar\/site\/wp-json\/wp\/v2\/categories?post=24976"},{"taxonomy":"post_tag","embeddable":true,"href":"https:\/\/www.periodicoelapogeo.com.ar\/site\/wp-json\/wp\/v2\/tags?post=24976"}],"curies":[{"name":"wp","href":"https:\/\/api.w.org\/{rel}","templated":true}]}}