{"id":30771,"date":"2025-11-20T14:04:03","date_gmt":"2025-11-20T17:04:03","guid":{"rendered":"https:\/\/www.periodicoelapogeo.com.ar\/site\/?p=30771"},"modified":"2025-11-20T14:04:07","modified_gmt":"2025-11-20T17:04:07","slug":"la-casa-del-campo-pertenecia-a-la-senorita-lea-figallo","status":"publish","type":"post","link":"https:\/\/www.periodicoelapogeo.com.ar\/site\/la-casa-del-campo-pertenecia-a-la-senorita-lea-figallo\/","title":{"rendered":"La casa del campo pertenec\u00eda a la se\u00f1orita Lea Figallo"},"content":{"rendered":"\n<p><strong>Por Maira Amarillo<\/strong><\/p>\n\n\n\n<figure class=\"wp-block-image size-large\"><img fetchpriority=\"high\" decoding=\"async\" width=\"1024\" height=\"768\" src=\"https:\/\/www.periodicoelapogeo.com.ar\/site\/wp-content\/uploads\/2025\/11\/historia-derquina-ll-1024x768.jpg\" alt=\"\" class=\"wp-image-30772\" srcset=\"https:\/\/www.periodicoelapogeo.com.ar\/site\/wp-content\/uploads\/2025\/11\/historia-derquina-ll-1024x768.jpg 1024w, https:\/\/www.periodicoelapogeo.com.ar\/site\/wp-content\/uploads\/2025\/11\/historia-derquina-ll-320x240.jpg 320w, https:\/\/www.periodicoelapogeo.com.ar\/site\/wp-content\/uploads\/2025\/11\/historia-derquina-ll-768x576.jpg 768w, https:\/\/www.periodicoelapogeo.com.ar\/site\/wp-content\/uploads\/2025\/11\/historia-derquina-ll-1536x1152.jpg 1536w, https:\/\/www.periodicoelapogeo.com.ar\/site\/wp-content\/uploads\/2025\/11\/historia-derquina-ll-rotated.jpg 1600w\" sizes=\"(max-width: 1024px) 100vw, 1024px\" \/><\/figure>\n\n\n\n<p style=\"font-size:16px\">La casa, construida en 1720, cuenta con paredes gruesas, techos altos y un altillo que conduce a un mirador en la habitaci\u00f3n m\u00e1s alta. En el patio hay un aljibe seco, y desde all\u00ed la vista se extiende hacia el campo abierto, lejos del bullicio de la ciudad. Cada rinc\u00f3n refleja su historia y misterio, y quienes la habitan sienten que la casa los observa tanto como ellos la observan a ella.<\/p>\n\n\n\n<p style=\"font-size:16px\">Cerca de mis dos a\u00f1os, mis abuelos se mudaron de Caseros a una casa enorme, ellos, mi mam\u00e1 embarazada, mi hermano mayor y yo antes viv\u00edamos en una casa com\u00fan, rodeados de t\u00edos y primos, y fue mi t\u00edo Eduardo quien acept\u00f3 la propuesta de mudarnos al campo.<\/p>\n\n\n\n<p style=\"font-size:16px\">La casa del campo pertenec\u00eda a la se\u00f1orita Lea Figallo, una mujer italiana de gran fe y solidaridad. Parte de sus tierras fueron donadas a la Iglesia, donde se construy\u00f3 el Hogar Santa Marta, y a\u00f1os atr\u00e1s hab\u00eda colaborado con la Escuela T\u00e9cnica N\u00ba 2 de Presidente Derqui. Todo esto es historia que sucedi\u00f3 antes de que yo existiera, pero la huella de su generosidad a\u00fan es palpable en cada rinc\u00f3n de la casa.<\/p>\n\n\n\n<p style=\"font-size:16px\">Tras el fallecimiento de la se\u00f1orita Lea, los cuidadores originales del campo se fueron, y la residencia qued\u00f3 bajo la atenci\u00f3n de mi familia, a trav\u00e9s de mi t\u00edo y del Dr. Flavio Sturla, sobrino de la propietaria. Aunque no recuerdo los encuentros ni las presentaciones, s\u00ed rememoro largas horas explorando sola la casa, descubriendo rincones que parec\u00edan guardar secretos.<\/p>\n\n\n\n<p style=\"font-size:16px\">Mi familia dice que nac\u00ed el 19 de septiembre de 1995, pero yo siento que nac\u00ed un poco despu\u00e9s, cuando empec\u00e9 a reconocer la vida: las palabras, los objetos, los olores. Uno nace, pienso, cuando empieza a comprender que existe.<\/p>\n\n\n\n<figure class=\"wp-block-image size-large\"><img decoding=\"async\" width=\"1024\" height=\"768\" src=\"https:\/\/www.periodicoelapogeo.com.ar\/site\/wp-content\/uploads\/2025\/11\/HISTORIA-DERQUINA-1024x768.jpg\" alt=\"\" class=\"wp-image-30773\" srcset=\"https:\/\/www.periodicoelapogeo.com.ar\/site\/wp-content\/uploads\/2025\/11\/HISTORIA-DERQUINA-1024x768.jpg 1024w, https:\/\/www.periodicoelapogeo.com.ar\/site\/wp-content\/uploads\/2025\/11\/HISTORIA-DERQUINA-320x240.jpg 320w, https:\/\/www.periodicoelapogeo.com.ar\/site\/wp-content\/uploads\/2025\/11\/HISTORIA-DERQUINA-768x576.jpg 768w, https:\/\/www.periodicoelapogeo.com.ar\/site\/wp-content\/uploads\/2025\/11\/HISTORIA-DERQUINA-1536x1152.jpg 1536w, https:\/\/www.periodicoelapogeo.com.ar\/site\/wp-content\/uploads\/2025\/11\/HISTORIA-DERQUINA-rotated.jpg 1600w\" sizes=\"(max-width: 1024px) 100vw, 1024px\" \/><\/figure>\n","protected":false},"excerpt":{"rendered":"<p>Por Maira Amarillo La casa, construida en 1720, cuenta con paredes gruesas, techos altos y un altillo que conduce a un mirador en la habitaci\u00f3n m\u00e1s alta. En el patio&hellip; <\/p>\n","protected":false},"author":2,"featured_media":30773,"comment_status":"closed","ping_status":"open","sticky":false,"template":"","format":"standard","meta":{"footnotes":""},"categories":[47,3],"tags":[4345,35,7,322],"class_list":["post-30771","post","type-post","status-publish","format-standard","has-post-thumbnail","hentry","category-cultura-al-hombro","category-destacada","tag-casa-de-campo","tag-cuentos","tag-derqui","tag-historias"],"yoast_head":"<!-- This site is optimized with the Yoast SEO plugin v26.8 - https:\/\/yoast.com\/product\/yoast-seo-wordpress\/ -->\n<title>La casa del campo pertenec\u00eda a la se\u00f1orita Lea Figallo - Peri\u00f3dico EL APOGEO<\/title>\n<meta name=\"robots\" content=\"index, follow, max-snippet:-1, max-image-preview:large, max-video-preview:-1\" \/>\n<link rel=\"canonical\" href=\"https:\/\/www.periodicoelapogeo.com.ar\/site\/la-casa-del-campo-pertenecia-a-la-senorita-lea-figallo\/\" \/>\n<meta property=\"og:locale\" content=\"es_ES\" \/>\n<meta property=\"og:type\" content=\"article\" \/>\n<meta property=\"og:title\" content=\"La casa del campo pertenec\u00eda a la se\u00f1orita Lea Figallo - Peri\u00f3dico EL APOGEO\" \/>\n<meta property=\"og:description\" content=\"Por Maira Amarillo La casa, construida en 1720, cuenta con paredes gruesas, techos altos y un altillo que conduce a un mirador en la habitaci\u00f3n m\u00e1s alta. En el patio&hellip;\" \/>\n<meta property=\"og:url\" content=\"https:\/\/www.periodicoelapogeo.com.ar\/site\/la-casa-del-campo-pertenecia-a-la-senorita-lea-figallo\/\" \/>\n<meta property=\"og:site_name\" content=\"Peri\u00f3dico EL APOGEO\" \/>\n<meta property=\"article:publisher\" content=\"https:\/\/www.facebook.com\/Peridico-El-Apogeo-348111616395\/\" \/>\n<meta property=\"article:published_time\" content=\"2025-11-20T17:04:03+00:00\" \/>\n<meta property=\"article:modified_time\" content=\"2025-11-20T17:04:07+00:00\" \/>\n<meta property=\"og:image\" content=\"https:\/\/www.periodicoelapogeo.com.ar\/site\/wp-content\/uploads\/2025\/11\/HISTORIA-DERQUINA-rotated.jpg\" \/>\n\t<meta property=\"og:image:width\" content=\"1600\" \/>\n\t<meta property=\"og:image:height\" content=\"1200\" \/>\n\t<meta property=\"og:image:type\" content=\"image\/jpeg\" \/>\n<meta name=\"author\" content=\"editor\" \/>\n<meta name=\"twitter:card\" content=\"summary_large_image\" \/>\n<meta name=\"twitter:creator\" content=\"@elapogeodiario\" \/>\n<meta name=\"twitter:site\" content=\"@elapogeodiario\" \/>\n<meta name=\"twitter:label1\" content=\"Escrito por\" \/>\n\t<meta name=\"twitter:data1\" content=\"editor\" \/>\n\t<meta name=\"twitter:label2\" content=\"Tiempo de lectura\" \/>\n\t<meta name=\"twitter:data2\" content=\"2 minutos\" \/>\n<script type=\"application\/ld+json\" class=\"yoast-schema-graph\">{\"@context\":\"https:\/\/schema.org\",\"@graph\":[{\"@type\":\"Article\",\"@id\":\"https:\/\/www.periodicoelapogeo.com.ar\/site\/la-casa-del-campo-pertenecia-a-la-senorita-lea-figallo\/#article\",\"isPartOf\":{\"@id\":\"https:\/\/www.periodicoelapogeo.com.ar\/site\/la-casa-del-campo-pertenecia-a-la-senorita-lea-figallo\/\"},\"author\":{\"name\":\"editor\",\"@id\":\"https:\/\/www.periodicoelapogeo.com.ar\/site\/#\/schema\/person\/d60bcb51884b850534948db8a28cae37\"},\"headline\":\"La casa del campo pertenec\u00eda a la se\u00f1orita Lea Figallo\",\"datePublished\":\"2025-11-20T17:04:03+00:00\",\"dateModified\":\"2025-11-20T17:04:07+00:00\",\"mainEntityOfPage\":{\"@id\":\"https:\/\/www.periodicoelapogeo.com.ar\/site\/la-casa-del-campo-pertenecia-a-la-senorita-lea-figallo\/\"},\"wordCount\":327,\"publisher\":{\"@id\":\"https:\/\/www.periodicoelapogeo.com.ar\/site\/#organization\"},\"image\":{\"@id\":\"https:\/\/www.periodicoelapogeo.com.ar\/site\/la-casa-del-campo-pertenecia-a-la-senorita-lea-figallo\/#primaryimage\"},\"thumbnailUrl\":\"https:\/\/www.periodicoelapogeo.com.ar\/site\/wp-content\/uploads\/2025\/11\/HISTORIA-DERQUINA-rotated.jpg\",\"keywords\":[\"casa de campo\",\"Cuentos\",\"Derqui\",\"historias\"],\"articleSection\":[\"Cultura al hombro\",\"Destacada\"],\"inLanguage\":\"es\"},{\"@type\":\"WebPage\",\"@id\":\"https:\/\/www.periodicoelapogeo.com.ar\/site\/la-casa-del-campo-pertenecia-a-la-senorita-lea-figallo\/\",\"url\":\"https:\/\/www.periodicoelapogeo.com.ar\/site\/la-casa-del-campo-pertenecia-a-la-senorita-lea-figallo\/\",\"name\":\"La casa del campo pertenec\u00eda a la se\u00f1orita Lea Figallo - Peri\u00f3dico EL APOGEO\",\"isPartOf\":{\"@id\":\"https:\/\/www.periodicoelapogeo.com.ar\/site\/#website\"},\"primaryImageOfPage\":{\"@id\":\"https:\/\/www.periodicoelapogeo.com.ar\/site\/la-casa-del-campo-pertenecia-a-la-senorita-lea-figallo\/#primaryimage\"},\"image\":{\"@id\":\"https:\/\/www.periodicoelapogeo.com.ar\/site\/la-casa-del-campo-pertenecia-a-la-senorita-lea-figallo\/#primaryimage\"},\"thumbnailUrl\":\"https:\/\/www.periodicoelapogeo.com.ar\/site\/wp-content\/uploads\/2025\/11\/HISTORIA-DERQUINA-rotated.jpg\",\"datePublished\":\"2025-11-20T17:04:03+00:00\",\"dateModified\":\"2025-11-20T17:04:07+00:00\",\"breadcrumb\":{\"@id\":\"https:\/\/www.periodicoelapogeo.com.ar\/site\/la-casa-del-campo-pertenecia-a-la-senorita-lea-figallo\/#breadcrumb\"},\"inLanguage\":\"es\",\"potentialAction\":[{\"@type\":\"ReadAction\",\"target\":[\"https:\/\/www.periodicoelapogeo.com.ar\/site\/la-casa-del-campo-pertenecia-a-la-senorita-lea-figallo\/\"]}]},{\"@type\":\"ImageObject\",\"inLanguage\":\"es\",\"@id\":\"https:\/\/www.periodicoelapogeo.com.ar\/site\/la-casa-del-campo-pertenecia-a-la-senorita-lea-figallo\/#primaryimage\",\"url\":\"https:\/\/www.periodicoelapogeo.com.ar\/site\/wp-content\/uploads\/2025\/11\/HISTORIA-DERQUINA-rotated.jpg\",\"contentUrl\":\"https:\/\/www.periodicoelapogeo.com.ar\/site\/wp-content\/uploads\/2025\/11\/HISTORIA-DERQUINA-rotated.jpg\",\"width\":1600,\"height\":1200},{\"@type\":\"BreadcrumbList\",\"@id\":\"https:\/\/www.periodicoelapogeo.com.ar\/site\/la-casa-del-campo-pertenecia-a-la-senorita-lea-figallo\/#breadcrumb\",\"itemListElement\":[{\"@type\":\"ListItem\",\"position\":1,\"name\":\"Portada\",\"item\":\"https:\/\/www.periodicoelapogeo.com.ar\/site\/\"},{\"@type\":\"ListItem\",\"position\":2,\"name\":\"La casa del campo pertenec\u00eda a la se\u00f1orita Lea Figallo\"}]},{\"@type\":\"WebSite\",\"@id\":\"https:\/\/www.periodicoelapogeo.com.ar\/site\/#website\",\"url\":\"https:\/\/www.periodicoelapogeo.com.ar\/site\/\",\"name\":\"Peri\u00f3dico EL APOGEO\",\"description\":\"En Derqui, Del Viso, Mor\u00f3n y Pilar\",\"publisher\":{\"@id\":\"https:\/\/www.periodicoelapogeo.com.ar\/site\/#organization\"},\"potentialAction\":[{\"@type\":\"SearchAction\",\"target\":{\"@type\":\"EntryPoint\",\"urlTemplate\":\"https:\/\/www.periodicoelapogeo.com.ar\/site\/?s={search_term_string}\"},\"query-input\":{\"@type\":\"PropertyValueSpecification\",\"valueRequired\":true,\"valueName\":\"search_term_string\"}}],\"inLanguage\":\"es\"},{\"@type\":\"Organization\",\"@id\":\"https:\/\/www.periodicoelapogeo.com.ar\/site\/#organization\",\"name\":\"Peri\u00f3dico EL APOGEO\",\"url\":\"https:\/\/www.periodicoelapogeo.com.ar\/site\/\",\"logo\":{\"@type\":\"ImageObject\",\"inLanguage\":\"es\",\"@id\":\"https:\/\/www.periodicoelapogeo.com.ar\/site\/#\/schema\/logo\/image\/\",\"url\":\"https:\/\/www.periodicoelapogeo.com.ar\/site\/wp-content\/uploads\/2023\/03\/apogeo_logo.jpg\",\"contentUrl\":\"https:\/\/www.periodicoelapogeo.com.ar\/site\/wp-content\/uploads\/2023\/03\/apogeo_logo.jpg\",\"width\":400,\"height\":400,\"caption\":\"Peri\u00f3dico EL APOGEO\"},\"image\":{\"@id\":\"https:\/\/www.periodicoelapogeo.com.ar\/site\/#\/schema\/logo\/image\/\"},\"sameAs\":[\"https:\/\/www.facebook.com\/Peridico-El-Apogeo-348111616395\/\",\"https:\/\/x.com\/elapogeodiario\",\"https:\/\/instagram.com\/elapogeodiario\/\"]},{\"@type\":\"Person\",\"@id\":\"https:\/\/www.periodicoelapogeo.com.ar\/site\/#\/schema\/person\/d60bcb51884b850534948db8a28cae37\",\"name\":\"editor\",\"image\":{\"@type\":\"ImageObject\",\"inLanguage\":\"es\",\"@id\":\"https:\/\/www.periodicoelapogeo.com.ar\/site\/#\/schema\/person\/image\/\",\"url\":\"https:\/\/secure.gravatar.com\/avatar\/af59c81eb11459c33aba6d1ef1422b5c7b8acb4c120f6e1f99e75810f387565f?s=96&d=mm&r=g\",\"contentUrl\":\"https:\/\/secure.gravatar.com\/avatar\/af59c81eb11459c33aba6d1ef1422b5c7b8acb4c120f6e1f99e75810f387565f?s=96&d=mm&r=g\",\"caption\":\"editor\"},\"sameAs\":[\"http:\/\/periodicoelapogeo.com.ar\"],\"url\":\"https:\/\/www.periodicoelapogeo.com.ar\/site\/author\/victor\/\"}]}<\/script>\n<!-- \/ Yoast SEO plugin. -->","yoast_head_json":{"title":"La casa del campo pertenec\u00eda a la se\u00f1orita Lea Figallo - Peri\u00f3dico EL APOGEO","robots":{"index":"index","follow":"follow","max-snippet":"max-snippet:-1","max-image-preview":"max-image-preview:large","max-video-preview":"max-video-preview:-1"},"canonical":"https:\/\/www.periodicoelapogeo.com.ar\/site\/la-casa-del-campo-pertenecia-a-la-senorita-lea-figallo\/","og_locale":"es_ES","og_type":"article","og_title":"La casa del campo pertenec\u00eda a la se\u00f1orita Lea Figallo - Peri\u00f3dico EL APOGEO","og_description":"Por Maira Amarillo La casa, construida en 1720, cuenta con paredes gruesas, techos altos y un altillo que conduce a un mirador en la habitaci\u00f3n m\u00e1s alta. En el patio&hellip;","og_url":"https:\/\/www.periodicoelapogeo.com.ar\/site\/la-casa-del-campo-pertenecia-a-la-senorita-lea-figallo\/","og_site_name":"Peri\u00f3dico EL APOGEO","article_publisher":"https:\/\/www.facebook.com\/Peridico-El-Apogeo-348111616395\/","article_published_time":"2025-11-20T17:04:03+00:00","article_modified_time":"2025-11-20T17:04:07+00:00","og_image":[{"width":1600,"height":1200,"url":"https:\/\/www.periodicoelapogeo.com.ar\/site\/wp-content\/uploads\/2025\/11\/HISTORIA-DERQUINA-rotated.jpg","type":"image\/jpeg"}],"author":"editor","twitter_card":"summary_large_image","twitter_creator":"@elapogeodiario","twitter_site":"@elapogeodiario","twitter_misc":{"Escrito por":"editor","Tiempo de lectura":"2 minutos"},"schema":{"@context":"https:\/\/schema.org","@graph":[{"@type":"Article","@id":"https:\/\/www.periodicoelapogeo.com.ar\/site\/la-casa-del-campo-pertenecia-a-la-senorita-lea-figallo\/#article","isPartOf":{"@id":"https:\/\/www.periodicoelapogeo.com.ar\/site\/la-casa-del-campo-pertenecia-a-la-senorita-lea-figallo\/"},"author":{"name":"editor","@id":"https:\/\/www.periodicoelapogeo.com.ar\/site\/#\/schema\/person\/d60bcb51884b850534948db8a28cae37"},"headline":"La casa del campo pertenec\u00eda a la se\u00f1orita Lea Figallo","datePublished":"2025-11-20T17:04:03+00:00","dateModified":"2025-11-20T17:04:07+00:00","mainEntityOfPage":{"@id":"https:\/\/www.periodicoelapogeo.com.ar\/site\/la-casa-del-campo-pertenecia-a-la-senorita-lea-figallo\/"},"wordCount":327,"publisher":{"@id":"https:\/\/www.periodicoelapogeo.com.ar\/site\/#organization"},"image":{"@id":"https:\/\/www.periodicoelapogeo.com.ar\/site\/la-casa-del-campo-pertenecia-a-la-senorita-lea-figallo\/#primaryimage"},"thumbnailUrl":"https:\/\/www.periodicoelapogeo.com.ar\/site\/wp-content\/uploads\/2025\/11\/HISTORIA-DERQUINA-rotated.jpg","keywords":["casa de campo","Cuentos","Derqui","historias"],"articleSection":["Cultura al hombro","Destacada"],"inLanguage":"es"},{"@type":"WebPage","@id":"https:\/\/www.periodicoelapogeo.com.ar\/site\/la-casa-del-campo-pertenecia-a-la-senorita-lea-figallo\/","url":"https:\/\/www.periodicoelapogeo.com.ar\/site\/la-casa-del-campo-pertenecia-a-la-senorita-lea-figallo\/","name":"La casa del campo pertenec\u00eda a la se\u00f1orita Lea Figallo - Peri\u00f3dico EL APOGEO","isPartOf":{"@id":"https:\/\/www.periodicoelapogeo.com.ar\/site\/#website"},"primaryImageOfPage":{"@id":"https:\/\/www.periodicoelapogeo.com.ar\/site\/la-casa-del-campo-pertenecia-a-la-senorita-lea-figallo\/#primaryimage"},"image":{"@id":"https:\/\/www.periodicoelapogeo.com.ar\/site\/la-casa-del-campo-pertenecia-a-la-senorita-lea-figallo\/#primaryimage"},"thumbnailUrl":"https:\/\/www.periodicoelapogeo.com.ar\/site\/wp-content\/uploads\/2025\/11\/HISTORIA-DERQUINA-rotated.jpg","datePublished":"2025-11-20T17:04:03+00:00","dateModified":"2025-11-20T17:04:07+00:00","breadcrumb":{"@id":"https:\/\/www.periodicoelapogeo.com.ar\/site\/la-casa-del-campo-pertenecia-a-la-senorita-lea-figallo\/#breadcrumb"},"inLanguage":"es","potentialAction":[{"@type":"ReadAction","target":["https:\/\/www.periodicoelapogeo.com.ar\/site\/la-casa-del-campo-pertenecia-a-la-senorita-lea-figallo\/"]}]},{"@type":"ImageObject","inLanguage":"es","@id":"https:\/\/www.periodicoelapogeo.com.ar\/site\/la-casa-del-campo-pertenecia-a-la-senorita-lea-figallo\/#primaryimage","url":"https:\/\/www.periodicoelapogeo.com.ar\/site\/wp-content\/uploads\/2025\/11\/HISTORIA-DERQUINA-rotated.jpg","contentUrl":"https:\/\/www.periodicoelapogeo.com.ar\/site\/wp-content\/uploads\/2025\/11\/HISTORIA-DERQUINA-rotated.jpg","width":1600,"height":1200},{"@type":"BreadcrumbList","@id":"https:\/\/www.periodicoelapogeo.com.ar\/site\/la-casa-del-campo-pertenecia-a-la-senorita-lea-figallo\/#breadcrumb","itemListElement":[{"@type":"ListItem","position":1,"name":"Portada","item":"https:\/\/www.periodicoelapogeo.com.ar\/site\/"},{"@type":"ListItem","position":2,"name":"La casa del campo pertenec\u00eda a la se\u00f1orita Lea Figallo"}]},{"@type":"WebSite","@id":"https:\/\/www.periodicoelapogeo.com.ar\/site\/#website","url":"https:\/\/www.periodicoelapogeo.com.ar\/site\/","name":"Peri\u00f3dico EL APOGEO","description":"En Derqui, Del Viso, Mor\u00f3n y Pilar","publisher":{"@id":"https:\/\/www.periodicoelapogeo.com.ar\/site\/#organization"},"potentialAction":[{"@type":"SearchAction","target":{"@type":"EntryPoint","urlTemplate":"https:\/\/www.periodicoelapogeo.com.ar\/site\/?s={search_term_string}"},"query-input":{"@type":"PropertyValueSpecification","valueRequired":true,"valueName":"search_term_string"}}],"inLanguage":"es"},{"@type":"Organization","@id":"https:\/\/www.periodicoelapogeo.com.ar\/site\/#organization","name":"Peri\u00f3dico EL APOGEO","url":"https:\/\/www.periodicoelapogeo.com.ar\/site\/","logo":{"@type":"ImageObject","inLanguage":"es","@id":"https:\/\/www.periodicoelapogeo.com.ar\/site\/#\/schema\/logo\/image\/","url":"https:\/\/www.periodicoelapogeo.com.ar\/site\/wp-content\/uploads\/2023\/03\/apogeo_logo.jpg","contentUrl":"https:\/\/www.periodicoelapogeo.com.ar\/site\/wp-content\/uploads\/2023\/03\/apogeo_logo.jpg","width":400,"height":400,"caption":"Peri\u00f3dico EL APOGEO"},"image":{"@id":"https:\/\/www.periodicoelapogeo.com.ar\/site\/#\/schema\/logo\/image\/"},"sameAs":["https:\/\/www.facebook.com\/Peridico-El-Apogeo-348111616395\/","https:\/\/x.com\/elapogeodiario","https:\/\/instagram.com\/elapogeodiario\/"]},{"@type":"Person","@id":"https:\/\/www.periodicoelapogeo.com.ar\/site\/#\/schema\/person\/d60bcb51884b850534948db8a28cae37","name":"editor","image":{"@type":"ImageObject","inLanguage":"es","@id":"https:\/\/www.periodicoelapogeo.com.ar\/site\/#\/schema\/person\/image\/","url":"https:\/\/secure.gravatar.com\/avatar\/af59c81eb11459c33aba6d1ef1422b5c7b8acb4c120f6e1f99e75810f387565f?s=96&d=mm&r=g","contentUrl":"https:\/\/secure.gravatar.com\/avatar\/af59c81eb11459c33aba6d1ef1422b5c7b8acb4c120f6e1f99e75810f387565f?s=96&d=mm&r=g","caption":"editor"},"sameAs":["http:\/\/periodicoelapogeo.com.ar"],"url":"https:\/\/www.periodicoelapogeo.com.ar\/site\/author\/victor\/"}]}},"_links":{"self":[{"href":"https:\/\/www.periodicoelapogeo.com.ar\/site\/wp-json\/wp\/v2\/posts\/30771","targetHints":{"allow":["GET"]}}],"collection":[{"href":"https:\/\/www.periodicoelapogeo.com.ar\/site\/wp-json\/wp\/v2\/posts"}],"about":[{"href":"https:\/\/www.periodicoelapogeo.com.ar\/site\/wp-json\/wp\/v2\/types\/post"}],"author":[{"embeddable":true,"href":"https:\/\/www.periodicoelapogeo.com.ar\/site\/wp-json\/wp\/v2\/users\/2"}],"replies":[{"embeddable":true,"href":"https:\/\/www.periodicoelapogeo.com.ar\/site\/wp-json\/wp\/v2\/comments?post=30771"}],"version-history":[{"count":1,"href":"https:\/\/www.periodicoelapogeo.com.ar\/site\/wp-json\/wp\/v2\/posts\/30771\/revisions"}],"predecessor-version":[{"id":30774,"href":"https:\/\/www.periodicoelapogeo.com.ar\/site\/wp-json\/wp\/v2\/posts\/30771\/revisions\/30774"}],"wp:featuredmedia":[{"embeddable":true,"href":"https:\/\/www.periodicoelapogeo.com.ar\/site\/wp-json\/wp\/v2\/media\/30773"}],"wp:attachment":[{"href":"https:\/\/www.periodicoelapogeo.com.ar\/site\/wp-json\/wp\/v2\/media?parent=30771"}],"wp:term":[{"taxonomy":"category","embeddable":true,"href":"https:\/\/www.periodicoelapogeo.com.ar\/site\/wp-json\/wp\/v2\/categories?post=30771"},{"taxonomy":"post_tag","embeddable":true,"href":"https:\/\/www.periodicoelapogeo.com.ar\/site\/wp-json\/wp\/v2\/tags?post=30771"}],"curies":[{"name":"wp","href":"https:\/\/api.w.org\/{rel}","templated":true}]}}