{"id":31064,"date":"2026-01-28T11:51:53","date_gmt":"2026-01-28T14:51:53","guid":{"rendered":"https:\/\/www.periodicoelapogeo.com.ar\/site\/?p=31064"},"modified":"2026-01-28T11:51:53","modified_gmt":"2026-01-28T14:51:53","slug":"en-la-noche-las-llamas","status":"publish","type":"post","link":"https:\/\/www.periodicoelapogeo.com.ar\/site\/en-la-noche-las-llamas\/","title":{"rendered":"En la noche, las llamas"},"content":{"rendered":"\n<p>por Luisa Soto*<\/p>\n\n\n\n<figure class=\"wp-block-image size-full\"><img fetchpriority=\"high\" decoding=\"async\" width=\"938\" height=\"624\" src=\"https:\/\/www.periodicoelapogeo.com.ar\/site\/wp-content\/uploads\/2026\/01\/LUISA-SOTO.jpg\" alt=\"\" class=\"wp-image-31065\" srcset=\"https:\/\/www.periodicoelapogeo.com.ar\/site\/wp-content\/uploads\/2026\/01\/LUISA-SOTO.jpg 938w, https:\/\/www.periodicoelapogeo.com.ar\/site\/wp-content\/uploads\/2026\/01\/LUISA-SOTO-320x213.jpg 320w, https:\/\/www.periodicoelapogeo.com.ar\/site\/wp-content\/uploads\/2026\/01\/LUISA-SOTO-768x511.jpg 768w\" sizes=\"(max-width: 938px) 100vw, 938px\" \/><figcaption class=\"wp-element-caption\">Luisa Soto es pintora, escultora y escritora. Pueden encontrar su libro Cada tanto el viento (El Bodeg\u00f3n Ediciones, 2023) en el siguiente link: <a href=\"https:\/\/libreriaelbodegon.mitiendanube.com\/productos\/cada-tanto-el-viento\/\" type=\"link\" id=\"https:\/\/libreriaelbodegon.mitiendanube.com\/productos\/cada-tanto-el-viento\/\">https:\/\/libreriaelbodegon.mitiendanube.com\/productos\/cada-tanto-el-viento\/<\/a><\/figcaption><\/figure>\n\n\n\n<p style=\"font-size:16px\">\u00bfSe cerrar\u00e1n las compuertas del odio?<\/p>\n\n\n\n<p style=\"font-size:16px\">El futuro, incierto&#8230; Fuego que apaga las estrellas. Llueven chispas de muerte&#8230;<\/p>\n\n\n\n<p style=\"font-size:16px\">Alaridos, gritos. Silencio. Indiferencia. Ausencia. Niebla sin sol.<\/p>\n\n\n\n<p style=\"font-size:16px\">Llorar polvo, llorar ceniza.<\/p>\n\n\n\n<p style=\"font-size:16px\">Qui\u00e9n podr\u00e1 decir \u201coto\u00f1o\u201d si el horizonte es un vac\u00edo, si no hay hojas rasgando el aire, cayendo, hilvanando cielo y tierra con sus puntadas de color.<\/p>\n\n\n\n<p style=\"font-size:16px\">\u00bfCruzar\u00e1n los p\u00e1jaros la inmensidad? \u00bfSer\u00e1 cielo sin \u00e1rboles?&nbsp;&nbsp;<\/p>\n\n\n\n<p style=\"font-size:16px\">Ser\u00e1 solo silencio.<\/p>\n\n\n\n<p style=\"font-size:16px\">\u00bfQui\u00e9n guardar\u00e1 el paso del tiempo? \u00bfQui\u00e9n cantar\u00e1 entre las piedras?&#8230;<\/p>\n\n\n\n<p style=\"font-size:16px\">No llorar polvo y ceniza&#8230;<\/p>\n\n\n\n<p style=\"font-size:16px\">\u00a1No!<\/p>\n\n\n\n<p style=\"font-size:16px\">\u00a1Juntar las manos! Todas las manos para impedir las ramas quebradas, para impedir las ramas quemadas.<\/p>\n\n\n\n<p style=\"font-size:16px\">Juntar las manos\u2026 \u00a1Todas! Que nuestra voz y la voz del bosque sean solo una.<\/p>\n\n\n\n<p style=\"font-size:16px\">Porque si no\u2026 \u00bfAmanecer\u00e1 ma\u00f1ana? Amanecer\u00e1 sin abejas ni flores.<\/p>\n\n\n\n<p style=\"font-size:16px\">\u00bfAmanecer\u00e1 sin \u00e1rboles?<\/p>\n\n\n\n<p style=\"font-size:16px\">\u00bfCerrar\u00e1n las compuertas del odio?<\/p>\n\n\n\n<p style=\"font-size:16px\">Comprender\u00e1n que estos \u00e1rboles no los ver\u00e1n nuestros ni\u00f1os, no los ver\u00e1n nuestros nietos.<\/p>\n\n\n\n<p style=\"font-size:16px\">\u00bfQui\u00e9n, entonces, podr\u00e1 escuchar la canci\u00f3n del bosque?<\/p>\n\n\n\n<p style=\"font-size:16px\">Est\u00e1n quemando nuestra alma en este fuego, han escupido ese aliento de ceniza, de odio y desprecio para apagar nuestros corazones&#8230;<\/p>\n\n\n\n<p style=\"font-size:16px\">\u00a1Unamos nuestras manos!<\/p>\n\n\n\n<p style=\"font-size:16px\">No seamos un futuro gris de siluetas sombr\u00edas buscando refugio sin encontrar d\u00f3nde. \u00a1Unamos nuestras manos!<\/p>\n","protected":false},"excerpt":{"rendered":"<p>por Luisa Soto* \u00bfSe cerrar\u00e1n las compuertas del odio? El futuro, incierto&#8230; Fuego que apaga las estrellas. Llueven chispas de muerte&#8230; Alaridos, gritos. Silencio. Indiferencia. Ausencia. Niebla sin sol. Llorar&hellip; <\/p>\n","protected":false},"author":2,"featured_media":31066,"comment_status":"closed","ping_status":"open","sticky":false,"template":"","format":"standard","meta":{"footnotes":""},"categories":[47,170],"tags":[10,407,1695,4397,127],"class_list":["post-31064","post","type-post","status-publish","format-standard","has-post-thumbnail","hentry","category-cultura-al-hombro","category-importante","tag-cultura","tag-el-bodegon-ediciones","tag-libreria-el-bodegon","tag-luisa-soto","tag-poesia"],"yoast_head":"<!-- This site is optimized with the Yoast SEO plugin v26.8 - https:\/\/yoast.com\/product\/yoast-seo-wordpress\/ -->\n<title>En la noche, las llamas - Peri\u00f3dico EL APOGEO<\/title>\n<meta name=\"robots\" content=\"index, follow, max-snippet:-1, max-image-preview:large, max-video-preview:-1\" \/>\n<link rel=\"canonical\" href=\"https:\/\/www.periodicoelapogeo.com.ar\/site\/en-la-noche-las-llamas\/\" \/>\n<meta property=\"og:locale\" content=\"es_ES\" \/>\n<meta property=\"og:type\" content=\"article\" \/>\n<meta property=\"og:title\" content=\"En la noche, las llamas - Peri\u00f3dico EL APOGEO\" \/>\n<meta property=\"og:description\" content=\"por Luisa Soto* \u00bfSe cerrar\u00e1n las compuertas del odio? El futuro, incierto&#8230; Fuego que apaga las estrellas. Llueven chispas de muerte&#8230; Alaridos, gritos. Silencio. Indiferencia. Ausencia. Niebla sin sol. Llorar&hellip;\" \/>\n<meta property=\"og:url\" content=\"https:\/\/www.periodicoelapogeo.com.ar\/site\/en-la-noche-las-llamas\/\" \/>\n<meta property=\"og:site_name\" content=\"Peri\u00f3dico EL APOGEO\" \/>\n<meta property=\"article:publisher\" content=\"https:\/\/www.facebook.com\/Peridico-El-Apogeo-348111616395\/\" \/>\n<meta property=\"article:published_time\" content=\"2026-01-28T14:51:53+00:00\" \/>\n<meta property=\"og:image\" content=\"https:\/\/www.periodicoelapogeo.com.ar\/site\/wp-content\/uploads\/2026\/01\/WhatsApp-Image-2026-01-28-at-10.19.59.jpeg\" \/>\n\t<meta property=\"og:image:width\" content=\"1280\" \/>\n\t<meta property=\"og:image:height\" content=\"800\" \/>\n\t<meta property=\"og:image:type\" content=\"image\/jpeg\" \/>\n<meta name=\"author\" content=\"editor\" \/>\n<meta name=\"twitter:card\" content=\"summary_large_image\" \/>\n<meta name=\"twitter:creator\" content=\"@elapogeodiario\" \/>\n<meta name=\"twitter:site\" content=\"@elapogeodiario\" \/>\n<meta name=\"twitter:label1\" content=\"Escrito por\" \/>\n\t<meta name=\"twitter:data1\" content=\"editor\" \/>\n\t<meta name=\"twitter:label2\" content=\"Tiempo de lectura\" \/>\n\t<meta name=\"twitter:data2\" content=\"2 minutos\" \/>\n<script type=\"application\/ld+json\" class=\"yoast-schema-graph\">{\"@context\":\"https:\/\/schema.org\",\"@graph\":[{\"@type\":\"Article\",\"@id\":\"https:\/\/www.periodicoelapogeo.com.ar\/site\/en-la-noche-las-llamas\/#article\",\"isPartOf\":{\"@id\":\"https:\/\/www.periodicoelapogeo.com.ar\/site\/en-la-noche-las-llamas\/\"},\"author\":{\"name\":\"editor\",\"@id\":\"https:\/\/www.periodicoelapogeo.com.ar\/site\/#\/schema\/person\/d60bcb51884b850534948db8a28cae37\"},\"headline\":\"En la noche, las llamas\",\"datePublished\":\"2026-01-28T14:51:53+00:00\",\"mainEntityOfPage\":{\"@id\":\"https:\/\/www.periodicoelapogeo.com.ar\/site\/en-la-noche-las-llamas\/\"},\"wordCount\":255,\"publisher\":{\"@id\":\"https:\/\/www.periodicoelapogeo.com.ar\/site\/#organization\"},\"image\":{\"@id\":\"https:\/\/www.periodicoelapogeo.com.ar\/site\/en-la-noche-las-llamas\/#primaryimage\"},\"thumbnailUrl\":\"https:\/\/www.periodicoelapogeo.com.ar\/site\/wp-content\/uploads\/2026\/01\/WhatsApp-Image-2026-01-28-at-10.19.59.jpeg\",\"keywords\":[\"Cultura\",\"El Bodeg\u00f3n Ediciones\",\"Librer\u00eda El Bodeg\u00f3n\",\"Luisa Soto\",\"poes\u00eda\"],\"articleSection\":[\"Cultura al hombro\",\"Importante\"],\"inLanguage\":\"es\"},{\"@type\":\"WebPage\",\"@id\":\"https:\/\/www.periodicoelapogeo.com.ar\/site\/en-la-noche-las-llamas\/\",\"url\":\"https:\/\/www.periodicoelapogeo.com.ar\/site\/en-la-noche-las-llamas\/\",\"name\":\"En la noche, las llamas - Peri\u00f3dico EL APOGEO\",\"isPartOf\":{\"@id\":\"https:\/\/www.periodicoelapogeo.com.ar\/site\/#website\"},\"primaryImageOfPage\":{\"@id\":\"https:\/\/www.periodicoelapogeo.com.ar\/site\/en-la-noche-las-llamas\/#primaryimage\"},\"image\":{\"@id\":\"https:\/\/www.periodicoelapogeo.com.ar\/site\/en-la-noche-las-llamas\/#primaryimage\"},\"thumbnailUrl\":\"https:\/\/www.periodicoelapogeo.com.ar\/site\/wp-content\/uploads\/2026\/01\/WhatsApp-Image-2026-01-28-at-10.19.59.jpeg\",\"datePublished\":\"2026-01-28T14:51:53+00:00\",\"breadcrumb\":{\"@id\":\"https:\/\/www.periodicoelapogeo.com.ar\/site\/en-la-noche-las-llamas\/#breadcrumb\"},\"inLanguage\":\"es\",\"potentialAction\":[{\"@type\":\"ReadAction\",\"target\":[\"https:\/\/www.periodicoelapogeo.com.ar\/site\/en-la-noche-las-llamas\/\"]}]},{\"@type\":\"ImageObject\",\"inLanguage\":\"es\",\"@id\":\"https:\/\/www.periodicoelapogeo.com.ar\/site\/en-la-noche-las-llamas\/#primaryimage\",\"url\":\"https:\/\/www.periodicoelapogeo.com.ar\/site\/wp-content\/uploads\/2026\/01\/WhatsApp-Image-2026-01-28-at-10.19.59.jpeg\",\"contentUrl\":\"https:\/\/www.periodicoelapogeo.com.ar\/site\/wp-content\/uploads\/2026\/01\/WhatsApp-Image-2026-01-28-at-10.19.59.jpeg\",\"width\":1280,\"height\":800},{\"@type\":\"BreadcrumbList\",\"@id\":\"https:\/\/www.periodicoelapogeo.com.ar\/site\/en-la-noche-las-llamas\/#breadcrumb\",\"itemListElement\":[{\"@type\":\"ListItem\",\"position\":1,\"name\":\"Portada\",\"item\":\"https:\/\/www.periodicoelapogeo.com.ar\/site\/\"},{\"@type\":\"ListItem\",\"position\":2,\"name\":\"En la noche, las llamas\"}]},{\"@type\":\"WebSite\",\"@id\":\"https:\/\/www.periodicoelapogeo.com.ar\/site\/#website\",\"url\":\"https:\/\/www.periodicoelapogeo.com.ar\/site\/\",\"name\":\"Peri\u00f3dico EL APOGEO\",\"description\":\"En Derqui, Del Viso, Mor\u00f3n y Pilar\",\"publisher\":{\"@id\":\"https:\/\/www.periodicoelapogeo.com.ar\/site\/#organization\"},\"potentialAction\":[{\"@type\":\"SearchAction\",\"target\":{\"@type\":\"EntryPoint\",\"urlTemplate\":\"https:\/\/www.periodicoelapogeo.com.ar\/site\/?s={search_term_string}\"},\"query-input\":{\"@type\":\"PropertyValueSpecification\",\"valueRequired\":true,\"valueName\":\"search_term_string\"}}],\"inLanguage\":\"es\"},{\"@type\":\"Organization\",\"@id\":\"https:\/\/www.periodicoelapogeo.com.ar\/site\/#organization\",\"name\":\"Peri\u00f3dico EL APOGEO\",\"url\":\"https:\/\/www.periodicoelapogeo.com.ar\/site\/\",\"logo\":{\"@type\":\"ImageObject\",\"inLanguage\":\"es\",\"@id\":\"https:\/\/www.periodicoelapogeo.com.ar\/site\/#\/schema\/logo\/image\/\",\"url\":\"https:\/\/www.periodicoelapogeo.com.ar\/site\/wp-content\/uploads\/2023\/03\/apogeo_logo.jpg\",\"contentUrl\":\"https:\/\/www.periodicoelapogeo.com.ar\/site\/wp-content\/uploads\/2023\/03\/apogeo_logo.jpg\",\"width\":400,\"height\":400,\"caption\":\"Peri\u00f3dico EL APOGEO\"},\"image\":{\"@id\":\"https:\/\/www.periodicoelapogeo.com.ar\/site\/#\/schema\/logo\/image\/\"},\"sameAs\":[\"https:\/\/www.facebook.com\/Peridico-El-Apogeo-348111616395\/\",\"https:\/\/x.com\/elapogeodiario\",\"https:\/\/instagram.com\/elapogeodiario\/\"]},{\"@type\":\"Person\",\"@id\":\"https:\/\/www.periodicoelapogeo.com.ar\/site\/#\/schema\/person\/d60bcb51884b850534948db8a28cae37\",\"name\":\"editor\",\"image\":{\"@type\":\"ImageObject\",\"inLanguage\":\"es\",\"@id\":\"https:\/\/www.periodicoelapogeo.com.ar\/site\/#\/schema\/person\/image\/\",\"url\":\"https:\/\/secure.gravatar.com\/avatar\/af59c81eb11459c33aba6d1ef1422b5c7b8acb4c120f6e1f99e75810f387565f?s=96&d=mm&r=g\",\"contentUrl\":\"https:\/\/secure.gravatar.com\/avatar\/af59c81eb11459c33aba6d1ef1422b5c7b8acb4c120f6e1f99e75810f387565f?s=96&d=mm&r=g\",\"caption\":\"editor\"},\"sameAs\":[\"http:\/\/periodicoelapogeo.com.ar\"],\"url\":\"https:\/\/www.periodicoelapogeo.com.ar\/site\/author\/victor\/\"}]}<\/script>\n<!-- \/ Yoast SEO plugin. -->","yoast_head_json":{"title":"En la noche, las llamas - Peri\u00f3dico EL APOGEO","robots":{"index":"index","follow":"follow","max-snippet":"max-snippet:-1","max-image-preview":"max-image-preview:large","max-video-preview":"max-video-preview:-1"},"canonical":"https:\/\/www.periodicoelapogeo.com.ar\/site\/en-la-noche-las-llamas\/","og_locale":"es_ES","og_type":"article","og_title":"En la noche, las llamas - Peri\u00f3dico EL APOGEO","og_description":"por Luisa Soto* \u00bfSe cerrar\u00e1n las compuertas del odio? El futuro, incierto&#8230; Fuego que apaga las estrellas. Llueven chispas de muerte&#8230; Alaridos, gritos. Silencio. Indiferencia. Ausencia. Niebla sin sol. Llorar&hellip;","og_url":"https:\/\/www.periodicoelapogeo.com.ar\/site\/en-la-noche-las-llamas\/","og_site_name":"Peri\u00f3dico EL APOGEO","article_publisher":"https:\/\/www.facebook.com\/Peridico-El-Apogeo-348111616395\/","article_published_time":"2026-01-28T14:51:53+00:00","og_image":[{"width":1280,"height":800,"url":"https:\/\/www.periodicoelapogeo.com.ar\/site\/wp-content\/uploads\/2026\/01\/WhatsApp-Image-2026-01-28-at-10.19.59.jpeg","type":"image\/jpeg"}],"author":"editor","twitter_card":"summary_large_image","twitter_creator":"@elapogeodiario","twitter_site":"@elapogeodiario","twitter_misc":{"Escrito por":"editor","Tiempo de lectura":"2 minutos"},"schema":{"@context":"https:\/\/schema.org","@graph":[{"@type":"Article","@id":"https:\/\/www.periodicoelapogeo.com.ar\/site\/en-la-noche-las-llamas\/#article","isPartOf":{"@id":"https:\/\/www.periodicoelapogeo.com.ar\/site\/en-la-noche-las-llamas\/"},"author":{"name":"editor","@id":"https:\/\/www.periodicoelapogeo.com.ar\/site\/#\/schema\/person\/d60bcb51884b850534948db8a28cae37"},"headline":"En la noche, las llamas","datePublished":"2026-01-28T14:51:53+00:00","mainEntityOfPage":{"@id":"https:\/\/www.periodicoelapogeo.com.ar\/site\/en-la-noche-las-llamas\/"},"wordCount":255,"publisher":{"@id":"https:\/\/www.periodicoelapogeo.com.ar\/site\/#organization"},"image":{"@id":"https:\/\/www.periodicoelapogeo.com.ar\/site\/en-la-noche-las-llamas\/#primaryimage"},"thumbnailUrl":"https:\/\/www.periodicoelapogeo.com.ar\/site\/wp-content\/uploads\/2026\/01\/WhatsApp-Image-2026-01-28-at-10.19.59.jpeg","keywords":["Cultura","El Bodeg\u00f3n Ediciones","Librer\u00eda El Bodeg\u00f3n","Luisa Soto","poes\u00eda"],"articleSection":["Cultura al hombro","Importante"],"inLanguage":"es"},{"@type":"WebPage","@id":"https:\/\/www.periodicoelapogeo.com.ar\/site\/en-la-noche-las-llamas\/","url":"https:\/\/www.periodicoelapogeo.com.ar\/site\/en-la-noche-las-llamas\/","name":"En la noche, las llamas - Peri\u00f3dico EL APOGEO","isPartOf":{"@id":"https:\/\/www.periodicoelapogeo.com.ar\/site\/#website"},"primaryImageOfPage":{"@id":"https:\/\/www.periodicoelapogeo.com.ar\/site\/en-la-noche-las-llamas\/#primaryimage"},"image":{"@id":"https:\/\/www.periodicoelapogeo.com.ar\/site\/en-la-noche-las-llamas\/#primaryimage"},"thumbnailUrl":"https:\/\/www.periodicoelapogeo.com.ar\/site\/wp-content\/uploads\/2026\/01\/WhatsApp-Image-2026-01-28-at-10.19.59.jpeg","datePublished":"2026-01-28T14:51:53+00:00","breadcrumb":{"@id":"https:\/\/www.periodicoelapogeo.com.ar\/site\/en-la-noche-las-llamas\/#breadcrumb"},"inLanguage":"es","potentialAction":[{"@type":"ReadAction","target":["https:\/\/www.periodicoelapogeo.com.ar\/site\/en-la-noche-las-llamas\/"]}]},{"@type":"ImageObject","inLanguage":"es","@id":"https:\/\/www.periodicoelapogeo.com.ar\/site\/en-la-noche-las-llamas\/#primaryimage","url":"https:\/\/www.periodicoelapogeo.com.ar\/site\/wp-content\/uploads\/2026\/01\/WhatsApp-Image-2026-01-28-at-10.19.59.jpeg","contentUrl":"https:\/\/www.periodicoelapogeo.com.ar\/site\/wp-content\/uploads\/2026\/01\/WhatsApp-Image-2026-01-28-at-10.19.59.jpeg","width":1280,"height":800},{"@type":"BreadcrumbList","@id":"https:\/\/www.periodicoelapogeo.com.ar\/site\/en-la-noche-las-llamas\/#breadcrumb","itemListElement":[{"@type":"ListItem","position":1,"name":"Portada","item":"https:\/\/www.periodicoelapogeo.com.ar\/site\/"},{"@type":"ListItem","position":2,"name":"En la noche, las llamas"}]},{"@type":"WebSite","@id":"https:\/\/www.periodicoelapogeo.com.ar\/site\/#website","url":"https:\/\/www.periodicoelapogeo.com.ar\/site\/","name":"Peri\u00f3dico EL APOGEO","description":"En Derqui, Del Viso, Mor\u00f3n y Pilar","publisher":{"@id":"https:\/\/www.periodicoelapogeo.com.ar\/site\/#organization"},"potentialAction":[{"@type":"SearchAction","target":{"@type":"EntryPoint","urlTemplate":"https:\/\/www.periodicoelapogeo.com.ar\/site\/?s={search_term_string}"},"query-input":{"@type":"PropertyValueSpecification","valueRequired":true,"valueName":"search_term_string"}}],"inLanguage":"es"},{"@type":"Organization","@id":"https:\/\/www.periodicoelapogeo.com.ar\/site\/#organization","name":"Peri\u00f3dico EL APOGEO","url":"https:\/\/www.periodicoelapogeo.com.ar\/site\/","logo":{"@type":"ImageObject","inLanguage":"es","@id":"https:\/\/www.periodicoelapogeo.com.ar\/site\/#\/schema\/logo\/image\/","url":"https:\/\/www.periodicoelapogeo.com.ar\/site\/wp-content\/uploads\/2023\/03\/apogeo_logo.jpg","contentUrl":"https:\/\/www.periodicoelapogeo.com.ar\/site\/wp-content\/uploads\/2023\/03\/apogeo_logo.jpg","width":400,"height":400,"caption":"Peri\u00f3dico EL APOGEO"},"image":{"@id":"https:\/\/www.periodicoelapogeo.com.ar\/site\/#\/schema\/logo\/image\/"},"sameAs":["https:\/\/www.facebook.com\/Peridico-El-Apogeo-348111616395\/","https:\/\/x.com\/elapogeodiario","https:\/\/instagram.com\/elapogeodiario\/"]},{"@type":"Person","@id":"https:\/\/www.periodicoelapogeo.com.ar\/site\/#\/schema\/person\/d60bcb51884b850534948db8a28cae37","name":"editor","image":{"@type":"ImageObject","inLanguage":"es","@id":"https:\/\/www.periodicoelapogeo.com.ar\/site\/#\/schema\/person\/image\/","url":"https:\/\/secure.gravatar.com\/avatar\/af59c81eb11459c33aba6d1ef1422b5c7b8acb4c120f6e1f99e75810f387565f?s=96&d=mm&r=g","contentUrl":"https:\/\/secure.gravatar.com\/avatar\/af59c81eb11459c33aba6d1ef1422b5c7b8acb4c120f6e1f99e75810f387565f?s=96&d=mm&r=g","caption":"editor"},"sameAs":["http:\/\/periodicoelapogeo.com.ar"],"url":"https:\/\/www.periodicoelapogeo.com.ar\/site\/author\/victor\/"}]}},"_links":{"self":[{"href":"https:\/\/www.periodicoelapogeo.com.ar\/site\/wp-json\/wp\/v2\/posts\/31064","targetHints":{"allow":["GET"]}}],"collection":[{"href":"https:\/\/www.periodicoelapogeo.com.ar\/site\/wp-json\/wp\/v2\/posts"}],"about":[{"href":"https:\/\/www.periodicoelapogeo.com.ar\/site\/wp-json\/wp\/v2\/types\/post"}],"author":[{"embeddable":true,"href":"https:\/\/www.periodicoelapogeo.com.ar\/site\/wp-json\/wp\/v2\/users\/2"}],"replies":[{"embeddable":true,"href":"https:\/\/www.periodicoelapogeo.com.ar\/site\/wp-json\/wp\/v2\/comments?post=31064"}],"version-history":[{"count":1,"href":"https:\/\/www.periodicoelapogeo.com.ar\/site\/wp-json\/wp\/v2\/posts\/31064\/revisions"}],"predecessor-version":[{"id":31067,"href":"https:\/\/www.periodicoelapogeo.com.ar\/site\/wp-json\/wp\/v2\/posts\/31064\/revisions\/31067"}],"wp:featuredmedia":[{"embeddable":true,"href":"https:\/\/www.periodicoelapogeo.com.ar\/site\/wp-json\/wp\/v2\/media\/31066"}],"wp:attachment":[{"href":"https:\/\/www.periodicoelapogeo.com.ar\/site\/wp-json\/wp\/v2\/media?parent=31064"}],"wp:term":[{"taxonomy":"category","embeddable":true,"href":"https:\/\/www.periodicoelapogeo.com.ar\/site\/wp-json\/wp\/v2\/categories?post=31064"},{"taxonomy":"post_tag","embeddable":true,"href":"https:\/\/www.periodicoelapogeo.com.ar\/site\/wp-json\/wp\/v2\/tags?post=31064"}],"curies":[{"name":"wp","href":"https:\/\/api.w.org\/{rel}","templated":true}]}}