{"id":31443,"date":"2026-04-29T09:51:29","date_gmt":"2026-04-29T12:51:29","guid":{"rendered":"https:\/\/www.periodicoelapogeo.com.ar\/site\/?p=31443"},"modified":"2026-04-29T09:51:31","modified_gmt":"2026-04-29T12:51:31","slug":"en-el-dia-internacional-del-libro-el-bodegon-ediciones-participo-de-la-apertura-de-la-50-feria-del-libro-de-buenos-aires","status":"publish","type":"post","link":"https:\/\/www.periodicoelapogeo.com.ar\/site\/en-el-dia-internacional-del-libro-el-bodegon-ediciones-participo-de-la-apertura-de-la-50-feria-del-libro-de-buenos-aires\/","title":{"rendered":"En el D\u00eda Internacional del Libro, El Bodeg\u00f3n Ediciones particip\u00f3 de la apertura de la 50\u00b0 Feria del Libro de Buenos Aires"},"content":{"rendered":"\n<figure class=\"wp-block-image size-large\"><img fetchpriority=\"high\" decoding=\"async\" width=\"1024\" height=\"778\" src=\"https:\/\/www.periodicoelapogeo.com.ar\/site\/wp-content\/uploads\/2026\/04\/TAPA-2-1024x778.jpg\" alt=\"\" class=\"wp-image-31445\" srcset=\"https:\/\/www.periodicoelapogeo.com.ar\/site\/wp-content\/uploads\/2026\/04\/TAPA-2-1024x778.jpg 1024w, https:\/\/www.periodicoelapogeo.com.ar\/site\/wp-content\/uploads\/2026\/04\/TAPA-2-320x243.jpg 320w, https:\/\/www.periodicoelapogeo.com.ar\/site\/wp-content\/uploads\/2026\/04\/TAPA-2-768x584.jpg 768w, https:\/\/www.periodicoelapogeo.com.ar\/site\/wp-content\/uploads\/2026\/04\/TAPA-2.jpg 1450w\" sizes=\"(max-width: 1024px) 100vw, 1024px\" \/><figcaption class=\"wp-element-caption\">El jueves 23 de abril se inaugur\u00f3 oficialmente en el Predio de la Rural de Palermo uno de los eventos literarios m\u00e1s importantes de Latinoam\u00e9rica: la Feria del Libro. Y el Instituto Cultural de la Provincia de Buenos Aires eligi\u00f3 abrir su agenda con un conversatorio llevado adelante por la editorial bonaerense.<\/figcaption><\/figure>\n\n\n\n<p class=\"has-medium-font-size\"><strong>El conurbano no olvida<\/strong><\/p>\n\n\n\n<figure class=\"wp-block-image size-large\"><img decoding=\"async\" width=\"1024\" height=\"685\" src=\"https:\/\/www.periodicoelapogeo.com.ar\/site\/wp-content\/uploads\/2026\/04\/DSC_0399-1024x685.jpg\" alt=\"\" class=\"wp-image-31446\" srcset=\"https:\/\/www.periodicoelapogeo.com.ar\/site\/wp-content\/uploads\/2026\/04\/DSC_0399-1024x685.jpg 1024w, https:\/\/www.periodicoelapogeo.com.ar\/site\/wp-content\/uploads\/2026\/04\/DSC_0399-320x214.jpg 320w, https:\/\/www.periodicoelapogeo.com.ar\/site\/wp-content\/uploads\/2026\/04\/DSC_0399-768x514.jpg 768w, https:\/\/www.periodicoelapogeo.com.ar\/site\/wp-content\/uploads\/2026\/04\/DSC_0399-1536x1028.jpg 1536w, https:\/\/www.periodicoelapogeo.com.ar\/site\/wp-content\/uploads\/2026\/04\/DSC_0399-2048x1371.jpg 2048w\" sizes=\"(max-width: 1024px) 100vw, 1024px\" \/><\/figure>\n\n\n\n<p style=\"font-size:16px\"><em>El diagn\u00f3stico estructural a trav\u00e9s del proceso psicodiagn\u00f3stico<\/em> (una de las autoras es vecina de Del Viso), <em>Yoga infantil<\/em> (Presidente Derqui), <em>Desalmadero<\/em> (Campana), <em>Tejiendo estelas<\/em> (Jos\u00e9 C. Paz), <em>Donde el tiempo se pierde entre la bruma<\/em> (Del Viso), <em>Murmullos de escuelas<\/em> (San Miguel), <em>P\u00f3mulo p\u00e9ndulo<\/em> (Villa Tesei), <em>Cr\u00f3nicas num\u00e9ricas<\/em> (Campana), <em>Cincuentones y cincuentonas<\/em> (CABA), <em>Nadie est\u00e1 tan roto<\/em> (Z\u00e1rate), <em>El diente de Sof\u00eda<\/em> (Malvinas Argentinas), <em>Fractales del conurbano<\/em> (Jos\u00e9 C. Paz), <em>La esencia del combate<\/em> (San Isidro), <em>Pilar 2050<\/em> (Pilar), <em>La creaci\u00f3n<\/em> (Pilar): estos son los libros que acompa\u00f1aron la presentaci\u00f3n de la editorial pilarense en la 50\u00ba Feria Internacional del Libro de Buenos Aires que abri\u00f3 sus puertas el 23 de abril.<\/p>\n\n\n\n<p style=\"font-size:16px\"><em>\u201cGracias a los autores y a las autoras por confiar en nuestro trabajo, por sostener ideas, sentimientos y bellas emociones, as\u00ed como tambi\u00e9n por crear puentes de conocimientos y compartir experiencias con tanta generosidad con nosotros y entre ustedes\u201d<\/em>, agradecieron desde la editorial.<\/p>\n\n\n\n<figure class=\"wp-block-image size-large\"><img decoding=\"async\" width=\"1024\" height=\"685\" src=\"https:\/\/www.periodicoelapogeo.com.ar\/site\/wp-content\/uploads\/2026\/04\/DSC_0429-1024x685.jpg\" alt=\"\" class=\"wp-image-31447\" srcset=\"https:\/\/www.periodicoelapogeo.com.ar\/site\/wp-content\/uploads\/2026\/04\/DSC_0429-1024x685.jpg 1024w, https:\/\/www.periodicoelapogeo.com.ar\/site\/wp-content\/uploads\/2026\/04\/DSC_0429-320x214.jpg 320w, https:\/\/www.periodicoelapogeo.com.ar\/site\/wp-content\/uploads\/2026\/04\/DSC_0429-768x514.jpg 768w, https:\/\/www.periodicoelapogeo.com.ar\/site\/wp-content\/uploads\/2026\/04\/DSC_0429-1536x1028.jpg 1536w, https:\/\/www.periodicoelapogeo.com.ar\/site\/wp-content\/uploads\/2026\/04\/DSC_0429-2048x1371.jpg 2048w\" sizes=\"(max-width: 1024px) 100vw, 1024px\" \/><\/figure>\n\n\n\n<p style=\"font-size:16px\">La editorial independiente naci\u00f3 en el 2004, hace 22 a\u00f1os, en la cancha de bochas del Club Uni\u00f3n de Presidente Derqui, que actualmente lleva m\u00e1s de 200 libros publicados con unas 50 reimpresiones. En este momento <em>\u201cestamos terminando cuatro nuevas obras de autores locales que pronto a saldr\u00e1n a la luz\u201d<\/em>, contaron.<\/p>\n\n\n\n<p style=\"font-size:16px\">\u201cLa palabra salva vidas\u201d, \u201clo colectivo funciona\u201d, \u201cla imaginaci\u00f3n es importante\u201d, \u201cleer ayuda a no deprimirse\u201d, \u201cla salud mental es un abrazo comunitario\u201d, \u201cestamos tejiendo en el mapa de lo que nunca se nombra\u201d, \u201cel libro es un camino de autoconocimiento\u201d, \u201cla educaci\u00f3n p\u00fablica es cimiento de la democracia\u201d, \u201cel deporte nos ayuda a transitar mejor el camino\u201d, \u201cla Fe y Dios transforman los corazones\u201d, \u201cen el barrio con el sol adecuado hasta el barro brilla\u201d; fueron algunas de las expresiones compartidas por las escritoras y los escritores que tomaron el micr\u00f3fono en el stand de la Provincia de Buenos Aires, N\u00ba 602 del Pabell\u00f3n Azul, en la 50 Feria Internacional del Libro de la Rural de Palermo.<\/p>\n\n\n\n<figure class=\"wp-block-image size-large\"><img loading=\"lazy\" decoding=\"async\" width=\"1024\" height=\"685\" src=\"https:\/\/www.periodicoelapogeo.com.ar\/site\/wp-content\/uploads\/2026\/04\/DSC_0385-1024x685.jpg\" alt=\"\" class=\"wp-image-31448\" srcset=\"https:\/\/www.periodicoelapogeo.com.ar\/site\/wp-content\/uploads\/2026\/04\/DSC_0385-1024x685.jpg 1024w, https:\/\/www.periodicoelapogeo.com.ar\/site\/wp-content\/uploads\/2026\/04\/DSC_0385-320x214.jpg 320w, https:\/\/www.periodicoelapogeo.com.ar\/site\/wp-content\/uploads\/2026\/04\/DSC_0385-768x514.jpg 768w, https:\/\/www.periodicoelapogeo.com.ar\/site\/wp-content\/uploads\/2026\/04\/DSC_0385-1536x1028.jpg 1536w, https:\/\/www.periodicoelapogeo.com.ar\/site\/wp-content\/uploads\/2026\/04\/DSC_0385-2048x1371.jpg 2048w\" sizes=\"(max-width: 1024px) 100vw, 1024px\" \/><\/figure>\n","protected":false},"excerpt":{"rendered":"<p>El conurbano no olvida El diagn\u00f3stico estructural a trav\u00e9s del proceso psicodiagn\u00f3stico (una de las autoras es vecina de Del Viso), Yoga infantil (Presidente Derqui), Desalmadero (Campana), Tejiendo estelas (Jos\u00e9&hellip; <\/p>\n","protected":false},"author":2,"featured_media":31449,"comment_status":"closed","ping_status":"open","sticky":false,"template":"","format":"standard","meta":{"footnotes":""},"categories":[47,17],"tags":[407,4447,4448,3034],"class_list":["post-31443","post","type-post","status-publish","format-standard","has-post-thumbnail","hentry","category-cultura-al-hombro","category-principal","tag-el-bodegon-ediciones","tag-feria-internacional-del-libro-2026","tag-filba","tag-instituto-cultural-de-la-provincia-de-buenos-aires"],"yoast_head":"<!-- This site is optimized with the Yoast SEO plugin v26.8 - https:\/\/yoast.com\/product\/yoast-seo-wordpress\/ -->\n<title>En el D\u00eda Internacional del Libro, El Bodeg\u00f3n Ediciones particip\u00f3 de la apertura de la 50\u00b0 Feria del Libro de Buenos Aires - Peri\u00f3dico EL APOGEO<\/title>\n<meta name=\"robots\" content=\"index, follow, max-snippet:-1, max-image-preview:large, max-video-preview:-1\" \/>\n<link rel=\"canonical\" href=\"https:\/\/www.periodicoelapogeo.com.ar\/site\/en-el-dia-internacional-del-libro-el-bodegon-ediciones-participo-de-la-apertura-de-la-50-feria-del-libro-de-buenos-aires\/\" \/>\n<meta property=\"og:locale\" content=\"es_ES\" \/>\n<meta property=\"og:type\" content=\"article\" \/>\n<meta property=\"og:title\" content=\"En el D\u00eda Internacional del Libro, El Bodeg\u00f3n Ediciones particip\u00f3 de la apertura de la 50\u00b0 Feria del Libro de Buenos Aires - Peri\u00f3dico EL APOGEO\" \/>\n<meta property=\"og:description\" content=\"El conurbano no olvida El diagn\u00f3stico estructural a trav\u00e9s del proceso psicodiagn\u00f3stico (una de las autoras es vecina de Del Viso), Yoga infantil (Presidente Derqui), Desalmadero (Campana), Tejiendo estelas (Jos\u00e9&hellip;\" \/>\n<meta property=\"og:url\" content=\"https:\/\/www.periodicoelapogeo.com.ar\/site\/en-el-dia-internacional-del-libro-el-bodegon-ediciones-participo-de-la-apertura-de-la-50-feria-del-libro-de-buenos-aires\/\" \/>\n<meta property=\"og:site_name\" content=\"Peri\u00f3dico EL APOGEO\" \/>\n<meta property=\"article:publisher\" content=\"https:\/\/www.facebook.com\/Peridico-El-Apogeo-348111616395\/\" \/>\n<meta property=\"article:published_time\" content=\"2026-04-29T12:51:29+00:00\" \/>\n<meta property=\"article:modified_time\" content=\"2026-04-29T12:51:31+00:00\" \/>\n<meta property=\"og:image\" content=\"https:\/\/www.periodicoelapogeo.com.ar\/site\/wp-content\/uploads\/2026\/04\/autores-locales-scaled.jpg\" \/>\n\t<meta property=\"og:image:width\" content=\"2560\" \/>\n\t<meta property=\"og:image:height\" content=\"1714\" \/>\n\t<meta property=\"og:image:type\" content=\"image\/jpeg\" \/>\n<meta name=\"author\" content=\"editor\" \/>\n<meta name=\"twitter:card\" content=\"summary_large_image\" \/>\n<meta name=\"twitter:creator\" content=\"@elapogeodiario\" \/>\n<meta name=\"twitter:site\" content=\"@elapogeodiario\" \/>\n<meta name=\"twitter:label1\" content=\"Escrito por\" \/>\n\t<meta name=\"twitter:data1\" content=\"editor\" \/>\n\t<meta name=\"twitter:label2\" content=\"Tiempo de lectura\" \/>\n\t<meta name=\"twitter:data2\" content=\"3 minutos\" \/>\n<script type=\"application\/ld+json\" class=\"yoast-schema-graph\">{\"@context\":\"https:\/\/schema.org\",\"@graph\":[{\"@type\":\"Article\",\"@id\":\"https:\/\/www.periodicoelapogeo.com.ar\/site\/en-el-dia-internacional-del-libro-el-bodegon-ediciones-participo-de-la-apertura-de-la-50-feria-del-libro-de-buenos-aires\/#article\",\"isPartOf\":{\"@id\":\"https:\/\/www.periodicoelapogeo.com.ar\/site\/en-el-dia-internacional-del-libro-el-bodegon-ediciones-participo-de-la-apertura-de-la-50-feria-del-libro-de-buenos-aires\/\"},\"author\":{\"name\":\"editor\",\"@id\":\"https:\/\/www.periodicoelapogeo.com.ar\/site\/#\/schema\/person\/d60bcb51884b850534948db8a28cae37\"},\"headline\":\"En el D\u00eda Internacional del Libro, El Bodeg\u00f3n Ediciones particip\u00f3 de la apertura de la 50\u00b0 Feria del Libro de Buenos Aires\",\"datePublished\":\"2026-04-29T12:51:29+00:00\",\"dateModified\":\"2026-04-29T12:51:31+00:00\",\"mainEntityOfPage\":{\"@id\":\"https:\/\/www.periodicoelapogeo.com.ar\/site\/en-el-dia-internacional-del-libro-el-bodegon-ediciones-participo-de-la-apertura-de-la-50-feria-del-libro-de-buenos-aires\/\"},\"wordCount\":419,\"publisher\":{\"@id\":\"https:\/\/www.periodicoelapogeo.com.ar\/site\/#organization\"},\"image\":{\"@id\":\"https:\/\/www.periodicoelapogeo.com.ar\/site\/en-el-dia-internacional-del-libro-el-bodegon-ediciones-participo-de-la-apertura-de-la-50-feria-del-libro-de-buenos-aires\/#primaryimage\"},\"thumbnailUrl\":\"https:\/\/www.periodicoelapogeo.com.ar\/site\/wp-content\/uploads\/2026\/04\/autores-locales-scaled.jpg\",\"keywords\":[\"El Bodeg\u00f3n Ediciones\",\"Feria Internacional del Libro 2026\",\"FILBA\",\"Instituto Cultural de la Provincia de Buenos Aires\"],\"articleSection\":[\"Cultura al hombro\",\"Principal\"],\"inLanguage\":\"es\"},{\"@type\":\"WebPage\",\"@id\":\"https:\/\/www.periodicoelapogeo.com.ar\/site\/en-el-dia-internacional-del-libro-el-bodegon-ediciones-participo-de-la-apertura-de-la-50-feria-del-libro-de-buenos-aires\/\",\"url\":\"https:\/\/www.periodicoelapogeo.com.ar\/site\/en-el-dia-internacional-del-libro-el-bodegon-ediciones-participo-de-la-apertura-de-la-50-feria-del-libro-de-buenos-aires\/\",\"name\":\"En el D\u00eda Internacional del Libro, El Bodeg\u00f3n Ediciones particip\u00f3 de la apertura de la 50\u00b0 Feria del Libro de Buenos Aires - Peri\u00f3dico EL APOGEO\",\"isPartOf\":{\"@id\":\"https:\/\/www.periodicoelapogeo.com.ar\/site\/#website\"},\"primaryImageOfPage\":{\"@id\":\"https:\/\/www.periodicoelapogeo.com.ar\/site\/en-el-dia-internacional-del-libro-el-bodegon-ediciones-participo-de-la-apertura-de-la-50-feria-del-libro-de-buenos-aires\/#primaryimage\"},\"image\":{\"@id\":\"https:\/\/www.periodicoelapogeo.com.ar\/site\/en-el-dia-internacional-del-libro-el-bodegon-ediciones-participo-de-la-apertura-de-la-50-feria-del-libro-de-buenos-aires\/#primaryimage\"},\"thumbnailUrl\":\"https:\/\/www.periodicoelapogeo.com.ar\/site\/wp-content\/uploads\/2026\/04\/autores-locales-scaled.jpg\",\"datePublished\":\"2026-04-29T12:51:29+00:00\",\"dateModified\":\"2026-04-29T12:51:31+00:00\",\"breadcrumb\":{\"@id\":\"https:\/\/www.periodicoelapogeo.com.ar\/site\/en-el-dia-internacional-del-libro-el-bodegon-ediciones-participo-de-la-apertura-de-la-50-feria-del-libro-de-buenos-aires\/#breadcrumb\"},\"inLanguage\":\"es\",\"potentialAction\":[{\"@type\":\"ReadAction\",\"target\":[\"https:\/\/www.periodicoelapogeo.com.ar\/site\/en-el-dia-internacional-del-libro-el-bodegon-ediciones-participo-de-la-apertura-de-la-50-feria-del-libro-de-buenos-aires\/\"]}]},{\"@type\":\"ImageObject\",\"inLanguage\":\"es\",\"@id\":\"https:\/\/www.periodicoelapogeo.com.ar\/site\/en-el-dia-internacional-del-libro-el-bodegon-ediciones-participo-de-la-apertura-de-la-50-feria-del-libro-de-buenos-aires\/#primaryimage\",\"url\":\"https:\/\/www.periodicoelapogeo.com.ar\/site\/wp-content\/uploads\/2026\/04\/autores-locales-scaled.jpg\",\"contentUrl\":\"https:\/\/www.periodicoelapogeo.com.ar\/site\/wp-content\/uploads\/2026\/04\/autores-locales-scaled.jpg\",\"width\":2560,\"height\":1714},{\"@type\":\"BreadcrumbList\",\"@id\":\"https:\/\/www.periodicoelapogeo.com.ar\/site\/en-el-dia-internacional-del-libro-el-bodegon-ediciones-participo-de-la-apertura-de-la-50-feria-del-libro-de-buenos-aires\/#breadcrumb\",\"itemListElement\":[{\"@type\":\"ListItem\",\"position\":1,\"name\":\"Portada\",\"item\":\"https:\/\/www.periodicoelapogeo.com.ar\/site\/\"},{\"@type\":\"ListItem\",\"position\":2,\"name\":\"En el D\u00eda Internacional del Libro, El Bodeg\u00f3n Ediciones particip\u00f3 de la apertura de la 50\u00b0 Feria del Libro de Buenos Aires\"}]},{\"@type\":\"WebSite\",\"@id\":\"https:\/\/www.periodicoelapogeo.com.ar\/site\/#website\",\"url\":\"https:\/\/www.periodicoelapogeo.com.ar\/site\/\",\"name\":\"Peri\u00f3dico EL APOGEO\",\"description\":\"En Derqui, Del Viso, Mor\u00f3n y Pilar\",\"publisher\":{\"@id\":\"https:\/\/www.periodicoelapogeo.com.ar\/site\/#organization\"},\"potentialAction\":[{\"@type\":\"SearchAction\",\"target\":{\"@type\":\"EntryPoint\",\"urlTemplate\":\"https:\/\/www.periodicoelapogeo.com.ar\/site\/?s={search_term_string}\"},\"query-input\":{\"@type\":\"PropertyValueSpecification\",\"valueRequired\":true,\"valueName\":\"search_term_string\"}}],\"inLanguage\":\"es\"},{\"@type\":\"Organization\",\"@id\":\"https:\/\/www.periodicoelapogeo.com.ar\/site\/#organization\",\"name\":\"Peri\u00f3dico EL APOGEO\",\"url\":\"https:\/\/www.periodicoelapogeo.com.ar\/site\/\",\"logo\":{\"@type\":\"ImageObject\",\"inLanguage\":\"es\",\"@id\":\"https:\/\/www.periodicoelapogeo.com.ar\/site\/#\/schema\/logo\/image\/\",\"url\":\"https:\/\/www.periodicoelapogeo.com.ar\/site\/wp-content\/uploads\/2023\/03\/apogeo_logo.jpg\",\"contentUrl\":\"https:\/\/www.periodicoelapogeo.com.ar\/site\/wp-content\/uploads\/2023\/03\/apogeo_logo.jpg\",\"width\":400,\"height\":400,\"caption\":\"Peri\u00f3dico EL APOGEO\"},\"image\":{\"@id\":\"https:\/\/www.periodicoelapogeo.com.ar\/site\/#\/schema\/logo\/image\/\"},\"sameAs\":[\"https:\/\/www.facebook.com\/Peridico-El-Apogeo-348111616395\/\",\"https:\/\/x.com\/elapogeodiario\",\"https:\/\/instagram.com\/elapogeodiario\/\"]},{\"@type\":\"Person\",\"@id\":\"https:\/\/www.periodicoelapogeo.com.ar\/site\/#\/schema\/person\/d60bcb51884b850534948db8a28cae37\",\"name\":\"editor\",\"image\":{\"@type\":\"ImageObject\",\"inLanguage\":\"es\",\"@id\":\"https:\/\/www.periodicoelapogeo.com.ar\/site\/#\/schema\/person\/image\/\",\"url\":\"https:\/\/secure.gravatar.com\/avatar\/af59c81eb11459c33aba6d1ef1422b5c7b8acb4c120f6e1f99e75810f387565f?s=96&d=mm&r=g\",\"contentUrl\":\"https:\/\/secure.gravatar.com\/avatar\/af59c81eb11459c33aba6d1ef1422b5c7b8acb4c120f6e1f99e75810f387565f?s=96&d=mm&r=g\",\"caption\":\"editor\"},\"sameAs\":[\"http:\/\/periodicoelapogeo.com.ar\"],\"url\":\"https:\/\/www.periodicoelapogeo.com.ar\/site\/author\/victor\/\"}]}<\/script>\n<!-- \/ Yoast SEO plugin. -->","yoast_head_json":{"title":"En el D\u00eda Internacional del Libro, El Bodeg\u00f3n Ediciones particip\u00f3 de la apertura de la 50\u00b0 Feria del Libro de Buenos Aires - Peri\u00f3dico EL APOGEO","robots":{"index":"index","follow":"follow","max-snippet":"max-snippet:-1","max-image-preview":"max-image-preview:large","max-video-preview":"max-video-preview:-1"},"canonical":"https:\/\/www.periodicoelapogeo.com.ar\/site\/en-el-dia-internacional-del-libro-el-bodegon-ediciones-participo-de-la-apertura-de-la-50-feria-del-libro-de-buenos-aires\/","og_locale":"es_ES","og_type":"article","og_title":"En el D\u00eda Internacional del Libro, El Bodeg\u00f3n Ediciones particip\u00f3 de la apertura de la 50\u00b0 Feria del Libro de Buenos Aires - Peri\u00f3dico EL APOGEO","og_description":"El conurbano no olvida El diagn\u00f3stico estructural a trav\u00e9s del proceso psicodiagn\u00f3stico (una de las autoras es vecina de Del Viso), Yoga infantil (Presidente Derqui), Desalmadero (Campana), Tejiendo estelas (Jos\u00e9&hellip;","og_url":"https:\/\/www.periodicoelapogeo.com.ar\/site\/en-el-dia-internacional-del-libro-el-bodegon-ediciones-participo-de-la-apertura-de-la-50-feria-del-libro-de-buenos-aires\/","og_site_name":"Peri\u00f3dico EL APOGEO","article_publisher":"https:\/\/www.facebook.com\/Peridico-El-Apogeo-348111616395\/","article_published_time":"2026-04-29T12:51:29+00:00","article_modified_time":"2026-04-29T12:51:31+00:00","og_image":[{"width":2560,"height":1714,"url":"https:\/\/www.periodicoelapogeo.com.ar\/site\/wp-content\/uploads\/2026\/04\/autores-locales-scaled.jpg","type":"image\/jpeg"}],"author":"editor","twitter_card":"summary_large_image","twitter_creator":"@elapogeodiario","twitter_site":"@elapogeodiario","twitter_misc":{"Escrito por":"editor","Tiempo de lectura":"3 minutos"},"schema":{"@context":"https:\/\/schema.org","@graph":[{"@type":"Article","@id":"https:\/\/www.periodicoelapogeo.com.ar\/site\/en-el-dia-internacional-del-libro-el-bodegon-ediciones-participo-de-la-apertura-de-la-50-feria-del-libro-de-buenos-aires\/#article","isPartOf":{"@id":"https:\/\/www.periodicoelapogeo.com.ar\/site\/en-el-dia-internacional-del-libro-el-bodegon-ediciones-participo-de-la-apertura-de-la-50-feria-del-libro-de-buenos-aires\/"},"author":{"name":"editor","@id":"https:\/\/www.periodicoelapogeo.com.ar\/site\/#\/schema\/person\/d60bcb51884b850534948db8a28cae37"},"headline":"En el D\u00eda Internacional del Libro, El Bodeg\u00f3n Ediciones particip\u00f3 de la apertura de la 50\u00b0 Feria del Libro de Buenos Aires","datePublished":"2026-04-29T12:51:29+00:00","dateModified":"2026-04-29T12:51:31+00:00","mainEntityOfPage":{"@id":"https:\/\/www.periodicoelapogeo.com.ar\/site\/en-el-dia-internacional-del-libro-el-bodegon-ediciones-participo-de-la-apertura-de-la-50-feria-del-libro-de-buenos-aires\/"},"wordCount":419,"publisher":{"@id":"https:\/\/www.periodicoelapogeo.com.ar\/site\/#organization"},"image":{"@id":"https:\/\/www.periodicoelapogeo.com.ar\/site\/en-el-dia-internacional-del-libro-el-bodegon-ediciones-participo-de-la-apertura-de-la-50-feria-del-libro-de-buenos-aires\/#primaryimage"},"thumbnailUrl":"https:\/\/www.periodicoelapogeo.com.ar\/site\/wp-content\/uploads\/2026\/04\/autores-locales-scaled.jpg","keywords":["El Bodeg\u00f3n Ediciones","Feria Internacional del Libro 2026","FILBA","Instituto Cultural de la Provincia de Buenos Aires"],"articleSection":["Cultura al hombro","Principal"],"inLanguage":"es"},{"@type":"WebPage","@id":"https:\/\/www.periodicoelapogeo.com.ar\/site\/en-el-dia-internacional-del-libro-el-bodegon-ediciones-participo-de-la-apertura-de-la-50-feria-del-libro-de-buenos-aires\/","url":"https:\/\/www.periodicoelapogeo.com.ar\/site\/en-el-dia-internacional-del-libro-el-bodegon-ediciones-participo-de-la-apertura-de-la-50-feria-del-libro-de-buenos-aires\/","name":"En el D\u00eda Internacional del Libro, El Bodeg\u00f3n Ediciones particip\u00f3 de la apertura de la 50\u00b0 Feria del Libro de Buenos Aires - Peri\u00f3dico EL APOGEO","isPartOf":{"@id":"https:\/\/www.periodicoelapogeo.com.ar\/site\/#website"},"primaryImageOfPage":{"@id":"https:\/\/www.periodicoelapogeo.com.ar\/site\/en-el-dia-internacional-del-libro-el-bodegon-ediciones-participo-de-la-apertura-de-la-50-feria-del-libro-de-buenos-aires\/#primaryimage"},"image":{"@id":"https:\/\/www.periodicoelapogeo.com.ar\/site\/en-el-dia-internacional-del-libro-el-bodegon-ediciones-participo-de-la-apertura-de-la-50-feria-del-libro-de-buenos-aires\/#primaryimage"},"thumbnailUrl":"https:\/\/www.periodicoelapogeo.com.ar\/site\/wp-content\/uploads\/2026\/04\/autores-locales-scaled.jpg","datePublished":"2026-04-29T12:51:29+00:00","dateModified":"2026-04-29T12:51:31+00:00","breadcrumb":{"@id":"https:\/\/www.periodicoelapogeo.com.ar\/site\/en-el-dia-internacional-del-libro-el-bodegon-ediciones-participo-de-la-apertura-de-la-50-feria-del-libro-de-buenos-aires\/#breadcrumb"},"inLanguage":"es","potentialAction":[{"@type":"ReadAction","target":["https:\/\/www.periodicoelapogeo.com.ar\/site\/en-el-dia-internacional-del-libro-el-bodegon-ediciones-participo-de-la-apertura-de-la-50-feria-del-libro-de-buenos-aires\/"]}]},{"@type":"ImageObject","inLanguage":"es","@id":"https:\/\/www.periodicoelapogeo.com.ar\/site\/en-el-dia-internacional-del-libro-el-bodegon-ediciones-participo-de-la-apertura-de-la-50-feria-del-libro-de-buenos-aires\/#primaryimage","url":"https:\/\/www.periodicoelapogeo.com.ar\/site\/wp-content\/uploads\/2026\/04\/autores-locales-scaled.jpg","contentUrl":"https:\/\/www.periodicoelapogeo.com.ar\/site\/wp-content\/uploads\/2026\/04\/autores-locales-scaled.jpg","width":2560,"height":1714},{"@type":"BreadcrumbList","@id":"https:\/\/www.periodicoelapogeo.com.ar\/site\/en-el-dia-internacional-del-libro-el-bodegon-ediciones-participo-de-la-apertura-de-la-50-feria-del-libro-de-buenos-aires\/#breadcrumb","itemListElement":[{"@type":"ListItem","position":1,"name":"Portada","item":"https:\/\/www.periodicoelapogeo.com.ar\/site\/"},{"@type":"ListItem","position":2,"name":"En el D\u00eda Internacional del Libro, El Bodeg\u00f3n Ediciones particip\u00f3 de la apertura de la 50\u00b0 Feria del Libro de Buenos Aires"}]},{"@type":"WebSite","@id":"https:\/\/www.periodicoelapogeo.com.ar\/site\/#website","url":"https:\/\/www.periodicoelapogeo.com.ar\/site\/","name":"Peri\u00f3dico EL APOGEO","description":"En Derqui, Del Viso, Mor\u00f3n y Pilar","publisher":{"@id":"https:\/\/www.periodicoelapogeo.com.ar\/site\/#organization"},"potentialAction":[{"@type":"SearchAction","target":{"@type":"EntryPoint","urlTemplate":"https:\/\/www.periodicoelapogeo.com.ar\/site\/?s={search_term_string}"},"query-input":{"@type":"PropertyValueSpecification","valueRequired":true,"valueName":"search_term_string"}}],"inLanguage":"es"},{"@type":"Organization","@id":"https:\/\/www.periodicoelapogeo.com.ar\/site\/#organization","name":"Peri\u00f3dico EL APOGEO","url":"https:\/\/www.periodicoelapogeo.com.ar\/site\/","logo":{"@type":"ImageObject","inLanguage":"es","@id":"https:\/\/www.periodicoelapogeo.com.ar\/site\/#\/schema\/logo\/image\/","url":"https:\/\/www.periodicoelapogeo.com.ar\/site\/wp-content\/uploads\/2023\/03\/apogeo_logo.jpg","contentUrl":"https:\/\/www.periodicoelapogeo.com.ar\/site\/wp-content\/uploads\/2023\/03\/apogeo_logo.jpg","width":400,"height":400,"caption":"Peri\u00f3dico EL APOGEO"},"image":{"@id":"https:\/\/www.periodicoelapogeo.com.ar\/site\/#\/schema\/logo\/image\/"},"sameAs":["https:\/\/www.facebook.com\/Peridico-El-Apogeo-348111616395\/","https:\/\/x.com\/elapogeodiario","https:\/\/instagram.com\/elapogeodiario\/"]},{"@type":"Person","@id":"https:\/\/www.periodicoelapogeo.com.ar\/site\/#\/schema\/person\/d60bcb51884b850534948db8a28cae37","name":"editor","image":{"@type":"ImageObject","inLanguage":"es","@id":"https:\/\/www.periodicoelapogeo.com.ar\/site\/#\/schema\/person\/image\/","url":"https:\/\/secure.gravatar.com\/avatar\/af59c81eb11459c33aba6d1ef1422b5c7b8acb4c120f6e1f99e75810f387565f?s=96&d=mm&r=g","contentUrl":"https:\/\/secure.gravatar.com\/avatar\/af59c81eb11459c33aba6d1ef1422b5c7b8acb4c120f6e1f99e75810f387565f?s=96&d=mm&r=g","caption":"editor"},"sameAs":["http:\/\/periodicoelapogeo.com.ar"],"url":"https:\/\/www.periodicoelapogeo.com.ar\/site\/author\/victor\/"}]}},"_links":{"self":[{"href":"https:\/\/www.periodicoelapogeo.com.ar\/site\/wp-json\/wp\/v2\/posts\/31443","targetHints":{"allow":["GET"]}}],"collection":[{"href":"https:\/\/www.periodicoelapogeo.com.ar\/site\/wp-json\/wp\/v2\/posts"}],"about":[{"href":"https:\/\/www.periodicoelapogeo.com.ar\/site\/wp-json\/wp\/v2\/types\/post"}],"author":[{"embeddable":true,"href":"https:\/\/www.periodicoelapogeo.com.ar\/site\/wp-json\/wp\/v2\/users\/2"}],"replies":[{"embeddable":true,"href":"https:\/\/www.periodicoelapogeo.com.ar\/site\/wp-json\/wp\/v2\/comments?post=31443"}],"version-history":[{"count":1,"href":"https:\/\/www.periodicoelapogeo.com.ar\/site\/wp-json\/wp\/v2\/posts\/31443\/revisions"}],"predecessor-version":[{"id":31450,"href":"https:\/\/www.periodicoelapogeo.com.ar\/site\/wp-json\/wp\/v2\/posts\/31443\/revisions\/31450"}],"wp:featuredmedia":[{"embeddable":true,"href":"https:\/\/www.periodicoelapogeo.com.ar\/site\/wp-json\/wp\/v2\/media\/31449"}],"wp:attachment":[{"href":"https:\/\/www.periodicoelapogeo.com.ar\/site\/wp-json\/wp\/v2\/media?parent=31443"}],"wp:term":[{"taxonomy":"category","embeddable":true,"href":"https:\/\/www.periodicoelapogeo.com.ar\/site\/wp-json\/wp\/v2\/categories?post=31443"},{"taxonomy":"post_tag","embeddable":true,"href":"https:\/\/www.periodicoelapogeo.com.ar\/site\/wp-json\/wp\/v2\/tags?post=31443"}],"curies":[{"name":"wp","href":"https:\/\/api.w.org\/{rel}","templated":true}]}}