{"id":31451,"date":"2026-04-29T09:58:00","date_gmt":"2026-04-29T12:58:00","guid":{"rendered":"https:\/\/www.periodicoelapogeo.com.ar\/site\/?p=31451"},"modified":"2026-04-29T09:58:01","modified_gmt":"2026-04-29T12:58:01","slug":"elegimos-esta-calle-porque-es-muy-tranquila","status":"publish","type":"post","link":"https:\/\/www.periodicoelapogeo.com.ar\/site\/elegimos-esta-calle-porque-es-muy-tranquila\/","title":{"rendered":"\u201cElegimos esta calle porque es muy tranquila\u201d"},"content":{"rendered":"\n<p class=\"has-medium-font-size\">Jim\u00e9nez, entre Oliden y Ruta 8, un corredor natural que la gente de Del Viso elije para sentirse mejor.<\/p>\n\n\n\n<figure class=\"wp-block-image size-large\"><img fetchpriority=\"high\" decoding=\"async\" width=\"771\" height=\"1024\" src=\"https:\/\/www.periodicoelapogeo.com.ar\/site\/wp-content\/uploads\/2026\/04\/DEPORTE-ES-INTEGRACION-1-771x1024.jpeg\" alt=\"\" class=\"wp-image-31452\" srcset=\"https:\/\/www.periodicoelapogeo.com.ar\/site\/wp-content\/uploads\/2026\/04\/DEPORTE-ES-INTEGRACION-1-771x1024.jpeg 771w, https:\/\/www.periodicoelapogeo.com.ar\/site\/wp-content\/uploads\/2026\/04\/DEPORTE-ES-INTEGRACION-1-226x300.jpeg 226w, https:\/\/www.periodicoelapogeo.com.ar\/site\/wp-content\/uploads\/2026\/04\/DEPORTE-ES-INTEGRACION-1-768x1021.jpeg 768w, https:\/\/www.periodicoelapogeo.com.ar\/site\/wp-content\/uploads\/2026\/04\/DEPORTE-ES-INTEGRACION-1-1156x1536.jpeg 1156w, https:\/\/www.periodicoelapogeo.com.ar\/site\/wp-content\/uploads\/2026\/04\/DEPORTE-ES-INTEGRACION-1.jpeg 1204w\" sizes=\"(max-width: 771px) 100vw, 771px\" \/><figcaption class=\"wp-element-caption\">El \u201cColo\u201d estudi\u00f3 en la Polit\u00e9cnica Media 4 de Del Viso. Si bien su infancia la vivi\u00f3 en otro lado, una vez que se mud\u00f3 con su familia, nunca m\u00e1s dejaron la Ciudad de los P\u00e1jaros.<\/figcaption><\/figure>\n\n\n\n<p style=\"font-size:16px\">Del Viso tiene magia. Es una ciudad que conserva la m\u00edstica de pueblo. Su gente, sus calles, sus barrios respiran aire de pueblo.<\/p>\n\n\n\n<p style=\"font-size:16px\">Una de las arterias que demuestra este concepto es la Jim\u00e9nez, entre Oliden y Ruta 8; esa calle se ha convertido en un corredor seguro para salir a caminar, trotar, bajar el estr\u00e9s y encarar en soledad o en grupo una linda actividad saludable.<\/p>\n\n\n\n<p style=\"font-size:16px\">El Apogeo Diario charl\u00f3 con algunos vecinos sobre el tema.<\/p>\n\n\n\n<p style=\"font-size:16px\"><em>\u201cElegimos esta calle porque es tranquila, est\u00e1 toda asfaltada, hay poco tr\u00e1nsito\u201d,<\/em> nos cuenta Ariadna, delvisense que arranc\u00f3 a caminar hace poco.<\/p>\n\n\n\n<p style=\"font-size:16px\"><em>\u201cTiene bastantes carteles, se respeta al deportista, tiene se\u00f1alizaciones con l\u00edmite de velocidad, el paisaje tambi\u00e9n es muy lindo, da ganas de venir\u201d.<\/em><\/p>\n\n\n\n<p style=\"font-size:16px\">&#8211; \u00bfCu\u00e1l es el objetivo personal de empezar estas caminatas?<\/p>\n\n\n\n<p style=\"font-size:16px\">&#8211; M\u00e1s que nada para sentirme bien, me acompa\u00f1a mi pareja y eso es bueno porque nos ayuda a los dos.<\/p>\n\n\n\n<p style=\"font-size:16px\">Si bien durante todo el d\u00eda se puede ver a vecinas y vecinos caminando y haciendo ejercicios, el movimiento se intensifica despu\u00e9s de las cinco de la tarde.<\/p>\n\n\n\n<p style=\"font-size:16px\"><em>\u201cLa gente sale a caminar, es muy tranquilo, hicieron el camino pr\u00e1cticamente nuevo, hay lomas de burro en cada esquina, los peatones tenemos prioridad, hay mucha carteler\u00eda y eso es bueno\u201d,<\/em> nos cuenta el \u201cColo\u201d, quien lleg\u00f3 a Del Viso en los 90, termin\u00f3 la secundaria en la Media 4 y le encanta esta ciudad.<\/p>\n\n\n\n<p style=\"font-size:16px\"><em>\u201cYo vengo de Isidro Casanova, me mud\u00e9 cuando era chico y siempre camin\u00e1bamos en familia por ac\u00e1 cuando \u00edbamos a la pileta de Luz y Fuerza. Del Viso es hermoso. Esta es zona de quintas, pero en los alrededores tambi\u00e9n hay algunas industrias chicas que ofrecen fuente de trabajo, as\u00ed que me qued\u00e9. Elijo vivir ac\u00e1\u201d.<\/em><\/p>\n\n\n\n<p style=\"font-size:16px\">Un diario de pueblo para la gente que le gusta la tranquilidad que ofrece esta ciudad.<\/p>\n\n\n\n<figure class=\"wp-block-image size-large\"><img decoding=\"async\" width=\"771\" height=\"1024\" src=\"https:\/\/www.periodicoelapogeo.com.ar\/site\/wp-content\/uploads\/2026\/04\/DEPORTE-ES-INTEGRACION-2-771x1024.jpeg\" alt=\"\" class=\"wp-image-31453\" srcset=\"https:\/\/www.periodicoelapogeo.com.ar\/site\/wp-content\/uploads\/2026\/04\/DEPORTE-ES-INTEGRACION-2-771x1024.jpeg 771w, https:\/\/www.periodicoelapogeo.com.ar\/site\/wp-content\/uploads\/2026\/04\/DEPORTE-ES-INTEGRACION-2-226x300.jpeg 226w, https:\/\/www.periodicoelapogeo.com.ar\/site\/wp-content\/uploads\/2026\/04\/DEPORTE-ES-INTEGRACION-2-768x1021.jpeg 768w, https:\/\/www.periodicoelapogeo.com.ar\/site\/wp-content\/uploads\/2026\/04\/DEPORTE-ES-INTEGRACION-2-1156x1536.jpeg 1156w, https:\/\/www.periodicoelapogeo.com.ar\/site\/wp-content\/uploads\/2026\/04\/DEPORTE-ES-INTEGRACION-2.jpeg 1204w\" sizes=\"(max-width: 771px) 100vw, 771px\" \/><figcaption class=\"wp-element-caption\">Ariadna y Cristian caminan juntos la vida y salen a hacer ejercicios por la renovada calle Jim\u00e9nez.<\/figcaption><\/figure>\n","protected":false},"excerpt":{"rendered":"<p>Jim\u00e9nez, entre Oliden y Ruta 8, un corredor natural que la gente de Del Viso elije para sentirse mejor. Del Viso tiene magia. Es una ciudad que conserva la m\u00edstica&hellip; <\/p>\n","protected":false},"author":2,"featured_media":31454,"comment_status":"closed","ping_status":"open","sticky":false,"template":"","format":"standard","meta":{"footnotes":""},"categories":[170,1320],"tags":[123,1062,6,1044,518],"class_list":["post-31451","post","type-post","status-publish","format-standard","has-post-thumbnail","hentry","category-importante","category-nuestra-gente","tag-barrio","tag-ciudad-de-los-pajaros","tag-del-viso","tag-vecinas","tag-vecinos"],"yoast_head":"<!-- This site is optimized with the Yoast SEO plugin v26.8 - https:\/\/yoast.com\/product\/yoast-seo-wordpress\/ -->\n<title>\u201cElegimos esta calle porque es muy tranquila\u201d - Peri\u00f3dico EL APOGEO<\/title>\n<meta name=\"robots\" content=\"index, follow, max-snippet:-1, max-image-preview:large, max-video-preview:-1\" \/>\n<link rel=\"canonical\" href=\"https:\/\/www.periodicoelapogeo.com.ar\/site\/elegimos-esta-calle-porque-es-muy-tranquila\/\" \/>\n<meta property=\"og:locale\" content=\"es_ES\" \/>\n<meta property=\"og:type\" content=\"article\" \/>\n<meta property=\"og:title\" content=\"\u201cElegimos esta calle porque es muy tranquila\u201d - Peri\u00f3dico EL APOGEO\" \/>\n<meta property=\"og:description\" content=\"Jim\u00e9nez, entre Oliden y Ruta 8, un corredor natural que la gente de Del Viso elije para sentirse mejor. Del Viso tiene magia. Es una ciudad que conserva la m\u00edstica&hellip;\" \/>\n<meta property=\"og:url\" content=\"https:\/\/www.periodicoelapogeo.com.ar\/site\/elegimos-esta-calle-porque-es-muy-tranquila\/\" \/>\n<meta property=\"og:site_name\" content=\"Peri\u00f3dico EL APOGEO\" \/>\n<meta property=\"article:publisher\" content=\"https:\/\/www.facebook.com\/Peridico-El-Apogeo-348111616395\/\" \/>\n<meta property=\"article:published_time\" content=\"2026-04-29T12:58:00+00:00\" \/>\n<meta property=\"article:modified_time\" content=\"2026-04-29T12:58:01+00:00\" \/>\n<meta property=\"og:image\" content=\"https:\/\/www.periodicoelapogeo.com.ar\/site\/wp-content\/uploads\/2026\/04\/WhatsApp-Image-2026-04-28-at-23.42.51.jpeg\" \/>\n\t<meta property=\"og:image:width\" content=\"1536\" \/>\n\t<meta property=\"og:image:height\" content=\"1299\" \/>\n\t<meta property=\"og:image:type\" content=\"image\/jpeg\" \/>\n<meta name=\"author\" content=\"editor\" \/>\n<meta name=\"twitter:card\" content=\"summary_large_image\" \/>\n<meta name=\"twitter:creator\" content=\"@elapogeodiario\" \/>\n<meta name=\"twitter:site\" content=\"@elapogeodiario\" \/>\n<meta name=\"twitter:label1\" content=\"Escrito por\" \/>\n\t<meta name=\"twitter:data1\" content=\"editor\" \/>\n\t<meta name=\"twitter:label2\" content=\"Tiempo de lectura\" \/>\n\t<meta name=\"twitter:data2\" content=\"3 minutos\" \/>\n<script type=\"application\/ld+json\" class=\"yoast-schema-graph\">{\"@context\":\"https:\/\/schema.org\",\"@graph\":[{\"@type\":\"Article\",\"@id\":\"https:\/\/www.periodicoelapogeo.com.ar\/site\/elegimos-esta-calle-porque-es-muy-tranquila\/#article\",\"isPartOf\":{\"@id\":\"https:\/\/www.periodicoelapogeo.com.ar\/site\/elegimos-esta-calle-porque-es-muy-tranquila\/\"},\"author\":{\"name\":\"editor\",\"@id\":\"https:\/\/www.periodicoelapogeo.com.ar\/site\/#\/schema\/person\/d60bcb51884b850534948db8a28cae37\"},\"headline\":\"\u201cElegimos esta calle porque es muy tranquila\u201d\",\"datePublished\":\"2026-04-29T12:58:00+00:00\",\"dateModified\":\"2026-04-29T12:58:01+00:00\",\"mainEntityOfPage\":{\"@id\":\"https:\/\/www.periodicoelapogeo.com.ar\/site\/elegimos-esta-calle-porque-es-muy-tranquila\/\"},\"wordCount\":403,\"publisher\":{\"@id\":\"https:\/\/www.periodicoelapogeo.com.ar\/site\/#organization\"},\"image\":{\"@id\":\"https:\/\/www.periodicoelapogeo.com.ar\/site\/elegimos-esta-calle-porque-es-muy-tranquila\/#primaryimage\"},\"thumbnailUrl\":\"https:\/\/www.periodicoelapogeo.com.ar\/site\/wp-content\/uploads\/2026\/04\/WhatsApp-Image-2026-04-28-at-23.42.51.jpeg\",\"keywords\":[\"barrio\",\"Ciudad de los P\u00e1jaros\",\"Del Viso\",\"vecinas\",\"vecinos\"],\"articleSection\":[\"Importante\",\"Nuestra gente\"],\"inLanguage\":\"es\"},{\"@type\":\"WebPage\",\"@id\":\"https:\/\/www.periodicoelapogeo.com.ar\/site\/elegimos-esta-calle-porque-es-muy-tranquila\/\",\"url\":\"https:\/\/www.periodicoelapogeo.com.ar\/site\/elegimos-esta-calle-porque-es-muy-tranquila\/\",\"name\":\"\u201cElegimos esta calle porque es muy tranquila\u201d - Peri\u00f3dico EL APOGEO\",\"isPartOf\":{\"@id\":\"https:\/\/www.periodicoelapogeo.com.ar\/site\/#website\"},\"primaryImageOfPage\":{\"@id\":\"https:\/\/www.periodicoelapogeo.com.ar\/site\/elegimos-esta-calle-porque-es-muy-tranquila\/#primaryimage\"},\"image\":{\"@id\":\"https:\/\/www.periodicoelapogeo.com.ar\/site\/elegimos-esta-calle-porque-es-muy-tranquila\/#primaryimage\"},\"thumbnailUrl\":\"https:\/\/www.periodicoelapogeo.com.ar\/site\/wp-content\/uploads\/2026\/04\/WhatsApp-Image-2026-04-28-at-23.42.51.jpeg\",\"datePublished\":\"2026-04-29T12:58:00+00:00\",\"dateModified\":\"2026-04-29T12:58:01+00:00\",\"breadcrumb\":{\"@id\":\"https:\/\/www.periodicoelapogeo.com.ar\/site\/elegimos-esta-calle-porque-es-muy-tranquila\/#breadcrumb\"},\"inLanguage\":\"es\",\"potentialAction\":[{\"@type\":\"ReadAction\",\"target\":[\"https:\/\/www.periodicoelapogeo.com.ar\/site\/elegimos-esta-calle-porque-es-muy-tranquila\/\"]}]},{\"@type\":\"ImageObject\",\"inLanguage\":\"es\",\"@id\":\"https:\/\/www.periodicoelapogeo.com.ar\/site\/elegimos-esta-calle-porque-es-muy-tranquila\/#primaryimage\",\"url\":\"https:\/\/www.periodicoelapogeo.com.ar\/site\/wp-content\/uploads\/2026\/04\/WhatsApp-Image-2026-04-28-at-23.42.51.jpeg\",\"contentUrl\":\"https:\/\/www.periodicoelapogeo.com.ar\/site\/wp-content\/uploads\/2026\/04\/WhatsApp-Image-2026-04-28-at-23.42.51.jpeg\",\"width\":1536,\"height\":1299},{\"@type\":\"BreadcrumbList\",\"@id\":\"https:\/\/www.periodicoelapogeo.com.ar\/site\/elegimos-esta-calle-porque-es-muy-tranquila\/#breadcrumb\",\"itemListElement\":[{\"@type\":\"ListItem\",\"position\":1,\"name\":\"Portada\",\"item\":\"https:\/\/www.periodicoelapogeo.com.ar\/site\/\"},{\"@type\":\"ListItem\",\"position\":2,\"name\":\"\u201cElegimos esta calle porque es muy tranquila\u201d\"}]},{\"@type\":\"WebSite\",\"@id\":\"https:\/\/www.periodicoelapogeo.com.ar\/site\/#website\",\"url\":\"https:\/\/www.periodicoelapogeo.com.ar\/site\/\",\"name\":\"Peri\u00f3dico EL APOGEO\",\"description\":\"En Derqui, Del Viso, Mor\u00f3n y Pilar\",\"publisher\":{\"@id\":\"https:\/\/www.periodicoelapogeo.com.ar\/site\/#organization\"},\"potentialAction\":[{\"@type\":\"SearchAction\",\"target\":{\"@type\":\"EntryPoint\",\"urlTemplate\":\"https:\/\/www.periodicoelapogeo.com.ar\/site\/?s={search_term_string}\"},\"query-input\":{\"@type\":\"PropertyValueSpecification\",\"valueRequired\":true,\"valueName\":\"search_term_string\"}}],\"inLanguage\":\"es\"},{\"@type\":\"Organization\",\"@id\":\"https:\/\/www.periodicoelapogeo.com.ar\/site\/#organization\",\"name\":\"Peri\u00f3dico EL APOGEO\",\"url\":\"https:\/\/www.periodicoelapogeo.com.ar\/site\/\",\"logo\":{\"@type\":\"ImageObject\",\"inLanguage\":\"es\",\"@id\":\"https:\/\/www.periodicoelapogeo.com.ar\/site\/#\/schema\/logo\/image\/\",\"url\":\"https:\/\/www.periodicoelapogeo.com.ar\/site\/wp-content\/uploads\/2023\/03\/apogeo_logo.jpg\",\"contentUrl\":\"https:\/\/www.periodicoelapogeo.com.ar\/site\/wp-content\/uploads\/2023\/03\/apogeo_logo.jpg\",\"width\":400,\"height\":400,\"caption\":\"Peri\u00f3dico EL APOGEO\"},\"image\":{\"@id\":\"https:\/\/www.periodicoelapogeo.com.ar\/site\/#\/schema\/logo\/image\/\"},\"sameAs\":[\"https:\/\/www.facebook.com\/Peridico-El-Apogeo-348111616395\/\",\"https:\/\/x.com\/elapogeodiario\",\"https:\/\/instagram.com\/elapogeodiario\/\"]},{\"@type\":\"Person\",\"@id\":\"https:\/\/www.periodicoelapogeo.com.ar\/site\/#\/schema\/person\/d60bcb51884b850534948db8a28cae37\",\"name\":\"editor\",\"image\":{\"@type\":\"ImageObject\",\"inLanguage\":\"es\",\"@id\":\"https:\/\/www.periodicoelapogeo.com.ar\/site\/#\/schema\/person\/image\/\",\"url\":\"https:\/\/secure.gravatar.com\/avatar\/af59c81eb11459c33aba6d1ef1422b5c7b8acb4c120f6e1f99e75810f387565f?s=96&d=mm&r=g\",\"contentUrl\":\"https:\/\/secure.gravatar.com\/avatar\/af59c81eb11459c33aba6d1ef1422b5c7b8acb4c120f6e1f99e75810f387565f?s=96&d=mm&r=g\",\"caption\":\"editor\"},\"sameAs\":[\"http:\/\/periodicoelapogeo.com.ar\"],\"url\":\"https:\/\/www.periodicoelapogeo.com.ar\/site\/author\/victor\/\"}]}<\/script>\n<!-- \/ Yoast SEO plugin. -->","yoast_head_json":{"title":"\u201cElegimos esta calle porque es muy tranquila\u201d - Peri\u00f3dico EL APOGEO","robots":{"index":"index","follow":"follow","max-snippet":"max-snippet:-1","max-image-preview":"max-image-preview:large","max-video-preview":"max-video-preview:-1"},"canonical":"https:\/\/www.periodicoelapogeo.com.ar\/site\/elegimos-esta-calle-porque-es-muy-tranquila\/","og_locale":"es_ES","og_type":"article","og_title":"\u201cElegimos esta calle porque es muy tranquila\u201d - Peri\u00f3dico EL APOGEO","og_description":"Jim\u00e9nez, entre Oliden y Ruta 8, un corredor natural que la gente de Del Viso elije para sentirse mejor. Del Viso tiene magia. Es una ciudad que conserva la m\u00edstica&hellip;","og_url":"https:\/\/www.periodicoelapogeo.com.ar\/site\/elegimos-esta-calle-porque-es-muy-tranquila\/","og_site_name":"Peri\u00f3dico EL APOGEO","article_publisher":"https:\/\/www.facebook.com\/Peridico-El-Apogeo-348111616395\/","article_published_time":"2026-04-29T12:58:00+00:00","article_modified_time":"2026-04-29T12:58:01+00:00","og_image":[{"width":1536,"height":1299,"url":"https:\/\/www.periodicoelapogeo.com.ar\/site\/wp-content\/uploads\/2026\/04\/WhatsApp-Image-2026-04-28-at-23.42.51.jpeg","type":"image\/jpeg"}],"author":"editor","twitter_card":"summary_large_image","twitter_creator":"@elapogeodiario","twitter_site":"@elapogeodiario","twitter_misc":{"Escrito por":"editor","Tiempo de lectura":"3 minutos"},"schema":{"@context":"https:\/\/schema.org","@graph":[{"@type":"Article","@id":"https:\/\/www.periodicoelapogeo.com.ar\/site\/elegimos-esta-calle-porque-es-muy-tranquila\/#article","isPartOf":{"@id":"https:\/\/www.periodicoelapogeo.com.ar\/site\/elegimos-esta-calle-porque-es-muy-tranquila\/"},"author":{"name":"editor","@id":"https:\/\/www.periodicoelapogeo.com.ar\/site\/#\/schema\/person\/d60bcb51884b850534948db8a28cae37"},"headline":"\u201cElegimos esta calle porque es muy tranquila\u201d","datePublished":"2026-04-29T12:58:00+00:00","dateModified":"2026-04-29T12:58:01+00:00","mainEntityOfPage":{"@id":"https:\/\/www.periodicoelapogeo.com.ar\/site\/elegimos-esta-calle-porque-es-muy-tranquila\/"},"wordCount":403,"publisher":{"@id":"https:\/\/www.periodicoelapogeo.com.ar\/site\/#organization"},"image":{"@id":"https:\/\/www.periodicoelapogeo.com.ar\/site\/elegimos-esta-calle-porque-es-muy-tranquila\/#primaryimage"},"thumbnailUrl":"https:\/\/www.periodicoelapogeo.com.ar\/site\/wp-content\/uploads\/2026\/04\/WhatsApp-Image-2026-04-28-at-23.42.51.jpeg","keywords":["barrio","Ciudad de los P\u00e1jaros","Del Viso","vecinas","vecinos"],"articleSection":["Importante","Nuestra gente"],"inLanguage":"es"},{"@type":"WebPage","@id":"https:\/\/www.periodicoelapogeo.com.ar\/site\/elegimos-esta-calle-porque-es-muy-tranquila\/","url":"https:\/\/www.periodicoelapogeo.com.ar\/site\/elegimos-esta-calle-porque-es-muy-tranquila\/","name":"\u201cElegimos esta calle porque es muy tranquila\u201d - Peri\u00f3dico EL APOGEO","isPartOf":{"@id":"https:\/\/www.periodicoelapogeo.com.ar\/site\/#website"},"primaryImageOfPage":{"@id":"https:\/\/www.periodicoelapogeo.com.ar\/site\/elegimos-esta-calle-porque-es-muy-tranquila\/#primaryimage"},"image":{"@id":"https:\/\/www.periodicoelapogeo.com.ar\/site\/elegimos-esta-calle-porque-es-muy-tranquila\/#primaryimage"},"thumbnailUrl":"https:\/\/www.periodicoelapogeo.com.ar\/site\/wp-content\/uploads\/2026\/04\/WhatsApp-Image-2026-04-28-at-23.42.51.jpeg","datePublished":"2026-04-29T12:58:00+00:00","dateModified":"2026-04-29T12:58:01+00:00","breadcrumb":{"@id":"https:\/\/www.periodicoelapogeo.com.ar\/site\/elegimos-esta-calle-porque-es-muy-tranquila\/#breadcrumb"},"inLanguage":"es","potentialAction":[{"@type":"ReadAction","target":["https:\/\/www.periodicoelapogeo.com.ar\/site\/elegimos-esta-calle-porque-es-muy-tranquila\/"]}]},{"@type":"ImageObject","inLanguage":"es","@id":"https:\/\/www.periodicoelapogeo.com.ar\/site\/elegimos-esta-calle-porque-es-muy-tranquila\/#primaryimage","url":"https:\/\/www.periodicoelapogeo.com.ar\/site\/wp-content\/uploads\/2026\/04\/WhatsApp-Image-2026-04-28-at-23.42.51.jpeg","contentUrl":"https:\/\/www.periodicoelapogeo.com.ar\/site\/wp-content\/uploads\/2026\/04\/WhatsApp-Image-2026-04-28-at-23.42.51.jpeg","width":1536,"height":1299},{"@type":"BreadcrumbList","@id":"https:\/\/www.periodicoelapogeo.com.ar\/site\/elegimos-esta-calle-porque-es-muy-tranquila\/#breadcrumb","itemListElement":[{"@type":"ListItem","position":1,"name":"Portada","item":"https:\/\/www.periodicoelapogeo.com.ar\/site\/"},{"@type":"ListItem","position":2,"name":"\u201cElegimos esta calle porque es muy tranquila\u201d"}]},{"@type":"WebSite","@id":"https:\/\/www.periodicoelapogeo.com.ar\/site\/#website","url":"https:\/\/www.periodicoelapogeo.com.ar\/site\/","name":"Peri\u00f3dico EL APOGEO","description":"En Derqui, Del Viso, Mor\u00f3n y Pilar","publisher":{"@id":"https:\/\/www.periodicoelapogeo.com.ar\/site\/#organization"},"potentialAction":[{"@type":"SearchAction","target":{"@type":"EntryPoint","urlTemplate":"https:\/\/www.periodicoelapogeo.com.ar\/site\/?s={search_term_string}"},"query-input":{"@type":"PropertyValueSpecification","valueRequired":true,"valueName":"search_term_string"}}],"inLanguage":"es"},{"@type":"Organization","@id":"https:\/\/www.periodicoelapogeo.com.ar\/site\/#organization","name":"Peri\u00f3dico EL APOGEO","url":"https:\/\/www.periodicoelapogeo.com.ar\/site\/","logo":{"@type":"ImageObject","inLanguage":"es","@id":"https:\/\/www.periodicoelapogeo.com.ar\/site\/#\/schema\/logo\/image\/","url":"https:\/\/www.periodicoelapogeo.com.ar\/site\/wp-content\/uploads\/2023\/03\/apogeo_logo.jpg","contentUrl":"https:\/\/www.periodicoelapogeo.com.ar\/site\/wp-content\/uploads\/2023\/03\/apogeo_logo.jpg","width":400,"height":400,"caption":"Peri\u00f3dico EL APOGEO"},"image":{"@id":"https:\/\/www.periodicoelapogeo.com.ar\/site\/#\/schema\/logo\/image\/"},"sameAs":["https:\/\/www.facebook.com\/Peridico-El-Apogeo-348111616395\/","https:\/\/x.com\/elapogeodiario","https:\/\/instagram.com\/elapogeodiario\/"]},{"@type":"Person","@id":"https:\/\/www.periodicoelapogeo.com.ar\/site\/#\/schema\/person\/d60bcb51884b850534948db8a28cae37","name":"editor","image":{"@type":"ImageObject","inLanguage":"es","@id":"https:\/\/www.periodicoelapogeo.com.ar\/site\/#\/schema\/person\/image\/","url":"https:\/\/secure.gravatar.com\/avatar\/af59c81eb11459c33aba6d1ef1422b5c7b8acb4c120f6e1f99e75810f387565f?s=96&d=mm&r=g","contentUrl":"https:\/\/secure.gravatar.com\/avatar\/af59c81eb11459c33aba6d1ef1422b5c7b8acb4c120f6e1f99e75810f387565f?s=96&d=mm&r=g","caption":"editor"},"sameAs":["http:\/\/periodicoelapogeo.com.ar"],"url":"https:\/\/www.periodicoelapogeo.com.ar\/site\/author\/victor\/"}]}},"_links":{"self":[{"href":"https:\/\/www.periodicoelapogeo.com.ar\/site\/wp-json\/wp\/v2\/posts\/31451","targetHints":{"allow":["GET"]}}],"collection":[{"href":"https:\/\/www.periodicoelapogeo.com.ar\/site\/wp-json\/wp\/v2\/posts"}],"about":[{"href":"https:\/\/www.periodicoelapogeo.com.ar\/site\/wp-json\/wp\/v2\/types\/post"}],"author":[{"embeddable":true,"href":"https:\/\/www.periodicoelapogeo.com.ar\/site\/wp-json\/wp\/v2\/users\/2"}],"replies":[{"embeddable":true,"href":"https:\/\/www.periodicoelapogeo.com.ar\/site\/wp-json\/wp\/v2\/comments?post=31451"}],"version-history":[{"count":1,"href":"https:\/\/www.periodicoelapogeo.com.ar\/site\/wp-json\/wp\/v2\/posts\/31451\/revisions"}],"predecessor-version":[{"id":31455,"href":"https:\/\/www.periodicoelapogeo.com.ar\/site\/wp-json\/wp\/v2\/posts\/31451\/revisions\/31455"}],"wp:featuredmedia":[{"embeddable":true,"href":"https:\/\/www.periodicoelapogeo.com.ar\/site\/wp-json\/wp\/v2\/media\/31454"}],"wp:attachment":[{"href":"https:\/\/www.periodicoelapogeo.com.ar\/site\/wp-json\/wp\/v2\/media?parent=31451"}],"wp:term":[{"taxonomy":"category","embeddable":true,"href":"https:\/\/www.periodicoelapogeo.com.ar\/site\/wp-json\/wp\/v2\/categories?post=31451"},{"taxonomy":"post_tag","embeddable":true,"href":"https:\/\/www.periodicoelapogeo.com.ar\/site\/wp-json\/wp\/v2\/tags?post=31451"}],"curies":[{"name":"wp","href":"https:\/\/api.w.org\/{rel}","templated":true}]}}