{"id":31456,"date":"2026-04-29T10:00:50","date_gmt":"2026-04-29T13:00:50","guid":{"rendered":"https:\/\/www.periodicoelapogeo.com.ar\/site\/?p=31456"},"modified":"2026-04-29T10:00:51","modified_gmt":"2026-04-29T13:00:51","slug":"la-plaza-de-del-viso-un-lugar-donde-la-gente-disfruta","status":"publish","type":"post","link":"https:\/\/www.periodicoelapogeo.com.ar\/site\/la-plaza-de-del-viso-un-lugar-donde-la-gente-disfruta\/","title":{"rendered":"La Plaza de Del Viso, un lugar donde la gente disfruta"},"content":{"rendered":"\n<figure class=\"wp-block-image size-large\"><img fetchpriority=\"high\" decoding=\"async\" width=\"1024\" height=\"766\" src=\"https:\/\/www.periodicoelapogeo.com.ar\/site\/wp-content\/uploads\/2026\/04\/Espacio-publico-1024x766.jpg\" alt=\"\" class=\"wp-image-31457\" srcset=\"https:\/\/www.periodicoelapogeo.com.ar\/site\/wp-content\/uploads\/2026\/04\/Espacio-publico-1024x766.jpg 1024w, https:\/\/www.periodicoelapogeo.com.ar\/site\/wp-content\/uploads\/2026\/04\/Espacio-publico-320x239.jpg 320w, https:\/\/www.periodicoelapogeo.com.ar\/site\/wp-content\/uploads\/2026\/04\/Espacio-publico-768x575.jpg 768w, https:\/\/www.periodicoelapogeo.com.ar\/site\/wp-content\/uploads\/2026\/04\/Espacio-publico.jpg 1200w\" sizes=\"(max-width: 1024px) 100vw, 1024px\" \/><figcaption class=\"wp-element-caption\">El s\u00e1bado 18 de abril en horas de la tarde, un grupo de artistas locales llev\u00f3 adelante una actividad que reuni\u00f3 m\u00fasica en vivo, teatro y camarader\u00eda. Samudra e invitados y el Bocha de Del Viso hicieron covers y temas propios. Teatro Furiosa Ternura llev\u00f3 adelante una representaci\u00f3n en conmemoraci\u00f3n de los 50 a\u00f1os del golpe de estado. Luz y Maxi acompa\u00f1aron con rock nacional. Y Nora Lunar, invitada especial de Jos\u00e9 C. Paz, puso su toque folcl\u00f3rico al encuentro.<\/figcaption><\/figure>\n\n\n\n<p style=\"font-size:16px\">En septiembre del 2023, entre las calles Lisandro de la Torre, Antonio Beruti, Dr. Manuel Jos\u00e9 de Labarden y C\u00e9sar Lombroso, qued\u00f3 inaugurada una hermosa plaza de una manzana con juegos para ni\u00f1os, bancos, \u00e1rboles, caminos y mesas para que familias, adultos de la tercera edad y j\u00f3venes compartan mates y charlas.<\/p>\n\n\n\n<p style=\"font-size:16px\">El d\u00eda de la inauguraci\u00f3n quedar\u00e1 en la historia como una jornada de genuina emoci\u00f3n, porque la plaza de Del Viso era un reclamo eterno que todos escuchaban y nadie llevaba adelante.<\/p>\n\n\n\n<p style=\"font-size:16px\">El proyecto del Paseo Del Viso arranc\u00f3 en el paso a nivel de Ruta 26 y la calle Independencia, con la creaci\u00f3n de un Centro de Monitoreo de 24 hs para mejorar la seguridad de la zona c\u00e9ntrica y comercial de la ciudad.<\/p>\n\n\n\n<p style=\"font-size:16px\">Luego sigui\u00f3 la creaci\u00f3n de un estacionamiento municipal y gratuito sobre la misma calle (el predio de la Estaci\u00f3n Del Viso) para seguir poniendo en valor al comercio local y resolver un dilema de a\u00f1os: la gente que tomaba el tren todos los d\u00edas para ir a trabajar y estacionaba sus autos en lugares que entorpec\u00edan el tr\u00e1nsito cotidiano.<\/p>\n\n\n\n<p style=\"font-size:16px\">Tambi\u00e9n se construy\u00f3 el Club Municipal Del Viso con el objetivo de generar un espacio de encuentro deportivo, cultural y social para la toda la comunidad delvisense, muy cerca del Hospital Falc\u00f3n.<\/p>\n\n\n\n<p style=\"font-size:16px\">Y, finalmente, la plaza, donde la comunidad y el Municipio han llevado adelante lindas iniciativas: la Fiesta del 25 de Mayo, el Primer Encuentro del Guiso de Lentejas organizado por vecinos, rondas de rock and roll, encuentros educativos con escuelas de la zona y el programa Compartiendo Letras, entre otros.<\/p>\n","protected":false},"excerpt":{"rendered":"<p>En septiembre del 2023, entre las calles Lisandro de la Torre, Antonio Beruti, Dr. Manuel Jos\u00e9 de Labarden y C\u00e9sar Lombroso, qued\u00f3 inaugurada una hermosa plaza de una manzana con&hellip; <\/p>\n","protected":false},"author":2,"featured_media":31457,"comment_status":"closed","ping_status":"open","sticky":false,"template":"","format":"standard","meta":{"footnotes":""},"categories":[47,170],"tags":[30,6,4450,4449],"class_list":["post-31456","post","type-post","status-publish","format-standard","has-post-thumbnail","hentry","category-cultura-al-hombro","category-importante","tag-cultura-al-hombro","tag-del-viso","tag-espacios-publlicos","tag-plaza-de-del-viso"],"yoast_head":"<!-- This site is optimized with the Yoast SEO plugin v26.8 - https:\/\/yoast.com\/product\/yoast-seo-wordpress\/ -->\n<title>La Plaza de Del Viso, un lugar donde la gente disfruta - Peri\u00f3dico EL APOGEO<\/title>\n<meta name=\"robots\" content=\"index, follow, max-snippet:-1, max-image-preview:large, max-video-preview:-1\" \/>\n<link rel=\"canonical\" href=\"https:\/\/www.periodicoelapogeo.com.ar\/site\/la-plaza-de-del-viso-un-lugar-donde-la-gente-disfruta\/\" \/>\n<meta property=\"og:locale\" content=\"es_ES\" \/>\n<meta property=\"og:type\" content=\"article\" \/>\n<meta property=\"og:title\" content=\"La Plaza de Del Viso, un lugar donde la gente disfruta - Peri\u00f3dico EL APOGEO\" \/>\n<meta property=\"og:description\" content=\"En septiembre del 2023, entre las calles Lisandro de la Torre, Antonio Beruti, Dr. Manuel Jos\u00e9 de Labarden y C\u00e9sar Lombroso, qued\u00f3 inaugurada una hermosa plaza de una manzana con&hellip;\" \/>\n<meta property=\"og:url\" content=\"https:\/\/www.periodicoelapogeo.com.ar\/site\/la-plaza-de-del-viso-un-lugar-donde-la-gente-disfruta\/\" \/>\n<meta property=\"og:site_name\" content=\"Peri\u00f3dico EL APOGEO\" \/>\n<meta property=\"article:publisher\" content=\"https:\/\/www.facebook.com\/Peridico-El-Apogeo-348111616395\/\" \/>\n<meta property=\"article:published_time\" content=\"2026-04-29T13:00:50+00:00\" \/>\n<meta property=\"article:modified_time\" content=\"2026-04-29T13:00:51+00:00\" \/>\n<meta property=\"og:image\" content=\"https:\/\/www.periodicoelapogeo.com.ar\/site\/wp-content\/uploads\/2026\/04\/Espacio-publico.jpg\" \/>\n\t<meta property=\"og:image:width\" content=\"1200\" \/>\n\t<meta property=\"og:image:height\" content=\"898\" \/>\n\t<meta property=\"og:image:type\" content=\"image\/jpeg\" \/>\n<meta name=\"author\" content=\"editor\" \/>\n<meta name=\"twitter:card\" content=\"summary_large_image\" \/>\n<meta name=\"twitter:creator\" content=\"@elapogeodiario\" \/>\n<meta name=\"twitter:site\" content=\"@elapogeodiario\" \/>\n<meta name=\"twitter:label1\" content=\"Escrito por\" \/>\n\t<meta name=\"twitter:data1\" content=\"editor\" \/>\n\t<meta name=\"twitter:label2\" content=\"Tiempo de lectura\" \/>\n\t<meta name=\"twitter:data2\" content=\"2 minutos\" \/>\n<script type=\"application\/ld+json\" class=\"yoast-schema-graph\">{\"@context\":\"https:\/\/schema.org\",\"@graph\":[{\"@type\":\"Article\",\"@id\":\"https:\/\/www.periodicoelapogeo.com.ar\/site\/la-plaza-de-del-viso-un-lugar-donde-la-gente-disfruta\/#article\",\"isPartOf\":{\"@id\":\"https:\/\/www.periodicoelapogeo.com.ar\/site\/la-plaza-de-del-viso-un-lugar-donde-la-gente-disfruta\/\"},\"author\":{\"name\":\"editor\",\"@id\":\"https:\/\/www.periodicoelapogeo.com.ar\/site\/#\/schema\/person\/d60bcb51884b850534948db8a28cae37\"},\"headline\":\"La Plaza de Del Viso, un lugar donde la gente disfruta\",\"datePublished\":\"2026-04-29T13:00:50+00:00\",\"dateModified\":\"2026-04-29T13:00:51+00:00\",\"mainEntityOfPage\":{\"@id\":\"https:\/\/www.periodicoelapogeo.com.ar\/site\/la-plaza-de-del-viso-un-lugar-donde-la-gente-disfruta\/\"},\"wordCount\":377,\"publisher\":{\"@id\":\"https:\/\/www.periodicoelapogeo.com.ar\/site\/#organization\"},\"image\":{\"@id\":\"https:\/\/www.periodicoelapogeo.com.ar\/site\/la-plaza-de-del-viso-un-lugar-donde-la-gente-disfruta\/#primaryimage\"},\"thumbnailUrl\":\"https:\/\/www.periodicoelapogeo.com.ar\/site\/wp-content\/uploads\/2026\/04\/Espacio-publico.jpg\",\"keywords\":[\"Cultura al hombro\",\"Del Viso\",\"espacios p\u00fabllicos\",\"Plaza de Del Viso\"],\"articleSection\":[\"Cultura al hombro\",\"Importante\"],\"inLanguage\":\"es\"},{\"@type\":\"WebPage\",\"@id\":\"https:\/\/www.periodicoelapogeo.com.ar\/site\/la-plaza-de-del-viso-un-lugar-donde-la-gente-disfruta\/\",\"url\":\"https:\/\/www.periodicoelapogeo.com.ar\/site\/la-plaza-de-del-viso-un-lugar-donde-la-gente-disfruta\/\",\"name\":\"La Plaza de Del Viso, un lugar donde la gente disfruta - Peri\u00f3dico EL APOGEO\",\"isPartOf\":{\"@id\":\"https:\/\/www.periodicoelapogeo.com.ar\/site\/#website\"},\"primaryImageOfPage\":{\"@id\":\"https:\/\/www.periodicoelapogeo.com.ar\/site\/la-plaza-de-del-viso-un-lugar-donde-la-gente-disfruta\/#primaryimage\"},\"image\":{\"@id\":\"https:\/\/www.periodicoelapogeo.com.ar\/site\/la-plaza-de-del-viso-un-lugar-donde-la-gente-disfruta\/#primaryimage\"},\"thumbnailUrl\":\"https:\/\/www.periodicoelapogeo.com.ar\/site\/wp-content\/uploads\/2026\/04\/Espacio-publico.jpg\",\"datePublished\":\"2026-04-29T13:00:50+00:00\",\"dateModified\":\"2026-04-29T13:00:51+00:00\",\"breadcrumb\":{\"@id\":\"https:\/\/www.periodicoelapogeo.com.ar\/site\/la-plaza-de-del-viso-un-lugar-donde-la-gente-disfruta\/#breadcrumb\"},\"inLanguage\":\"es\",\"potentialAction\":[{\"@type\":\"ReadAction\",\"target\":[\"https:\/\/www.periodicoelapogeo.com.ar\/site\/la-plaza-de-del-viso-un-lugar-donde-la-gente-disfruta\/\"]}]},{\"@type\":\"ImageObject\",\"inLanguage\":\"es\",\"@id\":\"https:\/\/www.periodicoelapogeo.com.ar\/site\/la-plaza-de-del-viso-un-lugar-donde-la-gente-disfruta\/#primaryimage\",\"url\":\"https:\/\/www.periodicoelapogeo.com.ar\/site\/wp-content\/uploads\/2026\/04\/Espacio-publico.jpg\",\"contentUrl\":\"https:\/\/www.periodicoelapogeo.com.ar\/site\/wp-content\/uploads\/2026\/04\/Espacio-publico.jpg\",\"width\":1200,\"height\":898},{\"@type\":\"BreadcrumbList\",\"@id\":\"https:\/\/www.periodicoelapogeo.com.ar\/site\/la-plaza-de-del-viso-un-lugar-donde-la-gente-disfruta\/#breadcrumb\",\"itemListElement\":[{\"@type\":\"ListItem\",\"position\":1,\"name\":\"Portada\",\"item\":\"https:\/\/www.periodicoelapogeo.com.ar\/site\/\"},{\"@type\":\"ListItem\",\"position\":2,\"name\":\"La Plaza de Del Viso, un lugar donde la gente disfruta\"}]},{\"@type\":\"WebSite\",\"@id\":\"https:\/\/www.periodicoelapogeo.com.ar\/site\/#website\",\"url\":\"https:\/\/www.periodicoelapogeo.com.ar\/site\/\",\"name\":\"Peri\u00f3dico EL APOGEO\",\"description\":\"En Derqui, Del Viso, Mor\u00f3n y Pilar\",\"publisher\":{\"@id\":\"https:\/\/www.periodicoelapogeo.com.ar\/site\/#organization\"},\"potentialAction\":[{\"@type\":\"SearchAction\",\"target\":{\"@type\":\"EntryPoint\",\"urlTemplate\":\"https:\/\/www.periodicoelapogeo.com.ar\/site\/?s={search_term_string}\"},\"query-input\":{\"@type\":\"PropertyValueSpecification\",\"valueRequired\":true,\"valueName\":\"search_term_string\"}}],\"inLanguage\":\"es\"},{\"@type\":\"Organization\",\"@id\":\"https:\/\/www.periodicoelapogeo.com.ar\/site\/#organization\",\"name\":\"Peri\u00f3dico EL APOGEO\",\"url\":\"https:\/\/www.periodicoelapogeo.com.ar\/site\/\",\"logo\":{\"@type\":\"ImageObject\",\"inLanguage\":\"es\",\"@id\":\"https:\/\/www.periodicoelapogeo.com.ar\/site\/#\/schema\/logo\/image\/\",\"url\":\"https:\/\/www.periodicoelapogeo.com.ar\/site\/wp-content\/uploads\/2023\/03\/apogeo_logo.jpg\",\"contentUrl\":\"https:\/\/www.periodicoelapogeo.com.ar\/site\/wp-content\/uploads\/2023\/03\/apogeo_logo.jpg\",\"width\":400,\"height\":400,\"caption\":\"Peri\u00f3dico EL APOGEO\"},\"image\":{\"@id\":\"https:\/\/www.periodicoelapogeo.com.ar\/site\/#\/schema\/logo\/image\/\"},\"sameAs\":[\"https:\/\/www.facebook.com\/Peridico-El-Apogeo-348111616395\/\",\"https:\/\/x.com\/elapogeodiario\",\"https:\/\/instagram.com\/elapogeodiario\/\"]},{\"@type\":\"Person\",\"@id\":\"https:\/\/www.periodicoelapogeo.com.ar\/site\/#\/schema\/person\/d60bcb51884b850534948db8a28cae37\",\"name\":\"editor\",\"image\":{\"@type\":\"ImageObject\",\"inLanguage\":\"es\",\"@id\":\"https:\/\/www.periodicoelapogeo.com.ar\/site\/#\/schema\/person\/image\/\",\"url\":\"https:\/\/secure.gravatar.com\/avatar\/af59c81eb11459c33aba6d1ef1422b5c7b8acb4c120f6e1f99e75810f387565f?s=96&d=mm&r=g\",\"contentUrl\":\"https:\/\/secure.gravatar.com\/avatar\/af59c81eb11459c33aba6d1ef1422b5c7b8acb4c120f6e1f99e75810f387565f?s=96&d=mm&r=g\",\"caption\":\"editor\"},\"sameAs\":[\"http:\/\/periodicoelapogeo.com.ar\"],\"url\":\"https:\/\/www.periodicoelapogeo.com.ar\/site\/author\/victor\/\"}]}<\/script>\n<!-- \/ Yoast SEO plugin. -->","yoast_head_json":{"title":"La Plaza de Del Viso, un lugar donde la gente disfruta - Peri\u00f3dico EL APOGEO","robots":{"index":"index","follow":"follow","max-snippet":"max-snippet:-1","max-image-preview":"max-image-preview:large","max-video-preview":"max-video-preview:-1"},"canonical":"https:\/\/www.periodicoelapogeo.com.ar\/site\/la-plaza-de-del-viso-un-lugar-donde-la-gente-disfruta\/","og_locale":"es_ES","og_type":"article","og_title":"La Plaza de Del Viso, un lugar donde la gente disfruta - Peri\u00f3dico EL APOGEO","og_description":"En septiembre del 2023, entre las calles Lisandro de la Torre, Antonio Beruti, Dr. Manuel Jos\u00e9 de Labarden y C\u00e9sar Lombroso, qued\u00f3 inaugurada una hermosa plaza de una manzana con&hellip;","og_url":"https:\/\/www.periodicoelapogeo.com.ar\/site\/la-plaza-de-del-viso-un-lugar-donde-la-gente-disfruta\/","og_site_name":"Peri\u00f3dico EL APOGEO","article_publisher":"https:\/\/www.facebook.com\/Peridico-El-Apogeo-348111616395\/","article_published_time":"2026-04-29T13:00:50+00:00","article_modified_time":"2026-04-29T13:00:51+00:00","og_image":[{"width":1200,"height":898,"url":"https:\/\/www.periodicoelapogeo.com.ar\/site\/wp-content\/uploads\/2026\/04\/Espacio-publico.jpg","type":"image\/jpeg"}],"author":"editor","twitter_card":"summary_large_image","twitter_creator":"@elapogeodiario","twitter_site":"@elapogeodiario","twitter_misc":{"Escrito por":"editor","Tiempo de lectura":"2 minutos"},"schema":{"@context":"https:\/\/schema.org","@graph":[{"@type":"Article","@id":"https:\/\/www.periodicoelapogeo.com.ar\/site\/la-plaza-de-del-viso-un-lugar-donde-la-gente-disfruta\/#article","isPartOf":{"@id":"https:\/\/www.periodicoelapogeo.com.ar\/site\/la-plaza-de-del-viso-un-lugar-donde-la-gente-disfruta\/"},"author":{"name":"editor","@id":"https:\/\/www.periodicoelapogeo.com.ar\/site\/#\/schema\/person\/d60bcb51884b850534948db8a28cae37"},"headline":"La Plaza de Del Viso, un lugar donde la gente disfruta","datePublished":"2026-04-29T13:00:50+00:00","dateModified":"2026-04-29T13:00:51+00:00","mainEntityOfPage":{"@id":"https:\/\/www.periodicoelapogeo.com.ar\/site\/la-plaza-de-del-viso-un-lugar-donde-la-gente-disfruta\/"},"wordCount":377,"publisher":{"@id":"https:\/\/www.periodicoelapogeo.com.ar\/site\/#organization"},"image":{"@id":"https:\/\/www.periodicoelapogeo.com.ar\/site\/la-plaza-de-del-viso-un-lugar-donde-la-gente-disfruta\/#primaryimage"},"thumbnailUrl":"https:\/\/www.periodicoelapogeo.com.ar\/site\/wp-content\/uploads\/2026\/04\/Espacio-publico.jpg","keywords":["Cultura al hombro","Del Viso","espacios p\u00fabllicos","Plaza de Del Viso"],"articleSection":["Cultura al hombro","Importante"],"inLanguage":"es"},{"@type":"WebPage","@id":"https:\/\/www.periodicoelapogeo.com.ar\/site\/la-plaza-de-del-viso-un-lugar-donde-la-gente-disfruta\/","url":"https:\/\/www.periodicoelapogeo.com.ar\/site\/la-plaza-de-del-viso-un-lugar-donde-la-gente-disfruta\/","name":"La Plaza de Del Viso, un lugar donde la gente disfruta - Peri\u00f3dico EL APOGEO","isPartOf":{"@id":"https:\/\/www.periodicoelapogeo.com.ar\/site\/#website"},"primaryImageOfPage":{"@id":"https:\/\/www.periodicoelapogeo.com.ar\/site\/la-plaza-de-del-viso-un-lugar-donde-la-gente-disfruta\/#primaryimage"},"image":{"@id":"https:\/\/www.periodicoelapogeo.com.ar\/site\/la-plaza-de-del-viso-un-lugar-donde-la-gente-disfruta\/#primaryimage"},"thumbnailUrl":"https:\/\/www.periodicoelapogeo.com.ar\/site\/wp-content\/uploads\/2026\/04\/Espacio-publico.jpg","datePublished":"2026-04-29T13:00:50+00:00","dateModified":"2026-04-29T13:00:51+00:00","breadcrumb":{"@id":"https:\/\/www.periodicoelapogeo.com.ar\/site\/la-plaza-de-del-viso-un-lugar-donde-la-gente-disfruta\/#breadcrumb"},"inLanguage":"es","potentialAction":[{"@type":"ReadAction","target":["https:\/\/www.periodicoelapogeo.com.ar\/site\/la-plaza-de-del-viso-un-lugar-donde-la-gente-disfruta\/"]}]},{"@type":"ImageObject","inLanguage":"es","@id":"https:\/\/www.periodicoelapogeo.com.ar\/site\/la-plaza-de-del-viso-un-lugar-donde-la-gente-disfruta\/#primaryimage","url":"https:\/\/www.periodicoelapogeo.com.ar\/site\/wp-content\/uploads\/2026\/04\/Espacio-publico.jpg","contentUrl":"https:\/\/www.periodicoelapogeo.com.ar\/site\/wp-content\/uploads\/2026\/04\/Espacio-publico.jpg","width":1200,"height":898},{"@type":"BreadcrumbList","@id":"https:\/\/www.periodicoelapogeo.com.ar\/site\/la-plaza-de-del-viso-un-lugar-donde-la-gente-disfruta\/#breadcrumb","itemListElement":[{"@type":"ListItem","position":1,"name":"Portada","item":"https:\/\/www.periodicoelapogeo.com.ar\/site\/"},{"@type":"ListItem","position":2,"name":"La Plaza de Del Viso, un lugar donde la gente disfruta"}]},{"@type":"WebSite","@id":"https:\/\/www.periodicoelapogeo.com.ar\/site\/#website","url":"https:\/\/www.periodicoelapogeo.com.ar\/site\/","name":"Peri\u00f3dico EL APOGEO","description":"En Derqui, Del Viso, Mor\u00f3n y Pilar","publisher":{"@id":"https:\/\/www.periodicoelapogeo.com.ar\/site\/#organization"},"potentialAction":[{"@type":"SearchAction","target":{"@type":"EntryPoint","urlTemplate":"https:\/\/www.periodicoelapogeo.com.ar\/site\/?s={search_term_string}"},"query-input":{"@type":"PropertyValueSpecification","valueRequired":true,"valueName":"search_term_string"}}],"inLanguage":"es"},{"@type":"Organization","@id":"https:\/\/www.periodicoelapogeo.com.ar\/site\/#organization","name":"Peri\u00f3dico EL APOGEO","url":"https:\/\/www.periodicoelapogeo.com.ar\/site\/","logo":{"@type":"ImageObject","inLanguage":"es","@id":"https:\/\/www.periodicoelapogeo.com.ar\/site\/#\/schema\/logo\/image\/","url":"https:\/\/www.periodicoelapogeo.com.ar\/site\/wp-content\/uploads\/2023\/03\/apogeo_logo.jpg","contentUrl":"https:\/\/www.periodicoelapogeo.com.ar\/site\/wp-content\/uploads\/2023\/03\/apogeo_logo.jpg","width":400,"height":400,"caption":"Peri\u00f3dico EL APOGEO"},"image":{"@id":"https:\/\/www.periodicoelapogeo.com.ar\/site\/#\/schema\/logo\/image\/"},"sameAs":["https:\/\/www.facebook.com\/Peridico-El-Apogeo-348111616395\/","https:\/\/x.com\/elapogeodiario","https:\/\/instagram.com\/elapogeodiario\/"]},{"@type":"Person","@id":"https:\/\/www.periodicoelapogeo.com.ar\/site\/#\/schema\/person\/d60bcb51884b850534948db8a28cae37","name":"editor","image":{"@type":"ImageObject","inLanguage":"es","@id":"https:\/\/www.periodicoelapogeo.com.ar\/site\/#\/schema\/person\/image\/","url":"https:\/\/secure.gravatar.com\/avatar\/af59c81eb11459c33aba6d1ef1422b5c7b8acb4c120f6e1f99e75810f387565f?s=96&d=mm&r=g","contentUrl":"https:\/\/secure.gravatar.com\/avatar\/af59c81eb11459c33aba6d1ef1422b5c7b8acb4c120f6e1f99e75810f387565f?s=96&d=mm&r=g","caption":"editor"},"sameAs":["http:\/\/periodicoelapogeo.com.ar"],"url":"https:\/\/www.periodicoelapogeo.com.ar\/site\/author\/victor\/"}]}},"_links":{"self":[{"href":"https:\/\/www.periodicoelapogeo.com.ar\/site\/wp-json\/wp\/v2\/posts\/31456","targetHints":{"allow":["GET"]}}],"collection":[{"href":"https:\/\/www.periodicoelapogeo.com.ar\/site\/wp-json\/wp\/v2\/posts"}],"about":[{"href":"https:\/\/www.periodicoelapogeo.com.ar\/site\/wp-json\/wp\/v2\/types\/post"}],"author":[{"embeddable":true,"href":"https:\/\/www.periodicoelapogeo.com.ar\/site\/wp-json\/wp\/v2\/users\/2"}],"replies":[{"embeddable":true,"href":"https:\/\/www.periodicoelapogeo.com.ar\/site\/wp-json\/wp\/v2\/comments?post=31456"}],"version-history":[{"count":1,"href":"https:\/\/www.periodicoelapogeo.com.ar\/site\/wp-json\/wp\/v2\/posts\/31456\/revisions"}],"predecessor-version":[{"id":31458,"href":"https:\/\/www.periodicoelapogeo.com.ar\/site\/wp-json\/wp\/v2\/posts\/31456\/revisions\/31458"}],"wp:featuredmedia":[{"embeddable":true,"href":"https:\/\/www.periodicoelapogeo.com.ar\/site\/wp-json\/wp\/v2\/media\/31457"}],"wp:attachment":[{"href":"https:\/\/www.periodicoelapogeo.com.ar\/site\/wp-json\/wp\/v2\/media?parent=31456"}],"wp:term":[{"taxonomy":"category","embeddable":true,"href":"https:\/\/www.periodicoelapogeo.com.ar\/site\/wp-json\/wp\/v2\/categories?post=31456"},{"taxonomy":"post_tag","embeddable":true,"href":"https:\/\/www.periodicoelapogeo.com.ar\/site\/wp-json\/wp\/v2\/tags?post=31456"}],"curies":[{"name":"wp","href":"https:\/\/api.w.org\/{rel}","templated":true}]}}