{"id":31459,"date":"2026-04-29T10:05:55","date_gmt":"2026-04-29T13:05:55","guid":{"rendered":"https:\/\/www.periodicoelapogeo.com.ar\/site\/?p=31459"},"modified":"2026-04-29T10:05:57","modified_gmt":"2026-04-29T13:05:57","slug":"una-seccion-que-rescata-la-voz-de-la-gente","status":"publish","type":"post","link":"https:\/\/www.periodicoelapogeo.com.ar\/site\/una-seccion-que-rescata-la-voz-de-la-gente\/","title":{"rendered":"Una secci\u00f3n que rescata la voz de la gente"},"content":{"rendered":"\n<p class=\"has-medium-font-size\">Tres vecinas derquinas se reunieron alrededor de una mesa y charlaron sobre cosas de Derqui y de la vida.<\/p>\n\n\n\n<figure class=\"wp-block-image size-large\"><img fetchpriority=\"high\" decoding=\"async\" width=\"1024\" height=\"658\" src=\"https:\/\/www.periodicoelapogeo.com.ar\/site\/wp-content\/uploads\/2026\/04\/mesa-de-cafe-1-1024x658.jpg\" alt=\"\" class=\"wp-image-31460\" srcset=\"https:\/\/www.periodicoelapogeo.com.ar\/site\/wp-content\/uploads\/2026\/04\/mesa-de-cafe-1-1024x658.jpg 1024w, https:\/\/www.periodicoelapogeo.com.ar\/site\/wp-content\/uploads\/2026\/04\/mesa-de-cafe-1-320x205.jpg 320w, https:\/\/www.periodicoelapogeo.com.ar\/site\/wp-content\/uploads\/2026\/04\/mesa-de-cafe-1-768x493.jpg 768w, https:\/\/www.periodicoelapogeo.com.ar\/site\/wp-content\/uploads\/2026\/04\/mesa-de-cafe-1-1536x986.jpg 1536w, https:\/\/www.periodicoelapogeo.com.ar\/site\/wp-content\/uploads\/2026\/04\/mesa-de-cafe-1-2048x1315.jpg 2048w\" sizes=\"(max-width: 1024px) 100vw, 1024px\" \/><figcaption class=\"wp-element-caption\">Tres amigas y una mesa. Derqui y la amistad en el centro de la charla.<\/figcaption><\/figure>\n\n\n\n<p style=\"font-size:16px\">Fundado en 2008 por Jos\u00e9 Koprivsek y Marcelo Laffitte, El Apogeo de Derqui cumple 18 a\u00f1os de historia period\u00edstica en la Ciudad del Saludo y la Amistad.<\/p>\n\n\n\n<p style=\"font-size:16px\">Tenemos varias secciones que se han mantenido durante todos estos a\u00f1os: Valiosa Juventud, La voz de la experiencia, Los que se fueron lejos, Cultura al hombro y La mesa de caf\u00e9.<\/p>\n\n\n\n<p style=\"font-size:16px\">Hac\u00eda rato que no se daba esta \u00faltima, siempre bien recibida por la comunidad debido a la importancia de los comentarios de sus protagonistas en base a su mirada con respecto a la actualidad derquina.<\/p>\n\n\n\n<p style=\"font-size:16px\">Tres vecinas de toda la vida cuentan, desde su punto de vista, lo bueno y lo que le falta a la ciudad que eligieron para vivir.<\/p>\n\n\n\n<p style=\"font-size:16px\">In\u00e9s Arias (75) lleg\u00f3 a Derqui cuando ten\u00eda 10 a\u00f1os. <em>\u201cYo viv\u00eda donde no hab\u00eda asfalto ni luz, ten\u00edamos que caminar en el barro. Ahora la calle Alfaro se convirti\u00f3 en un Paseo y la mejora es impresionante. Ah\u00ed tengo mi casa de toda la vida y un kiosco. El Paseo qued\u00f3 hermoso, lo \u00fanico es el caminito que va a la estaci\u00f3n, habr\u00eda que mejorar esa parte\u201d<\/em>.<\/p>\n\n\n\n<figure class=\"wp-block-image size-large\"><img decoding=\"async\" width=\"934\" height=\"1024\" src=\"https:\/\/www.periodicoelapogeo.com.ar\/site\/wp-content\/uploads\/2026\/04\/mesa-de-cafe-2-934x1024.jpg\" alt=\"\" class=\"wp-image-31461\" srcset=\"https:\/\/www.periodicoelapogeo.com.ar\/site\/wp-content\/uploads\/2026\/04\/mesa-de-cafe-2-934x1024.jpg 934w, https:\/\/www.periodicoelapogeo.com.ar\/site\/wp-content\/uploads\/2026\/04\/mesa-de-cafe-2-274x300.jpg 274w, https:\/\/www.periodicoelapogeo.com.ar\/site\/wp-content\/uploads\/2026\/04\/mesa-de-cafe-2-768x842.jpg 768w, https:\/\/www.periodicoelapogeo.com.ar\/site\/wp-content\/uploads\/2026\/04\/mesa-de-cafe-2.jpg 945w\" sizes=\"(max-width: 934px) 100vw, 934px\" \/><figcaption class=\"wp-element-caption\">In\u00e9s: <em>\u201cEl Paseo Alfaro qued\u00f3 hermoso\u201d.<\/em><\/figcaption><\/figure>\n\n\n\n<p style=\"font-size:16px\">\u00a0Rosita Franco vive en Derqui desde los 3 a\u00f1os, tiene 74. <em>\u201cMe crie frente a la Plaza Antonio Toro, ahora vivo a media cuadra sobre Rivadavia; lo que quiero es hablar de la plaza, cuando llueve las veredas se inundan, hay \u00e1rboles que se enfermaron y han tenido que sacar, no hay pasto ni flores en los canteros, falta mantenimiento\u201d<\/em>.<\/p>\n\n\n\n<figure class=\"wp-block-image size-full\"><img decoding=\"async\" width=\"525\" height=\"640\" src=\"https:\/\/www.periodicoelapogeo.com.ar\/site\/wp-content\/uploads\/2026\/04\/mesa-de-cafe-3.jpg\" alt=\"\" class=\"wp-image-31462\" srcset=\"https:\/\/www.periodicoelapogeo.com.ar\/site\/wp-content\/uploads\/2026\/04\/mesa-de-cafe-3.jpg 525w, https:\/\/www.periodicoelapogeo.com.ar\/site\/wp-content\/uploads\/2026\/04\/mesa-de-cafe-3-246x300.jpg 246w\" sizes=\"(max-width: 525px) 100vw, 525px\" \/><figcaption class=\"wp-element-caption\">Rosita: <em>\u201cA la plaza le falta mantenimiento\u201d.<\/em><\/figcaption><\/figure>\n\n\n\n<p style=\"font-size:16px\">Norma M\u00e9ndez naci\u00f3 en Derqui, en su casa. <em>\u201cMi mam\u00e1 fue atendida por la partera do\u00f1a Am\u00e1bile, para m\u00ed lo lindo de Derqui y el progreso que ha tenido en los \u00faltimos a\u00f1os se ve y se comenta constantemente y la gente lo disfruta; el tema es que cuando hay algo que reclamar, no hay posibilidades de hacerlo. La limpieza es uno de esos temas, tanto la recolecci\u00f3n de basura y podas, como el barrido de los cordones\u201d.<\/em><\/p>\n\n\n\n<figure class=\"wp-block-image size-large\"><img loading=\"lazy\" decoding=\"async\" width=\"894\" height=\"1024\" src=\"https:\/\/www.periodicoelapogeo.com.ar\/site\/wp-content\/uploads\/2026\/04\/mesa-de-cafe-4-894x1024.jpg\" alt=\"\" class=\"wp-image-31463\" srcset=\"https:\/\/www.periodicoelapogeo.com.ar\/site\/wp-content\/uploads\/2026\/04\/mesa-de-cafe-4-894x1024.jpg 894w, https:\/\/www.periodicoelapogeo.com.ar\/site\/wp-content\/uploads\/2026\/04\/mesa-de-cafe-4-262x300.jpg 262w, https:\/\/www.periodicoelapogeo.com.ar\/site\/wp-content\/uploads\/2026\/04\/mesa-de-cafe-4-768x880.jpg 768w, https:\/\/www.periodicoelapogeo.com.ar\/site\/wp-content\/uploads\/2026\/04\/mesa-de-cafe-4.jpg 1207w\" sizes=\"(max-width: 894px) 100vw, 894px\" \/><figcaption class=\"wp-element-caption\">Norma: <em>\u201cLa amistad es muy importante\u201d<\/em>.<\/figcaption><\/figure>\n\n\n\n<p style=\"font-size:16px\">Las tres vecinas son amigas, estudiaron en la Escuela 11 y en el Instituto Cardenal Copello.<\/p>\n\n\n\n<p style=\"font-size:16px\">-En este momento de sus vidas, \u00bfqu\u00e9 significa la amistad para ustedes?<\/p>\n\n\n\n<p style=\"font-size:16px\">-Son las personas con las que podemos contar para todo, en los momentos lindos y los malos -responde Rosita.<\/p>\n\n\n\n<p style=\"font-size:16px\">-En esta etapa de la vida, las amistades son lo m\u00e1s importante -dice Norma.<\/p>\n\n\n\n<p style=\"font-size:16px\">-La amistad hay que valorarla y profundizarla, al ser grandes nos damos cuenta de eso reafirma In\u00e9s.<\/p>\n","protected":false},"excerpt":{"rendered":"<p>Tres vecinas derquinas se reunieron alrededor de una mesa y charlaron sobre cosas de Derqui y de la vida. Fundado en 2008 por Jos\u00e9 Koprivsek y Marcelo Laffitte, El Apogeo&hellip; <\/p>\n","protected":false},"author":2,"featured_media":31460,"comment_status":"closed","ping_status":"open","sticky":false,"template":"","format":"standard","meta":{"footnotes":""},"categories":[3,1320],"tags":[7,4118,1044],"class_list":["post-31459","post","type-post","status-publish","format-standard","has-post-thumbnail","hentry","category-destacada","category-nuestra-gente","tag-derqui","tag-la-mesa-de-cafe","tag-vecinas"],"yoast_head":"<!-- This site is optimized with the Yoast SEO plugin v26.8 - https:\/\/yoast.com\/product\/yoast-seo-wordpress\/ -->\n<title>Una secci\u00f3n que rescata la voz de la gente - Peri\u00f3dico EL APOGEO<\/title>\n<meta name=\"robots\" content=\"index, follow, max-snippet:-1, max-image-preview:large, max-video-preview:-1\" \/>\n<link rel=\"canonical\" href=\"https:\/\/www.periodicoelapogeo.com.ar\/site\/una-seccion-que-rescata-la-voz-de-la-gente\/\" \/>\n<meta property=\"og:locale\" content=\"es_ES\" \/>\n<meta property=\"og:type\" content=\"article\" \/>\n<meta property=\"og:title\" content=\"Una secci\u00f3n que rescata la voz de la gente - Peri\u00f3dico EL APOGEO\" \/>\n<meta property=\"og:description\" content=\"Tres vecinas derquinas se reunieron alrededor de una mesa y charlaron sobre cosas de Derqui y de la vida. Fundado en 2008 por Jos\u00e9 Koprivsek y Marcelo Laffitte, El Apogeo&hellip;\" \/>\n<meta property=\"og:url\" content=\"https:\/\/www.periodicoelapogeo.com.ar\/site\/una-seccion-que-rescata-la-voz-de-la-gente\/\" \/>\n<meta property=\"og:site_name\" content=\"Peri\u00f3dico EL APOGEO\" \/>\n<meta property=\"article:publisher\" content=\"https:\/\/www.facebook.com\/Peridico-El-Apogeo-348111616395\/\" \/>\n<meta property=\"article:published_time\" content=\"2026-04-29T13:05:55+00:00\" \/>\n<meta property=\"article:modified_time\" content=\"2026-04-29T13:05:57+00:00\" \/>\n<meta property=\"og:image\" content=\"https:\/\/www.periodicoelapogeo.com.ar\/site\/wp-content\/uploads\/2026\/04\/mesa-de-cafe-1-scaled.jpg\" \/>\n\t<meta property=\"og:image:width\" content=\"2560\" \/>\n\t<meta property=\"og:image:height\" content=\"1644\" \/>\n\t<meta property=\"og:image:type\" content=\"image\/jpeg\" \/>\n<meta name=\"author\" content=\"editor\" \/>\n<meta name=\"twitter:card\" content=\"summary_large_image\" \/>\n<meta name=\"twitter:creator\" content=\"@elapogeodiario\" \/>\n<meta name=\"twitter:site\" content=\"@elapogeodiario\" \/>\n<meta name=\"twitter:label1\" content=\"Escrito por\" \/>\n\t<meta name=\"twitter:data1\" content=\"editor\" \/>\n\t<meta name=\"twitter:label2\" content=\"Tiempo de lectura\" \/>\n\t<meta name=\"twitter:data2\" content=\"4 minutos\" \/>\n<script type=\"application\/ld+json\" class=\"yoast-schema-graph\">{\"@context\":\"https:\/\/schema.org\",\"@graph\":[{\"@type\":\"Article\",\"@id\":\"https:\/\/www.periodicoelapogeo.com.ar\/site\/una-seccion-que-rescata-la-voz-de-la-gente\/#article\",\"isPartOf\":{\"@id\":\"https:\/\/www.periodicoelapogeo.com.ar\/site\/una-seccion-que-rescata-la-voz-de-la-gente\/\"},\"author\":{\"name\":\"editor\",\"@id\":\"https:\/\/www.periodicoelapogeo.com.ar\/site\/#\/schema\/person\/d60bcb51884b850534948db8a28cae37\"},\"headline\":\"Una secci\u00f3n que rescata la voz de la gente\",\"datePublished\":\"2026-04-29T13:05:55+00:00\",\"dateModified\":\"2026-04-29T13:05:57+00:00\",\"mainEntityOfPage\":{\"@id\":\"https:\/\/www.periodicoelapogeo.com.ar\/site\/una-seccion-que-rescata-la-voz-de-la-gente\/\"},\"wordCount\":480,\"publisher\":{\"@id\":\"https:\/\/www.periodicoelapogeo.com.ar\/site\/#organization\"},\"image\":{\"@id\":\"https:\/\/www.periodicoelapogeo.com.ar\/site\/una-seccion-que-rescata-la-voz-de-la-gente\/#primaryimage\"},\"thumbnailUrl\":\"https:\/\/www.periodicoelapogeo.com.ar\/site\/wp-content\/uploads\/2026\/04\/mesa-de-cafe-1-scaled.jpg\",\"keywords\":[\"Derqui\",\"la mesa de caf\u00e9\",\"vecinas\"],\"articleSection\":[\"Destacada\",\"Nuestra gente\"],\"inLanguage\":\"es\"},{\"@type\":\"WebPage\",\"@id\":\"https:\/\/www.periodicoelapogeo.com.ar\/site\/una-seccion-que-rescata-la-voz-de-la-gente\/\",\"url\":\"https:\/\/www.periodicoelapogeo.com.ar\/site\/una-seccion-que-rescata-la-voz-de-la-gente\/\",\"name\":\"Una secci\u00f3n que rescata la voz de la gente - Peri\u00f3dico EL APOGEO\",\"isPartOf\":{\"@id\":\"https:\/\/www.periodicoelapogeo.com.ar\/site\/#website\"},\"primaryImageOfPage\":{\"@id\":\"https:\/\/www.periodicoelapogeo.com.ar\/site\/una-seccion-que-rescata-la-voz-de-la-gente\/#primaryimage\"},\"image\":{\"@id\":\"https:\/\/www.periodicoelapogeo.com.ar\/site\/una-seccion-que-rescata-la-voz-de-la-gente\/#primaryimage\"},\"thumbnailUrl\":\"https:\/\/www.periodicoelapogeo.com.ar\/site\/wp-content\/uploads\/2026\/04\/mesa-de-cafe-1-scaled.jpg\",\"datePublished\":\"2026-04-29T13:05:55+00:00\",\"dateModified\":\"2026-04-29T13:05:57+00:00\",\"breadcrumb\":{\"@id\":\"https:\/\/www.periodicoelapogeo.com.ar\/site\/una-seccion-que-rescata-la-voz-de-la-gente\/#breadcrumb\"},\"inLanguage\":\"es\",\"potentialAction\":[{\"@type\":\"ReadAction\",\"target\":[\"https:\/\/www.periodicoelapogeo.com.ar\/site\/una-seccion-que-rescata-la-voz-de-la-gente\/\"]}]},{\"@type\":\"ImageObject\",\"inLanguage\":\"es\",\"@id\":\"https:\/\/www.periodicoelapogeo.com.ar\/site\/una-seccion-que-rescata-la-voz-de-la-gente\/#primaryimage\",\"url\":\"https:\/\/www.periodicoelapogeo.com.ar\/site\/wp-content\/uploads\/2026\/04\/mesa-de-cafe-1-scaled.jpg\",\"contentUrl\":\"https:\/\/www.periodicoelapogeo.com.ar\/site\/wp-content\/uploads\/2026\/04\/mesa-de-cafe-1-scaled.jpg\",\"width\":2560,\"height\":1644},{\"@type\":\"BreadcrumbList\",\"@id\":\"https:\/\/www.periodicoelapogeo.com.ar\/site\/una-seccion-que-rescata-la-voz-de-la-gente\/#breadcrumb\",\"itemListElement\":[{\"@type\":\"ListItem\",\"position\":1,\"name\":\"Portada\",\"item\":\"https:\/\/www.periodicoelapogeo.com.ar\/site\/\"},{\"@type\":\"ListItem\",\"position\":2,\"name\":\"Una secci\u00f3n que rescata la voz de la gente\"}]},{\"@type\":\"WebSite\",\"@id\":\"https:\/\/www.periodicoelapogeo.com.ar\/site\/#website\",\"url\":\"https:\/\/www.periodicoelapogeo.com.ar\/site\/\",\"name\":\"Peri\u00f3dico EL APOGEO\",\"description\":\"En Derqui, Del Viso, Mor\u00f3n y Pilar\",\"publisher\":{\"@id\":\"https:\/\/www.periodicoelapogeo.com.ar\/site\/#organization\"},\"potentialAction\":[{\"@type\":\"SearchAction\",\"target\":{\"@type\":\"EntryPoint\",\"urlTemplate\":\"https:\/\/www.periodicoelapogeo.com.ar\/site\/?s={search_term_string}\"},\"query-input\":{\"@type\":\"PropertyValueSpecification\",\"valueRequired\":true,\"valueName\":\"search_term_string\"}}],\"inLanguage\":\"es\"},{\"@type\":\"Organization\",\"@id\":\"https:\/\/www.periodicoelapogeo.com.ar\/site\/#organization\",\"name\":\"Peri\u00f3dico EL APOGEO\",\"url\":\"https:\/\/www.periodicoelapogeo.com.ar\/site\/\",\"logo\":{\"@type\":\"ImageObject\",\"inLanguage\":\"es\",\"@id\":\"https:\/\/www.periodicoelapogeo.com.ar\/site\/#\/schema\/logo\/image\/\",\"url\":\"https:\/\/www.periodicoelapogeo.com.ar\/site\/wp-content\/uploads\/2023\/03\/apogeo_logo.jpg\",\"contentUrl\":\"https:\/\/www.periodicoelapogeo.com.ar\/site\/wp-content\/uploads\/2023\/03\/apogeo_logo.jpg\",\"width\":400,\"height\":400,\"caption\":\"Peri\u00f3dico EL APOGEO\"},\"image\":{\"@id\":\"https:\/\/www.periodicoelapogeo.com.ar\/site\/#\/schema\/logo\/image\/\"},\"sameAs\":[\"https:\/\/www.facebook.com\/Peridico-El-Apogeo-348111616395\/\",\"https:\/\/x.com\/elapogeodiario\",\"https:\/\/instagram.com\/elapogeodiario\/\"]},{\"@type\":\"Person\",\"@id\":\"https:\/\/www.periodicoelapogeo.com.ar\/site\/#\/schema\/person\/d60bcb51884b850534948db8a28cae37\",\"name\":\"editor\",\"image\":{\"@type\":\"ImageObject\",\"inLanguage\":\"es\",\"@id\":\"https:\/\/www.periodicoelapogeo.com.ar\/site\/#\/schema\/person\/image\/\",\"url\":\"https:\/\/secure.gravatar.com\/avatar\/af59c81eb11459c33aba6d1ef1422b5c7b8acb4c120f6e1f99e75810f387565f?s=96&d=mm&r=g\",\"contentUrl\":\"https:\/\/secure.gravatar.com\/avatar\/af59c81eb11459c33aba6d1ef1422b5c7b8acb4c120f6e1f99e75810f387565f?s=96&d=mm&r=g\",\"caption\":\"editor\"},\"sameAs\":[\"http:\/\/periodicoelapogeo.com.ar\"],\"url\":\"https:\/\/www.periodicoelapogeo.com.ar\/site\/author\/victor\/\"}]}<\/script>\n<!-- \/ Yoast SEO plugin. -->","yoast_head_json":{"title":"Una secci\u00f3n que rescata la voz de la gente - Peri\u00f3dico EL APOGEO","robots":{"index":"index","follow":"follow","max-snippet":"max-snippet:-1","max-image-preview":"max-image-preview:large","max-video-preview":"max-video-preview:-1"},"canonical":"https:\/\/www.periodicoelapogeo.com.ar\/site\/una-seccion-que-rescata-la-voz-de-la-gente\/","og_locale":"es_ES","og_type":"article","og_title":"Una secci\u00f3n que rescata la voz de la gente - Peri\u00f3dico EL APOGEO","og_description":"Tres vecinas derquinas se reunieron alrededor de una mesa y charlaron sobre cosas de Derqui y de la vida. Fundado en 2008 por Jos\u00e9 Koprivsek y Marcelo Laffitte, El Apogeo&hellip;","og_url":"https:\/\/www.periodicoelapogeo.com.ar\/site\/una-seccion-que-rescata-la-voz-de-la-gente\/","og_site_name":"Peri\u00f3dico EL APOGEO","article_publisher":"https:\/\/www.facebook.com\/Peridico-El-Apogeo-348111616395\/","article_published_time":"2026-04-29T13:05:55+00:00","article_modified_time":"2026-04-29T13:05:57+00:00","og_image":[{"width":2560,"height":1644,"url":"https:\/\/www.periodicoelapogeo.com.ar\/site\/wp-content\/uploads\/2026\/04\/mesa-de-cafe-1-scaled.jpg","type":"image\/jpeg"}],"author":"editor","twitter_card":"summary_large_image","twitter_creator":"@elapogeodiario","twitter_site":"@elapogeodiario","twitter_misc":{"Escrito por":"editor","Tiempo de lectura":"4 minutos"},"schema":{"@context":"https:\/\/schema.org","@graph":[{"@type":"Article","@id":"https:\/\/www.periodicoelapogeo.com.ar\/site\/una-seccion-que-rescata-la-voz-de-la-gente\/#article","isPartOf":{"@id":"https:\/\/www.periodicoelapogeo.com.ar\/site\/una-seccion-que-rescata-la-voz-de-la-gente\/"},"author":{"name":"editor","@id":"https:\/\/www.periodicoelapogeo.com.ar\/site\/#\/schema\/person\/d60bcb51884b850534948db8a28cae37"},"headline":"Una secci\u00f3n que rescata la voz de la gente","datePublished":"2026-04-29T13:05:55+00:00","dateModified":"2026-04-29T13:05:57+00:00","mainEntityOfPage":{"@id":"https:\/\/www.periodicoelapogeo.com.ar\/site\/una-seccion-que-rescata-la-voz-de-la-gente\/"},"wordCount":480,"publisher":{"@id":"https:\/\/www.periodicoelapogeo.com.ar\/site\/#organization"},"image":{"@id":"https:\/\/www.periodicoelapogeo.com.ar\/site\/una-seccion-que-rescata-la-voz-de-la-gente\/#primaryimage"},"thumbnailUrl":"https:\/\/www.periodicoelapogeo.com.ar\/site\/wp-content\/uploads\/2026\/04\/mesa-de-cafe-1-scaled.jpg","keywords":["Derqui","la mesa de caf\u00e9","vecinas"],"articleSection":["Destacada","Nuestra gente"],"inLanguage":"es"},{"@type":"WebPage","@id":"https:\/\/www.periodicoelapogeo.com.ar\/site\/una-seccion-que-rescata-la-voz-de-la-gente\/","url":"https:\/\/www.periodicoelapogeo.com.ar\/site\/una-seccion-que-rescata-la-voz-de-la-gente\/","name":"Una secci\u00f3n que rescata la voz de la gente - Peri\u00f3dico EL APOGEO","isPartOf":{"@id":"https:\/\/www.periodicoelapogeo.com.ar\/site\/#website"},"primaryImageOfPage":{"@id":"https:\/\/www.periodicoelapogeo.com.ar\/site\/una-seccion-que-rescata-la-voz-de-la-gente\/#primaryimage"},"image":{"@id":"https:\/\/www.periodicoelapogeo.com.ar\/site\/una-seccion-que-rescata-la-voz-de-la-gente\/#primaryimage"},"thumbnailUrl":"https:\/\/www.periodicoelapogeo.com.ar\/site\/wp-content\/uploads\/2026\/04\/mesa-de-cafe-1-scaled.jpg","datePublished":"2026-04-29T13:05:55+00:00","dateModified":"2026-04-29T13:05:57+00:00","breadcrumb":{"@id":"https:\/\/www.periodicoelapogeo.com.ar\/site\/una-seccion-que-rescata-la-voz-de-la-gente\/#breadcrumb"},"inLanguage":"es","potentialAction":[{"@type":"ReadAction","target":["https:\/\/www.periodicoelapogeo.com.ar\/site\/una-seccion-que-rescata-la-voz-de-la-gente\/"]}]},{"@type":"ImageObject","inLanguage":"es","@id":"https:\/\/www.periodicoelapogeo.com.ar\/site\/una-seccion-que-rescata-la-voz-de-la-gente\/#primaryimage","url":"https:\/\/www.periodicoelapogeo.com.ar\/site\/wp-content\/uploads\/2026\/04\/mesa-de-cafe-1-scaled.jpg","contentUrl":"https:\/\/www.periodicoelapogeo.com.ar\/site\/wp-content\/uploads\/2026\/04\/mesa-de-cafe-1-scaled.jpg","width":2560,"height":1644},{"@type":"BreadcrumbList","@id":"https:\/\/www.periodicoelapogeo.com.ar\/site\/una-seccion-que-rescata-la-voz-de-la-gente\/#breadcrumb","itemListElement":[{"@type":"ListItem","position":1,"name":"Portada","item":"https:\/\/www.periodicoelapogeo.com.ar\/site\/"},{"@type":"ListItem","position":2,"name":"Una secci\u00f3n que rescata la voz de la gente"}]},{"@type":"WebSite","@id":"https:\/\/www.periodicoelapogeo.com.ar\/site\/#website","url":"https:\/\/www.periodicoelapogeo.com.ar\/site\/","name":"Peri\u00f3dico EL APOGEO","description":"En Derqui, Del Viso, Mor\u00f3n y Pilar","publisher":{"@id":"https:\/\/www.periodicoelapogeo.com.ar\/site\/#organization"},"potentialAction":[{"@type":"SearchAction","target":{"@type":"EntryPoint","urlTemplate":"https:\/\/www.periodicoelapogeo.com.ar\/site\/?s={search_term_string}"},"query-input":{"@type":"PropertyValueSpecification","valueRequired":true,"valueName":"search_term_string"}}],"inLanguage":"es"},{"@type":"Organization","@id":"https:\/\/www.periodicoelapogeo.com.ar\/site\/#organization","name":"Peri\u00f3dico EL APOGEO","url":"https:\/\/www.periodicoelapogeo.com.ar\/site\/","logo":{"@type":"ImageObject","inLanguage":"es","@id":"https:\/\/www.periodicoelapogeo.com.ar\/site\/#\/schema\/logo\/image\/","url":"https:\/\/www.periodicoelapogeo.com.ar\/site\/wp-content\/uploads\/2023\/03\/apogeo_logo.jpg","contentUrl":"https:\/\/www.periodicoelapogeo.com.ar\/site\/wp-content\/uploads\/2023\/03\/apogeo_logo.jpg","width":400,"height":400,"caption":"Peri\u00f3dico EL APOGEO"},"image":{"@id":"https:\/\/www.periodicoelapogeo.com.ar\/site\/#\/schema\/logo\/image\/"},"sameAs":["https:\/\/www.facebook.com\/Peridico-El-Apogeo-348111616395\/","https:\/\/x.com\/elapogeodiario","https:\/\/instagram.com\/elapogeodiario\/"]},{"@type":"Person","@id":"https:\/\/www.periodicoelapogeo.com.ar\/site\/#\/schema\/person\/d60bcb51884b850534948db8a28cae37","name":"editor","image":{"@type":"ImageObject","inLanguage":"es","@id":"https:\/\/www.periodicoelapogeo.com.ar\/site\/#\/schema\/person\/image\/","url":"https:\/\/secure.gravatar.com\/avatar\/af59c81eb11459c33aba6d1ef1422b5c7b8acb4c120f6e1f99e75810f387565f?s=96&d=mm&r=g","contentUrl":"https:\/\/secure.gravatar.com\/avatar\/af59c81eb11459c33aba6d1ef1422b5c7b8acb4c120f6e1f99e75810f387565f?s=96&d=mm&r=g","caption":"editor"},"sameAs":["http:\/\/periodicoelapogeo.com.ar"],"url":"https:\/\/www.periodicoelapogeo.com.ar\/site\/author\/victor\/"}]}},"_links":{"self":[{"href":"https:\/\/www.periodicoelapogeo.com.ar\/site\/wp-json\/wp\/v2\/posts\/31459","targetHints":{"allow":["GET"]}}],"collection":[{"href":"https:\/\/www.periodicoelapogeo.com.ar\/site\/wp-json\/wp\/v2\/posts"}],"about":[{"href":"https:\/\/www.periodicoelapogeo.com.ar\/site\/wp-json\/wp\/v2\/types\/post"}],"author":[{"embeddable":true,"href":"https:\/\/www.periodicoelapogeo.com.ar\/site\/wp-json\/wp\/v2\/users\/2"}],"replies":[{"embeddable":true,"href":"https:\/\/www.periodicoelapogeo.com.ar\/site\/wp-json\/wp\/v2\/comments?post=31459"}],"version-history":[{"count":1,"href":"https:\/\/www.periodicoelapogeo.com.ar\/site\/wp-json\/wp\/v2\/posts\/31459\/revisions"}],"predecessor-version":[{"id":31464,"href":"https:\/\/www.periodicoelapogeo.com.ar\/site\/wp-json\/wp\/v2\/posts\/31459\/revisions\/31464"}],"wp:featuredmedia":[{"embeddable":true,"href":"https:\/\/www.periodicoelapogeo.com.ar\/site\/wp-json\/wp\/v2\/media\/31460"}],"wp:attachment":[{"href":"https:\/\/www.periodicoelapogeo.com.ar\/site\/wp-json\/wp\/v2\/media?parent=31459"}],"wp:term":[{"taxonomy":"category","embeddable":true,"href":"https:\/\/www.periodicoelapogeo.com.ar\/site\/wp-json\/wp\/v2\/categories?post=31459"},{"taxonomy":"post_tag","embeddable":true,"href":"https:\/\/www.periodicoelapogeo.com.ar\/site\/wp-json\/wp\/v2\/tags?post=31459"}],"curies":[{"name":"wp","href":"https:\/\/api.w.org\/{rel}","templated":true}]}}