{"id":31465,"date":"2026-04-29T10:11:14","date_gmt":"2026-04-29T13:11:14","guid":{"rendered":"https:\/\/www.periodicoelapogeo.com.ar\/site\/?p=31465"},"modified":"2026-04-29T10:11:15","modified_gmt":"2026-04-29T13:11:15","slug":"atleta-argentina-gano-la-maraton-de-malvinas","status":"publish","type":"post","link":"https:\/\/www.periodicoelapogeo.com.ar\/site\/atleta-argentina-gano-la-maraton-de-malvinas\/","title":{"rendered":"Atleta argentina gan\u00f3 la marat\u00f3n de Malvinas"},"content":{"rendered":"\n<figure class=\"wp-block-image size-full\"><img fetchpriority=\"high\" decoding=\"async\" width=\"714\" height=\"475\" src=\"https:\/\/www.periodicoelapogeo.com.ar\/site\/wp-content\/uploads\/2026\/04\/MALVINAS-WEB.jpg\" alt=\"\" class=\"wp-image-31466\" srcset=\"https:\/\/www.periodicoelapogeo.com.ar\/site\/wp-content\/uploads\/2026\/04\/MALVINAS-WEB.jpg 714w, https:\/\/www.periodicoelapogeo.com.ar\/site\/wp-content\/uploads\/2026\/04\/MALVINAS-WEB-320x213.jpg 320w\" sizes=\"(max-width: 714px) 100vw, 714px\" \/><figcaption class=\"wp-element-caption\">Candela dedic\u00f3 su victoria a los ca\u00eddos, a los veteranos y a todos los que defendieron la patria.<\/figcaption><\/figure>\n\n\n\n<p style=\"font-size:16px\">Nacida en Berisso y actualmente radicada en Pinamar, profe de Educaci\u00f3n F\u00edsica, Candela Cerrone, gan\u00f3 la marat\u00f3n llevada adelante en las Isla Malvinas 2026.<\/p>\n\n\n\n<p style=\"font-size:16px\">Una de las m\u00e1s exigentes por sus condiciones clim\u00e1ticas certificada por la Asociaci\u00f3n de Maratones Internacionales y Carreras de Distancia, considerada la m\u00e1s austral del mundo.<\/p>\n\n\n\n<p style=\"font-size:16px\">Esta edici\u00f3n atraves\u00f3 tanto calles urbanas como sectores costeros, incluidos monumentos hist\u00f3ricos y el encuadre monta\u00f1oso del archipi\u00e9lago.<\/p>\n\n\n\n<p style=\"font-size:16px\">Candela complet\u00f3 los 42 kil\u00f3metros con un tiempo oficial de 3 horas, 14 minutos y 30 segundos, y participaron 60 deportistas, la mayor\u00eda de nacionalidad brit\u00e1nica.&nbsp;<\/p>\n\n\n\n<p style=\"font-size:16px\"><em>\u201cEs una marat\u00f3n muy dif\u00edcil por la geograf\u00eda y el clima, y por lo emocional. Fue todo muy duro.&nbsp;He tenido otros triunfos, pero este ser\u00e1 siempre especial\u201d,<\/em> confes\u00f3.<\/p>\n\n\n\n<p style=\"font-size:16px\">Cabe destacar que la atleta tiene un primo veterano de Malvinas.<\/p>\n\n\n\n<p style=\"font-size:16px\"><em>\u201cLa prohibici\u00f3n de usar insignias nacionales por parte del gobierno ingl\u00e9s fue el impulso que me hac\u00eda falta para ganar\u201d<\/em>, agreg\u00f3.<\/p>\n\n\n\n<p><\/p>\n","protected":false},"excerpt":{"rendered":"<p>Nacida en Berisso y actualmente radicada en Pinamar, profe de Educaci\u00f3n F\u00edsica, Candela Cerrone, gan\u00f3 la marat\u00f3n llevada adelante en las Isla Malvinas 2026. Una de las m\u00e1s exigentes por&hellip; <\/p>\n","protected":false},"author":2,"featured_media":31466,"comment_status":"closed","ping_status":"open","sticky":false,"template":"","format":"standard","meta":{"footnotes":""},"categories":[3,1320],"tags":[4451,196,434,4452],"class_list":["post-31465","post","type-post","status-publish","format-standard","has-post-thumbnail","hentry","category-destacada","category-nuestra-gente","tag-atleta-argentina","tag-malvinas","tag-maraton","tag-maraton-de-malvinas"],"yoast_head":"<!-- This site is optimized with the Yoast SEO plugin v26.8 - https:\/\/yoast.com\/product\/yoast-seo-wordpress\/ -->\n<title>Atleta argentina gan\u00f3 la marat\u00f3n de Malvinas - Peri\u00f3dico EL APOGEO<\/title>\n<meta name=\"robots\" content=\"index, follow, max-snippet:-1, max-image-preview:large, max-video-preview:-1\" \/>\n<link rel=\"canonical\" href=\"https:\/\/www.periodicoelapogeo.com.ar\/site\/atleta-argentina-gano-la-maraton-de-malvinas\/\" \/>\n<meta property=\"og:locale\" content=\"es_ES\" \/>\n<meta property=\"og:type\" content=\"article\" \/>\n<meta property=\"og:title\" content=\"Atleta argentina gan\u00f3 la marat\u00f3n de Malvinas - Peri\u00f3dico EL APOGEO\" \/>\n<meta property=\"og:description\" content=\"Nacida en Berisso y actualmente radicada en Pinamar, profe de Educaci\u00f3n F\u00edsica, Candela Cerrone, gan\u00f3 la marat\u00f3n llevada adelante en las Isla Malvinas 2026. Una de las m\u00e1s exigentes por&hellip;\" \/>\n<meta property=\"og:url\" content=\"https:\/\/www.periodicoelapogeo.com.ar\/site\/atleta-argentina-gano-la-maraton-de-malvinas\/\" \/>\n<meta property=\"og:site_name\" content=\"Peri\u00f3dico EL APOGEO\" \/>\n<meta property=\"article:publisher\" content=\"https:\/\/www.facebook.com\/Peridico-El-Apogeo-348111616395\/\" \/>\n<meta property=\"article:published_time\" content=\"2026-04-29T13:11:14+00:00\" \/>\n<meta property=\"article:modified_time\" content=\"2026-04-29T13:11:15+00:00\" \/>\n<meta property=\"og:image\" content=\"https:\/\/www.periodicoelapogeo.com.ar\/site\/wp-content\/uploads\/2026\/04\/MALVINAS-WEB.jpg\" \/>\n\t<meta property=\"og:image:width\" content=\"714\" \/>\n\t<meta property=\"og:image:height\" content=\"475\" \/>\n\t<meta property=\"og:image:type\" content=\"image\/jpeg\" \/>\n<meta name=\"author\" content=\"editor\" \/>\n<meta name=\"twitter:card\" content=\"summary_large_image\" \/>\n<meta name=\"twitter:creator\" content=\"@elapogeodiario\" \/>\n<meta name=\"twitter:site\" content=\"@elapogeodiario\" \/>\n<meta name=\"twitter:label1\" content=\"Escrito por\" \/>\n\t<meta name=\"twitter:data1\" content=\"editor\" \/>\n\t<meta name=\"twitter:label2\" content=\"Tiempo de lectura\" \/>\n\t<meta name=\"twitter:data2\" content=\"2 minutos\" \/>\n<script type=\"application\/ld+json\" class=\"yoast-schema-graph\">{\"@context\":\"https:\/\/schema.org\",\"@graph\":[{\"@type\":\"Article\",\"@id\":\"https:\/\/www.periodicoelapogeo.com.ar\/site\/atleta-argentina-gano-la-maraton-de-malvinas\/#article\",\"isPartOf\":{\"@id\":\"https:\/\/www.periodicoelapogeo.com.ar\/site\/atleta-argentina-gano-la-maraton-de-malvinas\/\"},\"author\":{\"name\":\"editor\",\"@id\":\"https:\/\/www.periodicoelapogeo.com.ar\/site\/#\/schema\/person\/d60bcb51884b850534948db8a28cae37\"},\"headline\":\"Atleta argentina gan\u00f3 la marat\u00f3n de Malvinas\",\"datePublished\":\"2026-04-29T13:11:14+00:00\",\"dateModified\":\"2026-04-29T13:11:15+00:00\",\"mainEntityOfPage\":{\"@id\":\"https:\/\/www.periodicoelapogeo.com.ar\/site\/atleta-argentina-gano-la-maraton-de-malvinas\/\"},\"wordCount\":198,\"publisher\":{\"@id\":\"https:\/\/www.periodicoelapogeo.com.ar\/site\/#organization\"},\"image\":{\"@id\":\"https:\/\/www.periodicoelapogeo.com.ar\/site\/atleta-argentina-gano-la-maraton-de-malvinas\/#primaryimage\"},\"thumbnailUrl\":\"https:\/\/www.periodicoelapogeo.com.ar\/site\/wp-content\/uploads\/2026\/04\/MALVINAS-WEB.jpg\",\"keywords\":[\"atleta argentina\",\"Malvinas\",\"marat\u00f3n\",\"Marat\u00f3n de Malvinas\"],\"articleSection\":[\"Destacada\",\"Nuestra gente\"],\"inLanguage\":\"es\"},{\"@type\":\"WebPage\",\"@id\":\"https:\/\/www.periodicoelapogeo.com.ar\/site\/atleta-argentina-gano-la-maraton-de-malvinas\/\",\"url\":\"https:\/\/www.periodicoelapogeo.com.ar\/site\/atleta-argentina-gano-la-maraton-de-malvinas\/\",\"name\":\"Atleta argentina gan\u00f3 la marat\u00f3n de Malvinas - Peri\u00f3dico EL APOGEO\",\"isPartOf\":{\"@id\":\"https:\/\/www.periodicoelapogeo.com.ar\/site\/#website\"},\"primaryImageOfPage\":{\"@id\":\"https:\/\/www.periodicoelapogeo.com.ar\/site\/atleta-argentina-gano-la-maraton-de-malvinas\/#primaryimage\"},\"image\":{\"@id\":\"https:\/\/www.periodicoelapogeo.com.ar\/site\/atleta-argentina-gano-la-maraton-de-malvinas\/#primaryimage\"},\"thumbnailUrl\":\"https:\/\/www.periodicoelapogeo.com.ar\/site\/wp-content\/uploads\/2026\/04\/MALVINAS-WEB.jpg\",\"datePublished\":\"2026-04-29T13:11:14+00:00\",\"dateModified\":\"2026-04-29T13:11:15+00:00\",\"breadcrumb\":{\"@id\":\"https:\/\/www.periodicoelapogeo.com.ar\/site\/atleta-argentina-gano-la-maraton-de-malvinas\/#breadcrumb\"},\"inLanguage\":\"es\",\"potentialAction\":[{\"@type\":\"ReadAction\",\"target\":[\"https:\/\/www.periodicoelapogeo.com.ar\/site\/atleta-argentina-gano-la-maraton-de-malvinas\/\"]}]},{\"@type\":\"ImageObject\",\"inLanguage\":\"es\",\"@id\":\"https:\/\/www.periodicoelapogeo.com.ar\/site\/atleta-argentina-gano-la-maraton-de-malvinas\/#primaryimage\",\"url\":\"https:\/\/www.periodicoelapogeo.com.ar\/site\/wp-content\/uploads\/2026\/04\/MALVINAS-WEB.jpg\",\"contentUrl\":\"https:\/\/www.periodicoelapogeo.com.ar\/site\/wp-content\/uploads\/2026\/04\/MALVINAS-WEB.jpg\",\"width\":714,\"height\":475},{\"@type\":\"BreadcrumbList\",\"@id\":\"https:\/\/www.periodicoelapogeo.com.ar\/site\/atleta-argentina-gano-la-maraton-de-malvinas\/#breadcrumb\",\"itemListElement\":[{\"@type\":\"ListItem\",\"position\":1,\"name\":\"Portada\",\"item\":\"https:\/\/www.periodicoelapogeo.com.ar\/site\/\"},{\"@type\":\"ListItem\",\"position\":2,\"name\":\"Atleta argentina gan\u00f3 la marat\u00f3n de Malvinas\"}]},{\"@type\":\"WebSite\",\"@id\":\"https:\/\/www.periodicoelapogeo.com.ar\/site\/#website\",\"url\":\"https:\/\/www.periodicoelapogeo.com.ar\/site\/\",\"name\":\"Peri\u00f3dico EL APOGEO\",\"description\":\"En Derqui, Del Viso, Mor\u00f3n y Pilar\",\"publisher\":{\"@id\":\"https:\/\/www.periodicoelapogeo.com.ar\/site\/#organization\"},\"potentialAction\":[{\"@type\":\"SearchAction\",\"target\":{\"@type\":\"EntryPoint\",\"urlTemplate\":\"https:\/\/www.periodicoelapogeo.com.ar\/site\/?s={search_term_string}\"},\"query-input\":{\"@type\":\"PropertyValueSpecification\",\"valueRequired\":true,\"valueName\":\"search_term_string\"}}],\"inLanguage\":\"es\"},{\"@type\":\"Organization\",\"@id\":\"https:\/\/www.periodicoelapogeo.com.ar\/site\/#organization\",\"name\":\"Peri\u00f3dico EL APOGEO\",\"url\":\"https:\/\/www.periodicoelapogeo.com.ar\/site\/\",\"logo\":{\"@type\":\"ImageObject\",\"inLanguage\":\"es\",\"@id\":\"https:\/\/www.periodicoelapogeo.com.ar\/site\/#\/schema\/logo\/image\/\",\"url\":\"https:\/\/www.periodicoelapogeo.com.ar\/site\/wp-content\/uploads\/2023\/03\/apogeo_logo.jpg\",\"contentUrl\":\"https:\/\/www.periodicoelapogeo.com.ar\/site\/wp-content\/uploads\/2023\/03\/apogeo_logo.jpg\",\"width\":400,\"height\":400,\"caption\":\"Peri\u00f3dico EL APOGEO\"},\"image\":{\"@id\":\"https:\/\/www.periodicoelapogeo.com.ar\/site\/#\/schema\/logo\/image\/\"},\"sameAs\":[\"https:\/\/www.facebook.com\/Peridico-El-Apogeo-348111616395\/\",\"https:\/\/x.com\/elapogeodiario\",\"https:\/\/instagram.com\/elapogeodiario\/\"]},{\"@type\":\"Person\",\"@id\":\"https:\/\/www.periodicoelapogeo.com.ar\/site\/#\/schema\/person\/d60bcb51884b850534948db8a28cae37\",\"name\":\"editor\",\"image\":{\"@type\":\"ImageObject\",\"inLanguage\":\"es\",\"@id\":\"https:\/\/www.periodicoelapogeo.com.ar\/site\/#\/schema\/person\/image\/\",\"url\":\"https:\/\/secure.gravatar.com\/avatar\/af59c81eb11459c33aba6d1ef1422b5c7b8acb4c120f6e1f99e75810f387565f?s=96&d=mm&r=g\",\"contentUrl\":\"https:\/\/secure.gravatar.com\/avatar\/af59c81eb11459c33aba6d1ef1422b5c7b8acb4c120f6e1f99e75810f387565f?s=96&d=mm&r=g\",\"caption\":\"editor\"},\"sameAs\":[\"http:\/\/periodicoelapogeo.com.ar\"],\"url\":\"https:\/\/www.periodicoelapogeo.com.ar\/site\/author\/victor\/\"}]}<\/script>\n<!-- \/ Yoast SEO plugin. -->","yoast_head_json":{"title":"Atleta argentina gan\u00f3 la marat\u00f3n de Malvinas - Peri\u00f3dico EL APOGEO","robots":{"index":"index","follow":"follow","max-snippet":"max-snippet:-1","max-image-preview":"max-image-preview:large","max-video-preview":"max-video-preview:-1"},"canonical":"https:\/\/www.periodicoelapogeo.com.ar\/site\/atleta-argentina-gano-la-maraton-de-malvinas\/","og_locale":"es_ES","og_type":"article","og_title":"Atleta argentina gan\u00f3 la marat\u00f3n de Malvinas - Peri\u00f3dico EL APOGEO","og_description":"Nacida en Berisso y actualmente radicada en Pinamar, profe de Educaci\u00f3n F\u00edsica, Candela Cerrone, gan\u00f3 la marat\u00f3n llevada adelante en las Isla Malvinas 2026. Una de las m\u00e1s exigentes por&hellip;","og_url":"https:\/\/www.periodicoelapogeo.com.ar\/site\/atleta-argentina-gano-la-maraton-de-malvinas\/","og_site_name":"Peri\u00f3dico EL APOGEO","article_publisher":"https:\/\/www.facebook.com\/Peridico-El-Apogeo-348111616395\/","article_published_time":"2026-04-29T13:11:14+00:00","article_modified_time":"2026-04-29T13:11:15+00:00","og_image":[{"width":714,"height":475,"url":"https:\/\/www.periodicoelapogeo.com.ar\/site\/wp-content\/uploads\/2026\/04\/MALVINAS-WEB.jpg","type":"image\/jpeg"}],"author":"editor","twitter_card":"summary_large_image","twitter_creator":"@elapogeodiario","twitter_site":"@elapogeodiario","twitter_misc":{"Escrito por":"editor","Tiempo de lectura":"2 minutos"},"schema":{"@context":"https:\/\/schema.org","@graph":[{"@type":"Article","@id":"https:\/\/www.periodicoelapogeo.com.ar\/site\/atleta-argentina-gano-la-maraton-de-malvinas\/#article","isPartOf":{"@id":"https:\/\/www.periodicoelapogeo.com.ar\/site\/atleta-argentina-gano-la-maraton-de-malvinas\/"},"author":{"name":"editor","@id":"https:\/\/www.periodicoelapogeo.com.ar\/site\/#\/schema\/person\/d60bcb51884b850534948db8a28cae37"},"headline":"Atleta argentina gan\u00f3 la marat\u00f3n de Malvinas","datePublished":"2026-04-29T13:11:14+00:00","dateModified":"2026-04-29T13:11:15+00:00","mainEntityOfPage":{"@id":"https:\/\/www.periodicoelapogeo.com.ar\/site\/atleta-argentina-gano-la-maraton-de-malvinas\/"},"wordCount":198,"publisher":{"@id":"https:\/\/www.periodicoelapogeo.com.ar\/site\/#organization"},"image":{"@id":"https:\/\/www.periodicoelapogeo.com.ar\/site\/atleta-argentina-gano-la-maraton-de-malvinas\/#primaryimage"},"thumbnailUrl":"https:\/\/www.periodicoelapogeo.com.ar\/site\/wp-content\/uploads\/2026\/04\/MALVINAS-WEB.jpg","keywords":["atleta argentina","Malvinas","marat\u00f3n","Marat\u00f3n de Malvinas"],"articleSection":["Destacada","Nuestra gente"],"inLanguage":"es"},{"@type":"WebPage","@id":"https:\/\/www.periodicoelapogeo.com.ar\/site\/atleta-argentina-gano-la-maraton-de-malvinas\/","url":"https:\/\/www.periodicoelapogeo.com.ar\/site\/atleta-argentina-gano-la-maraton-de-malvinas\/","name":"Atleta argentina gan\u00f3 la marat\u00f3n de Malvinas - Peri\u00f3dico EL APOGEO","isPartOf":{"@id":"https:\/\/www.periodicoelapogeo.com.ar\/site\/#website"},"primaryImageOfPage":{"@id":"https:\/\/www.periodicoelapogeo.com.ar\/site\/atleta-argentina-gano-la-maraton-de-malvinas\/#primaryimage"},"image":{"@id":"https:\/\/www.periodicoelapogeo.com.ar\/site\/atleta-argentina-gano-la-maraton-de-malvinas\/#primaryimage"},"thumbnailUrl":"https:\/\/www.periodicoelapogeo.com.ar\/site\/wp-content\/uploads\/2026\/04\/MALVINAS-WEB.jpg","datePublished":"2026-04-29T13:11:14+00:00","dateModified":"2026-04-29T13:11:15+00:00","breadcrumb":{"@id":"https:\/\/www.periodicoelapogeo.com.ar\/site\/atleta-argentina-gano-la-maraton-de-malvinas\/#breadcrumb"},"inLanguage":"es","potentialAction":[{"@type":"ReadAction","target":["https:\/\/www.periodicoelapogeo.com.ar\/site\/atleta-argentina-gano-la-maraton-de-malvinas\/"]}]},{"@type":"ImageObject","inLanguage":"es","@id":"https:\/\/www.periodicoelapogeo.com.ar\/site\/atleta-argentina-gano-la-maraton-de-malvinas\/#primaryimage","url":"https:\/\/www.periodicoelapogeo.com.ar\/site\/wp-content\/uploads\/2026\/04\/MALVINAS-WEB.jpg","contentUrl":"https:\/\/www.periodicoelapogeo.com.ar\/site\/wp-content\/uploads\/2026\/04\/MALVINAS-WEB.jpg","width":714,"height":475},{"@type":"BreadcrumbList","@id":"https:\/\/www.periodicoelapogeo.com.ar\/site\/atleta-argentina-gano-la-maraton-de-malvinas\/#breadcrumb","itemListElement":[{"@type":"ListItem","position":1,"name":"Portada","item":"https:\/\/www.periodicoelapogeo.com.ar\/site\/"},{"@type":"ListItem","position":2,"name":"Atleta argentina gan\u00f3 la marat\u00f3n de Malvinas"}]},{"@type":"WebSite","@id":"https:\/\/www.periodicoelapogeo.com.ar\/site\/#website","url":"https:\/\/www.periodicoelapogeo.com.ar\/site\/","name":"Peri\u00f3dico EL APOGEO","description":"En Derqui, Del Viso, Mor\u00f3n y Pilar","publisher":{"@id":"https:\/\/www.periodicoelapogeo.com.ar\/site\/#organization"},"potentialAction":[{"@type":"SearchAction","target":{"@type":"EntryPoint","urlTemplate":"https:\/\/www.periodicoelapogeo.com.ar\/site\/?s={search_term_string}"},"query-input":{"@type":"PropertyValueSpecification","valueRequired":true,"valueName":"search_term_string"}}],"inLanguage":"es"},{"@type":"Organization","@id":"https:\/\/www.periodicoelapogeo.com.ar\/site\/#organization","name":"Peri\u00f3dico EL APOGEO","url":"https:\/\/www.periodicoelapogeo.com.ar\/site\/","logo":{"@type":"ImageObject","inLanguage":"es","@id":"https:\/\/www.periodicoelapogeo.com.ar\/site\/#\/schema\/logo\/image\/","url":"https:\/\/www.periodicoelapogeo.com.ar\/site\/wp-content\/uploads\/2023\/03\/apogeo_logo.jpg","contentUrl":"https:\/\/www.periodicoelapogeo.com.ar\/site\/wp-content\/uploads\/2023\/03\/apogeo_logo.jpg","width":400,"height":400,"caption":"Peri\u00f3dico EL APOGEO"},"image":{"@id":"https:\/\/www.periodicoelapogeo.com.ar\/site\/#\/schema\/logo\/image\/"},"sameAs":["https:\/\/www.facebook.com\/Peridico-El-Apogeo-348111616395\/","https:\/\/x.com\/elapogeodiario","https:\/\/instagram.com\/elapogeodiario\/"]},{"@type":"Person","@id":"https:\/\/www.periodicoelapogeo.com.ar\/site\/#\/schema\/person\/d60bcb51884b850534948db8a28cae37","name":"editor","image":{"@type":"ImageObject","inLanguage":"es","@id":"https:\/\/www.periodicoelapogeo.com.ar\/site\/#\/schema\/person\/image\/","url":"https:\/\/secure.gravatar.com\/avatar\/af59c81eb11459c33aba6d1ef1422b5c7b8acb4c120f6e1f99e75810f387565f?s=96&d=mm&r=g","contentUrl":"https:\/\/secure.gravatar.com\/avatar\/af59c81eb11459c33aba6d1ef1422b5c7b8acb4c120f6e1f99e75810f387565f?s=96&d=mm&r=g","caption":"editor"},"sameAs":["http:\/\/periodicoelapogeo.com.ar"],"url":"https:\/\/www.periodicoelapogeo.com.ar\/site\/author\/victor\/"}]}},"_links":{"self":[{"href":"https:\/\/www.periodicoelapogeo.com.ar\/site\/wp-json\/wp\/v2\/posts\/31465","targetHints":{"allow":["GET"]}}],"collection":[{"href":"https:\/\/www.periodicoelapogeo.com.ar\/site\/wp-json\/wp\/v2\/posts"}],"about":[{"href":"https:\/\/www.periodicoelapogeo.com.ar\/site\/wp-json\/wp\/v2\/types\/post"}],"author":[{"embeddable":true,"href":"https:\/\/www.periodicoelapogeo.com.ar\/site\/wp-json\/wp\/v2\/users\/2"}],"replies":[{"embeddable":true,"href":"https:\/\/www.periodicoelapogeo.com.ar\/site\/wp-json\/wp\/v2\/comments?post=31465"}],"version-history":[{"count":1,"href":"https:\/\/www.periodicoelapogeo.com.ar\/site\/wp-json\/wp\/v2\/posts\/31465\/revisions"}],"predecessor-version":[{"id":31467,"href":"https:\/\/www.periodicoelapogeo.com.ar\/site\/wp-json\/wp\/v2\/posts\/31465\/revisions\/31467"}],"wp:featuredmedia":[{"embeddable":true,"href":"https:\/\/www.periodicoelapogeo.com.ar\/site\/wp-json\/wp\/v2\/media\/31466"}],"wp:attachment":[{"href":"https:\/\/www.periodicoelapogeo.com.ar\/site\/wp-json\/wp\/v2\/media?parent=31465"}],"wp:term":[{"taxonomy":"category","embeddable":true,"href":"https:\/\/www.periodicoelapogeo.com.ar\/site\/wp-json\/wp\/v2\/categories?post=31465"},{"taxonomy":"post_tag","embeddable":true,"href":"https:\/\/www.periodicoelapogeo.com.ar\/site\/wp-json\/wp\/v2\/tags?post=31465"}],"curies":[{"name":"wp","href":"https:\/\/api.w.org\/{rel}","templated":true}]}}