{"id":32068,"date":"2026-08-30T12:39:19","date_gmt":"2026-08-30T15:39:19","guid":{"rendered":"https:\/\/www.periodicoelapogeo.com.ar\/site\/?p=32068"},"modified":"2026-08-30T12:39:20","modified_gmt":"2026-08-30T15:39:20","slug":"el-municipio-sigue-fortaleciendo-y-acompanando-los-espacios-para-la-comunidad","status":"publish","type":"post","link":"https:\/\/www.periodicoelapogeo.com.ar\/site\/el-municipio-sigue-fortaleciendo-y-acompanando-los-espacios-para-la-comunidad\/","title":{"rendered":"El Municipio sigue fortaleciendo y acompa\u00f1ando los espacios para la comunidad"},"content":{"rendered":"\n<p class=\"has-medium-font-size wp-block-paragraph\">El intendente Federico Ach\u00e1val, junto al secretario de Gobierno, Santiago Laurent, y a la secretaria General, Soledad Peralta, acompa\u00f1aron el primer aniversario del SUM de R\u00edo Luj\u00e1n, ubicado en la Plaza de los Colores. Se trata de un espacio donde las familias realizan distintos talleres y actividades deportivas y culturales.<\/p>\n\n\n\n<figure class=\"wp-block-image size-large\"><img fetchpriority=\"high\" decoding=\"async\" width=\"1024\" height=\"682\" src=\"https:\/\/www.periodicoelapogeo.com.ar\/site\/wp-content\/uploads\/2026\/08\/WhatsApp-Image-2026-08-29-at-19.52.19-1024x682.jpeg\" alt=\"\" class=\"wp-image-32069\" srcset=\"https:\/\/www.periodicoelapogeo.com.ar\/site\/wp-content\/uploads\/2026\/08\/WhatsApp-Image-2026-08-29-at-19.52.19-1024x682.jpeg 1024w, https:\/\/www.periodicoelapogeo.com.ar\/site\/wp-content\/uploads\/2026\/08\/WhatsApp-Image-2026-08-29-at-19.52.19-320x213.jpeg 320w, https:\/\/www.periodicoelapogeo.com.ar\/site\/wp-content\/uploads\/2026\/08\/WhatsApp-Image-2026-08-29-at-19.52.19-768x512.jpeg 768w, https:\/\/www.periodicoelapogeo.com.ar\/site\/wp-content\/uploads\/2026\/08\/WhatsApp-Image-2026-08-29-at-19.52.19-1536x1023.jpeg 1536w, https:\/\/www.periodicoelapogeo.com.ar\/site\/wp-content\/uploads\/2026\/08\/WhatsApp-Image-2026-08-29-at-19.52.19.jpeg 1600w\" sizes=\"(max-width: 1024px) 100vw, 1024px\" \/><\/figure>\n\n\n\n<p class=\"wp-block-paragraph\">Durante el encuentro, Ach\u00e1val expres\u00f3: <em>\u00abHoy nos encontramos con familias de R\u00edo Luj\u00e1n para compartir el primer a\u00f1o de este lugar que los une. Para nosotros, es una gran alegr\u00eda ver c\u00f3mo, todos los d\u00edas, las familias comparten actividades, se divierten y crean buenos momentos en este lugar porque para eso lo construimos\u00bb.<\/em><\/p>\n\n\n\n<figure class=\"wp-block-image size-large\"><img decoding=\"async\" width=\"1024\" height=\"682\" src=\"https:\/\/www.periodicoelapogeo.com.ar\/site\/wp-content\/uploads\/2026\/08\/WhatsApp-Image-2026-08-29-at-19.52.20-1-1024x682.jpeg\" alt=\"\" class=\"wp-image-32070\" srcset=\"https:\/\/www.periodicoelapogeo.com.ar\/site\/wp-content\/uploads\/2026\/08\/WhatsApp-Image-2026-08-29-at-19.52.20-1-1024x682.jpeg 1024w, https:\/\/www.periodicoelapogeo.com.ar\/site\/wp-content\/uploads\/2026\/08\/WhatsApp-Image-2026-08-29-at-19.52.20-1-320x213.jpeg 320w, https:\/\/www.periodicoelapogeo.com.ar\/site\/wp-content\/uploads\/2026\/08\/WhatsApp-Image-2026-08-29-at-19.52.20-1-768x512.jpeg 768w, https:\/\/www.periodicoelapogeo.com.ar\/site\/wp-content\/uploads\/2026\/08\/WhatsApp-Image-2026-08-29-at-19.52.20-1-1536x1023.jpeg 1536w, https:\/\/www.periodicoelapogeo.com.ar\/site\/wp-content\/uploads\/2026\/08\/WhatsApp-Image-2026-08-29-at-19.52.20-1.jpeg 1600w\" sizes=\"(max-width: 1024px) 100vw, 1024px\" \/><\/figure>\n\n\n\n<p class=\"wp-block-paragraph\">Por su parte, Laurent se\u00f1al\u00f3: <em>\u00abHoy celebramos el primer aniversario del Espacio Comunitario de R\u00edo Luj\u00e1n. Nos llena de orgullo ver c\u00f3mo este espacio se convirti\u00f3 en parte de la comunidad y c\u00f3mo cada familia lo hace propio todos los d\u00edas\u00bb.<\/em><\/p>\n\n\n\n<p class=\"wp-block-paragraph\">En tanto, Peralta agreg\u00f3: <em>\u00abEste es un lugar que construimos para que las familias puedan encontrarse, compartir y disfrutar. Qu\u00e9 alegr\u00eda ver c\u00f3mo este lugar, tan especial para el barrio, se transform\u00f3 en un lugar de encuentro para todos\u00bb.<\/em><\/p>\n\n\n\n<p class=\"wp-block-paragraph\">La Plaza de los Colores, donde est\u00e1 ubicado el SUM de R\u00edo Luj\u00e1n, tambi\u00e9n cuenta con juegos para los m\u00e1s chicos, una cancha de f\u00fatbol, un corredor aer\u00f3bico y un play\u00f3n deportivo para compartir momentos de esparcimiento en comunidad.<\/p>\n\n\n\n<figure class=\"wp-block-image size-large\"><img decoding=\"async\" width=\"1024\" height=\"682\" src=\"https:\/\/www.periodicoelapogeo.com.ar\/site\/wp-content\/uploads\/2026\/08\/WhatsApp-Image-2026-08-29-at-19.52.20-2-1024x682.jpeg\" alt=\"\" class=\"wp-image-32071\" srcset=\"https:\/\/www.periodicoelapogeo.com.ar\/site\/wp-content\/uploads\/2026\/08\/WhatsApp-Image-2026-08-29-at-19.52.20-2-1024x682.jpeg 1024w, https:\/\/www.periodicoelapogeo.com.ar\/site\/wp-content\/uploads\/2026\/08\/WhatsApp-Image-2026-08-29-at-19.52.20-2-320x213.jpeg 320w, https:\/\/www.periodicoelapogeo.com.ar\/site\/wp-content\/uploads\/2026\/08\/WhatsApp-Image-2026-08-29-at-19.52.20-2-768x512.jpeg 768w, https:\/\/www.periodicoelapogeo.com.ar\/site\/wp-content\/uploads\/2026\/08\/WhatsApp-Image-2026-08-29-at-19.52.20-2-1536x1023.jpeg 1536w, https:\/\/www.periodicoelapogeo.com.ar\/site\/wp-content\/uploads\/2026\/08\/WhatsApp-Image-2026-08-29-at-19.52.20-2.jpeg 1600w\" sizes=\"(max-width: 1024px) 100vw, 1024px\" \/><\/figure>\n\n\n\n<figure class=\"wp-block-image size-large\"><img loading=\"lazy\" decoding=\"async\" width=\"1024\" height=\"682\" src=\"https:\/\/www.periodicoelapogeo.com.ar\/site\/wp-content\/uploads\/2026\/08\/WhatsApp-Image-2026-08-29-at-19.52.20-3-1024x682.jpeg\" alt=\"\" class=\"wp-image-32072\" srcset=\"https:\/\/www.periodicoelapogeo.com.ar\/site\/wp-content\/uploads\/2026\/08\/WhatsApp-Image-2026-08-29-at-19.52.20-3-1024x682.jpeg 1024w, https:\/\/www.periodicoelapogeo.com.ar\/site\/wp-content\/uploads\/2026\/08\/WhatsApp-Image-2026-08-29-at-19.52.20-3-320x213.jpeg 320w, https:\/\/www.periodicoelapogeo.com.ar\/site\/wp-content\/uploads\/2026\/08\/WhatsApp-Image-2026-08-29-at-19.52.20-3-768x512.jpeg 768w, https:\/\/www.periodicoelapogeo.com.ar\/site\/wp-content\/uploads\/2026\/08\/WhatsApp-Image-2026-08-29-at-19.52.20-3-1536x1023.jpeg 1536w, https:\/\/www.periodicoelapogeo.com.ar\/site\/wp-content\/uploads\/2026\/08\/WhatsApp-Image-2026-08-29-at-19.52.20-3.jpeg 1600w\" sizes=\"(max-width: 1024px) 100vw, 1024px\" \/><\/figure>\n","protected":false},"excerpt":{"rendered":"<p>El intendente Federico Ach\u00e1val, junto al secretario de Gobierno, Santiago Laurent, y a la secretaria General, Soledad Peralta, acompa\u00f1aron el primer aniversario del SUM de R\u00edo Luj\u00e1n, ubicado en la&hellip; <\/p>\n","protected":false},"author":2,"featured_media":32073,"comment_status":"closed","ping_status":"open","sticky":false,"template":"","format":"standard","meta":{"footnotes":""},"categories":[1316,17],"tags":[1294,897,1516,533,1758,4551,4550],"class_list":["post-32068","post","type-post","status-publish","format-standard","has-post-thumbnail","hentry","category-novedad","category-principal","tag-estado-presente","tag-gestion-municipal","tag-intendente-federico-achaval","tag-municipio-de-pilar","tag-obras-municipales","tag-plaza-de-los-colores","tag-sum-de-rio-lujan"],"yoast_head":"<!-- This site is optimized with the Yoast SEO plugin v27.8 - https:\/\/yoast.com\/product\/yoast-seo-wordpress\/ -->\n<title>El Municipio sigue fortaleciendo y acompa\u00f1ando los espacios para la comunidad - Peri\u00f3dico EL APOGEO<\/title>\n<meta name=\"robots\" content=\"index, follow, max-snippet:-1, max-image-preview:large, max-video-preview:-1\" \/>\n<link rel=\"canonical\" href=\"https:\/\/www.periodicoelapogeo.com.ar\/site\/el-municipio-sigue-fortaleciendo-y-acompanando-los-espacios-para-la-comunidad\/\" \/>\n<meta property=\"og:locale\" content=\"es_ES\" \/>\n<meta property=\"og:type\" content=\"article\" \/>\n<meta property=\"og:title\" content=\"El Municipio sigue fortaleciendo y acompa\u00f1ando los espacios para la comunidad - Peri\u00f3dico EL APOGEO\" \/>\n<meta property=\"og:description\" content=\"El intendente Federico Ach\u00e1val, junto al secretario de Gobierno, Santiago Laurent, y a la secretaria General, Soledad Peralta, acompa\u00f1aron el primer aniversario del SUM de R\u00edo Luj\u00e1n, ubicado en la&hellip;\" \/>\n<meta property=\"og:url\" content=\"https:\/\/www.periodicoelapogeo.com.ar\/site\/el-municipio-sigue-fortaleciendo-y-acompanando-los-espacios-para-la-comunidad\/\" \/>\n<meta property=\"og:site_name\" content=\"Peri\u00f3dico EL APOGEO\" \/>\n<meta property=\"article:publisher\" content=\"https:\/\/www.facebook.com\/Peridico-El-Apogeo-348111616395\/\" \/>\n<meta property=\"article:published_time\" content=\"2026-08-30T15:39:19+00:00\" \/>\n<meta property=\"article:modified_time\" content=\"2026-08-30T15:39:20+00:00\" \/>\n<meta property=\"og:image\" content=\"https:\/\/www.periodicoelapogeo.com.ar\/site\/wp-content\/uploads\/2026\/08\/WhatsApp-Image-2026-08-29-at-19.52.20.jpeg\" \/>\n\t<meta property=\"og:image:width\" content=\"1600\" \/>\n\t<meta property=\"og:image:height\" content=\"1066\" \/>\n\t<meta property=\"og:image:type\" content=\"image\/jpeg\" \/>\n<meta name=\"author\" content=\"editor\" \/>\n<meta name=\"twitter:card\" content=\"summary_large_image\" \/>\n<meta name=\"twitter:creator\" content=\"@elapogeodiario\" \/>\n<meta name=\"twitter:site\" content=\"@elapogeodiario\" \/>\n<meta name=\"twitter:label1\" content=\"Escrito por\" \/>\n\t<meta name=\"twitter:data1\" content=\"editor\" \/>\n\t<meta name=\"twitter:label2\" content=\"Tiempo de lectura\" \/>\n\t<meta name=\"twitter:data2\" content=\"3 minutos\" \/>\n<script type=\"application\/ld+json\" class=\"yoast-schema-graph\">{\"@context\":\"https:\\\/\\\/schema.org\",\"@graph\":[{\"@type\":\"Article\",\"@id\":\"https:\\\/\\\/www.periodicoelapogeo.com.ar\\\/site\\\/el-municipio-sigue-fortaleciendo-y-acompanando-los-espacios-para-la-comunidad\\\/#article\",\"isPartOf\":{\"@id\":\"https:\\\/\\\/www.periodicoelapogeo.com.ar\\\/site\\\/el-municipio-sigue-fortaleciendo-y-acompanando-los-espacios-para-la-comunidad\\\/\"},\"author\":{\"name\":\"editor\",\"@id\":\"https:\\\/\\\/www.periodicoelapogeo.com.ar\\\/site\\\/#\\\/schema\\\/person\\\/d60bcb51884b850534948db8a28cae37\"},\"headline\":\"El Municipio sigue fortaleciendo y acompa\u00f1ando los espacios para la comunidad\",\"datePublished\":\"2026-08-30T15:39:19+00:00\",\"dateModified\":\"2026-08-30T15:39:20+00:00\",\"mainEntityOfPage\":{\"@id\":\"https:\\\/\\\/www.periodicoelapogeo.com.ar\\\/site\\\/el-municipio-sigue-fortaleciendo-y-acompanando-los-espacios-para-la-comunidad\\\/\"},\"wordCount\":260,\"publisher\":{\"@id\":\"https:\\\/\\\/www.periodicoelapogeo.com.ar\\\/site\\\/#organization\"},\"image\":{\"@id\":\"https:\\\/\\\/www.periodicoelapogeo.com.ar\\\/site\\\/el-municipio-sigue-fortaleciendo-y-acompanando-los-espacios-para-la-comunidad\\\/#primaryimage\"},\"thumbnailUrl\":\"https:\\\/\\\/www.periodicoelapogeo.com.ar\\\/site\\\/wp-content\\\/uploads\\\/2026\\\/08\\\/WhatsApp-Image-2026-08-29-at-19.52.20.jpeg\",\"keywords\":[\"Estado presente\",\"gesti\u00f3n municipal\",\"intendente Federico Ach\u00e1val\",\"Municipio de Pilar\",\"obras municipales\",\"Plaza de los Colores\",\"SUM de R\u00edo Luj\u00e1n\"],\"articleSection\":[\"Novedad\",\"Principal\"],\"inLanguage\":\"es\"},{\"@type\":\"WebPage\",\"@id\":\"https:\\\/\\\/www.periodicoelapogeo.com.ar\\\/site\\\/el-municipio-sigue-fortaleciendo-y-acompanando-los-espacios-para-la-comunidad\\\/\",\"url\":\"https:\\\/\\\/www.periodicoelapogeo.com.ar\\\/site\\\/el-municipio-sigue-fortaleciendo-y-acompanando-los-espacios-para-la-comunidad\\\/\",\"name\":\"El Municipio sigue fortaleciendo y acompa\u00f1ando los espacios para la comunidad - Peri\u00f3dico EL APOGEO\",\"isPartOf\":{\"@id\":\"https:\\\/\\\/www.periodicoelapogeo.com.ar\\\/site\\\/#website\"},\"primaryImageOfPage\":{\"@id\":\"https:\\\/\\\/www.periodicoelapogeo.com.ar\\\/site\\\/el-municipio-sigue-fortaleciendo-y-acompanando-los-espacios-para-la-comunidad\\\/#primaryimage\"},\"image\":{\"@id\":\"https:\\\/\\\/www.periodicoelapogeo.com.ar\\\/site\\\/el-municipio-sigue-fortaleciendo-y-acompanando-los-espacios-para-la-comunidad\\\/#primaryimage\"},\"thumbnailUrl\":\"https:\\\/\\\/www.periodicoelapogeo.com.ar\\\/site\\\/wp-content\\\/uploads\\\/2026\\\/08\\\/WhatsApp-Image-2026-08-29-at-19.52.20.jpeg\",\"datePublished\":\"2026-08-30T15:39:19+00:00\",\"dateModified\":\"2026-08-30T15:39:20+00:00\",\"breadcrumb\":{\"@id\":\"https:\\\/\\\/www.periodicoelapogeo.com.ar\\\/site\\\/el-municipio-sigue-fortaleciendo-y-acompanando-los-espacios-para-la-comunidad\\\/#breadcrumb\"},\"inLanguage\":\"es\",\"potentialAction\":[{\"@type\":\"ReadAction\",\"target\":[\"https:\\\/\\\/www.periodicoelapogeo.com.ar\\\/site\\\/el-municipio-sigue-fortaleciendo-y-acompanando-los-espacios-para-la-comunidad\\\/\"]}]},{\"@type\":\"ImageObject\",\"inLanguage\":\"es\",\"@id\":\"https:\\\/\\\/www.periodicoelapogeo.com.ar\\\/site\\\/el-municipio-sigue-fortaleciendo-y-acompanando-los-espacios-para-la-comunidad\\\/#primaryimage\",\"url\":\"https:\\\/\\\/www.periodicoelapogeo.com.ar\\\/site\\\/wp-content\\\/uploads\\\/2026\\\/08\\\/WhatsApp-Image-2026-08-29-at-19.52.20.jpeg\",\"contentUrl\":\"https:\\\/\\\/www.periodicoelapogeo.com.ar\\\/site\\\/wp-content\\\/uploads\\\/2026\\\/08\\\/WhatsApp-Image-2026-08-29-at-19.52.20.jpeg\",\"width\":1600,\"height\":1066},{\"@type\":\"BreadcrumbList\",\"@id\":\"https:\\\/\\\/www.periodicoelapogeo.com.ar\\\/site\\\/el-municipio-sigue-fortaleciendo-y-acompanando-los-espacios-para-la-comunidad\\\/#breadcrumb\",\"itemListElement\":[{\"@type\":\"ListItem\",\"position\":1,\"name\":\"Portada\",\"item\":\"https:\\\/\\\/www.periodicoelapogeo.com.ar\\\/site\\\/\"},{\"@type\":\"ListItem\",\"position\":2,\"name\":\"El Municipio sigue fortaleciendo y acompa\u00f1ando los espacios para la comunidad\"}]},{\"@type\":\"WebSite\",\"@id\":\"https:\\\/\\\/www.periodicoelapogeo.com.ar\\\/site\\\/#website\",\"url\":\"https:\\\/\\\/www.periodicoelapogeo.com.ar\\\/site\\\/\",\"name\":\"Peri\u00f3dico EL APOGEO\",\"description\":\"En Derqui, Del Viso, Mor\u00f3n y Pilar\",\"publisher\":{\"@id\":\"https:\\\/\\\/www.periodicoelapogeo.com.ar\\\/site\\\/#organization\"},\"potentialAction\":[{\"@type\":\"SearchAction\",\"target\":{\"@type\":\"EntryPoint\",\"urlTemplate\":\"https:\\\/\\\/www.periodicoelapogeo.com.ar\\\/site\\\/?s={search_term_string}\"},\"query-input\":{\"@type\":\"PropertyValueSpecification\",\"valueRequired\":true,\"valueName\":\"search_term_string\"}}],\"inLanguage\":\"es\"},{\"@type\":\"Organization\",\"@id\":\"https:\\\/\\\/www.periodicoelapogeo.com.ar\\\/site\\\/#organization\",\"name\":\"Peri\u00f3dico EL APOGEO\",\"url\":\"https:\\\/\\\/www.periodicoelapogeo.com.ar\\\/site\\\/\",\"logo\":{\"@type\":\"ImageObject\",\"inLanguage\":\"es\",\"@id\":\"https:\\\/\\\/www.periodicoelapogeo.com.ar\\\/site\\\/#\\\/schema\\\/logo\\\/image\\\/\",\"url\":\"https:\\\/\\\/www.periodicoelapogeo.com.ar\\\/site\\\/wp-content\\\/uploads\\\/2023\\\/03\\\/apogeo_logo.jpg\",\"contentUrl\":\"https:\\\/\\\/www.periodicoelapogeo.com.ar\\\/site\\\/wp-content\\\/uploads\\\/2023\\\/03\\\/apogeo_logo.jpg\",\"width\":400,\"height\":400,\"caption\":\"Peri\u00f3dico EL APOGEO\"},\"image\":{\"@id\":\"https:\\\/\\\/www.periodicoelapogeo.com.ar\\\/site\\\/#\\\/schema\\\/logo\\\/image\\\/\"},\"sameAs\":[\"https:\\\/\\\/www.facebook.com\\\/Peridico-El-Apogeo-348111616395\\\/\",\"https:\\\/\\\/x.com\\\/elapogeodiario\",\"https:\\\/\\\/instagram.com\\\/elapogeodiario\\\/\"]},{\"@type\":\"Person\",\"@id\":\"https:\\\/\\\/www.periodicoelapogeo.com.ar\\\/site\\\/#\\\/schema\\\/person\\\/d60bcb51884b850534948db8a28cae37\",\"name\":\"editor\",\"image\":{\"@type\":\"ImageObject\",\"inLanguage\":\"es\",\"@id\":\"https:\\\/\\\/secure.gravatar.com\\\/avatar\\\/af59c81eb11459c33aba6d1ef1422b5c7b8acb4c120f6e1f99e75810f387565f?s=96&d=mm&r=g\",\"url\":\"https:\\\/\\\/secure.gravatar.com\\\/avatar\\\/af59c81eb11459c33aba6d1ef1422b5c7b8acb4c120f6e1f99e75810f387565f?s=96&d=mm&r=g\",\"contentUrl\":\"https:\\\/\\\/secure.gravatar.com\\\/avatar\\\/af59c81eb11459c33aba6d1ef1422b5c7b8acb4c120f6e1f99e75810f387565f?s=96&d=mm&r=g\",\"caption\":\"editor\"},\"sameAs\":[\"http:\\\/\\\/periodicoelapogeo.com.ar\"],\"url\":\"https:\\\/\\\/www.periodicoelapogeo.com.ar\\\/site\\\/author\\\/victor\\\/\"}]}<\/script>\n<!-- \/ Yoast SEO plugin. -->","yoast_head_json":{"title":"El Municipio sigue fortaleciendo y acompa\u00f1ando los espacios para la comunidad - Peri\u00f3dico EL APOGEO","robots":{"index":"index","follow":"follow","max-snippet":"max-snippet:-1","max-image-preview":"max-image-preview:large","max-video-preview":"max-video-preview:-1"},"canonical":"https:\/\/www.periodicoelapogeo.com.ar\/site\/el-municipio-sigue-fortaleciendo-y-acompanando-los-espacios-para-la-comunidad\/","og_locale":"es_ES","og_type":"article","og_title":"El Municipio sigue fortaleciendo y acompa\u00f1ando los espacios para la comunidad - Peri\u00f3dico EL APOGEO","og_description":"El intendente Federico Ach\u00e1val, junto al secretario de Gobierno, Santiago Laurent, y a la secretaria General, Soledad Peralta, acompa\u00f1aron el primer aniversario del SUM de R\u00edo Luj\u00e1n, ubicado en la&hellip;","og_url":"https:\/\/www.periodicoelapogeo.com.ar\/site\/el-municipio-sigue-fortaleciendo-y-acompanando-los-espacios-para-la-comunidad\/","og_site_name":"Peri\u00f3dico EL APOGEO","article_publisher":"https:\/\/www.facebook.com\/Peridico-El-Apogeo-348111616395\/","article_published_time":"2026-08-30T15:39:19+00:00","article_modified_time":"2026-08-30T15:39:20+00:00","og_image":[{"width":1600,"height":1066,"url":"https:\/\/www.periodicoelapogeo.com.ar\/site\/wp-content\/uploads\/2026\/08\/WhatsApp-Image-2026-08-29-at-19.52.20.jpeg","type":"image\/jpeg"}],"author":"editor","twitter_card":"summary_large_image","twitter_creator":"@elapogeodiario","twitter_site":"@elapogeodiario","twitter_misc":{"Escrito por":"editor","Tiempo de lectura":"3 minutos"},"schema":{"@context":"https:\/\/schema.org","@graph":[{"@type":"Article","@id":"https:\/\/www.periodicoelapogeo.com.ar\/site\/el-municipio-sigue-fortaleciendo-y-acompanando-los-espacios-para-la-comunidad\/#article","isPartOf":{"@id":"https:\/\/www.periodicoelapogeo.com.ar\/site\/el-municipio-sigue-fortaleciendo-y-acompanando-los-espacios-para-la-comunidad\/"},"author":{"name":"editor","@id":"https:\/\/www.periodicoelapogeo.com.ar\/site\/#\/schema\/person\/d60bcb51884b850534948db8a28cae37"},"headline":"El Municipio sigue fortaleciendo y acompa\u00f1ando los espacios para la comunidad","datePublished":"2026-08-30T15:39:19+00:00","dateModified":"2026-08-30T15:39:20+00:00","mainEntityOfPage":{"@id":"https:\/\/www.periodicoelapogeo.com.ar\/site\/el-municipio-sigue-fortaleciendo-y-acompanando-los-espacios-para-la-comunidad\/"},"wordCount":260,"publisher":{"@id":"https:\/\/www.periodicoelapogeo.com.ar\/site\/#organization"},"image":{"@id":"https:\/\/www.periodicoelapogeo.com.ar\/site\/el-municipio-sigue-fortaleciendo-y-acompanando-los-espacios-para-la-comunidad\/#primaryimage"},"thumbnailUrl":"https:\/\/www.periodicoelapogeo.com.ar\/site\/wp-content\/uploads\/2026\/08\/WhatsApp-Image-2026-08-29-at-19.52.20.jpeg","keywords":["Estado presente","gesti\u00f3n municipal","intendente Federico Ach\u00e1val","Municipio de Pilar","obras municipales","Plaza de los Colores","SUM de R\u00edo Luj\u00e1n"],"articleSection":["Novedad","Principal"],"inLanguage":"es"},{"@type":"WebPage","@id":"https:\/\/www.periodicoelapogeo.com.ar\/site\/el-municipio-sigue-fortaleciendo-y-acompanando-los-espacios-para-la-comunidad\/","url":"https:\/\/www.periodicoelapogeo.com.ar\/site\/el-municipio-sigue-fortaleciendo-y-acompanando-los-espacios-para-la-comunidad\/","name":"El Municipio sigue fortaleciendo y acompa\u00f1ando los espacios para la comunidad - Peri\u00f3dico EL APOGEO","isPartOf":{"@id":"https:\/\/www.periodicoelapogeo.com.ar\/site\/#website"},"primaryImageOfPage":{"@id":"https:\/\/www.periodicoelapogeo.com.ar\/site\/el-municipio-sigue-fortaleciendo-y-acompanando-los-espacios-para-la-comunidad\/#primaryimage"},"image":{"@id":"https:\/\/www.periodicoelapogeo.com.ar\/site\/el-municipio-sigue-fortaleciendo-y-acompanando-los-espacios-para-la-comunidad\/#primaryimage"},"thumbnailUrl":"https:\/\/www.periodicoelapogeo.com.ar\/site\/wp-content\/uploads\/2026\/08\/WhatsApp-Image-2026-08-29-at-19.52.20.jpeg","datePublished":"2026-08-30T15:39:19+00:00","dateModified":"2026-08-30T15:39:20+00:00","breadcrumb":{"@id":"https:\/\/www.periodicoelapogeo.com.ar\/site\/el-municipio-sigue-fortaleciendo-y-acompanando-los-espacios-para-la-comunidad\/#breadcrumb"},"inLanguage":"es","potentialAction":[{"@type":"ReadAction","target":["https:\/\/www.periodicoelapogeo.com.ar\/site\/el-municipio-sigue-fortaleciendo-y-acompanando-los-espacios-para-la-comunidad\/"]}]},{"@type":"ImageObject","inLanguage":"es","@id":"https:\/\/www.periodicoelapogeo.com.ar\/site\/el-municipio-sigue-fortaleciendo-y-acompanando-los-espacios-para-la-comunidad\/#primaryimage","url":"https:\/\/www.periodicoelapogeo.com.ar\/site\/wp-content\/uploads\/2026\/08\/WhatsApp-Image-2026-08-29-at-19.52.20.jpeg","contentUrl":"https:\/\/www.periodicoelapogeo.com.ar\/site\/wp-content\/uploads\/2026\/08\/WhatsApp-Image-2026-08-29-at-19.52.20.jpeg","width":1600,"height":1066},{"@type":"BreadcrumbList","@id":"https:\/\/www.periodicoelapogeo.com.ar\/site\/el-municipio-sigue-fortaleciendo-y-acompanando-los-espacios-para-la-comunidad\/#breadcrumb","itemListElement":[{"@type":"ListItem","position":1,"name":"Portada","item":"https:\/\/www.periodicoelapogeo.com.ar\/site\/"},{"@type":"ListItem","position":2,"name":"El Municipio sigue fortaleciendo y acompa\u00f1ando los espacios para la comunidad"}]},{"@type":"WebSite","@id":"https:\/\/www.periodicoelapogeo.com.ar\/site\/#website","url":"https:\/\/www.periodicoelapogeo.com.ar\/site\/","name":"Peri\u00f3dico EL APOGEO","description":"En Derqui, Del Viso, Mor\u00f3n y Pilar","publisher":{"@id":"https:\/\/www.periodicoelapogeo.com.ar\/site\/#organization"},"potentialAction":[{"@type":"SearchAction","target":{"@type":"EntryPoint","urlTemplate":"https:\/\/www.periodicoelapogeo.com.ar\/site\/?s={search_term_string}"},"query-input":{"@type":"PropertyValueSpecification","valueRequired":true,"valueName":"search_term_string"}}],"inLanguage":"es"},{"@type":"Organization","@id":"https:\/\/www.periodicoelapogeo.com.ar\/site\/#organization","name":"Peri\u00f3dico EL APOGEO","url":"https:\/\/www.periodicoelapogeo.com.ar\/site\/","logo":{"@type":"ImageObject","inLanguage":"es","@id":"https:\/\/www.periodicoelapogeo.com.ar\/site\/#\/schema\/logo\/image\/","url":"https:\/\/www.periodicoelapogeo.com.ar\/site\/wp-content\/uploads\/2023\/03\/apogeo_logo.jpg","contentUrl":"https:\/\/www.periodicoelapogeo.com.ar\/site\/wp-content\/uploads\/2023\/03\/apogeo_logo.jpg","width":400,"height":400,"caption":"Peri\u00f3dico EL APOGEO"},"image":{"@id":"https:\/\/www.periodicoelapogeo.com.ar\/site\/#\/schema\/logo\/image\/"},"sameAs":["https:\/\/www.facebook.com\/Peridico-El-Apogeo-348111616395\/","https:\/\/x.com\/elapogeodiario","https:\/\/instagram.com\/elapogeodiario\/"]},{"@type":"Person","@id":"https:\/\/www.periodicoelapogeo.com.ar\/site\/#\/schema\/person\/d60bcb51884b850534948db8a28cae37","name":"editor","image":{"@type":"ImageObject","inLanguage":"es","@id":"https:\/\/secure.gravatar.com\/avatar\/af59c81eb11459c33aba6d1ef1422b5c7b8acb4c120f6e1f99e75810f387565f?s=96&d=mm&r=g","url":"https:\/\/secure.gravatar.com\/avatar\/af59c81eb11459c33aba6d1ef1422b5c7b8acb4c120f6e1f99e75810f387565f?s=96&d=mm&r=g","contentUrl":"https:\/\/secure.gravatar.com\/avatar\/af59c81eb11459c33aba6d1ef1422b5c7b8acb4c120f6e1f99e75810f387565f?s=96&d=mm&r=g","caption":"editor"},"sameAs":["http:\/\/periodicoelapogeo.com.ar"],"url":"https:\/\/www.periodicoelapogeo.com.ar\/site\/author\/victor\/"}]}},"_links":{"self":[{"href":"https:\/\/www.periodicoelapogeo.com.ar\/site\/wp-json\/wp\/v2\/posts\/32068","targetHints":{"allow":["GET"]}}],"collection":[{"href":"https:\/\/www.periodicoelapogeo.com.ar\/site\/wp-json\/wp\/v2\/posts"}],"about":[{"href":"https:\/\/www.periodicoelapogeo.com.ar\/site\/wp-json\/wp\/v2\/types\/post"}],"author":[{"embeddable":true,"href":"https:\/\/www.periodicoelapogeo.com.ar\/site\/wp-json\/wp\/v2\/users\/2"}],"replies":[{"embeddable":true,"href":"https:\/\/www.periodicoelapogeo.com.ar\/site\/wp-json\/wp\/v2\/comments?post=32068"}],"version-history":[{"count":1,"href":"https:\/\/www.periodicoelapogeo.com.ar\/site\/wp-json\/wp\/v2\/posts\/32068\/revisions"}],"predecessor-version":[{"id":32074,"href":"https:\/\/www.periodicoelapogeo.com.ar\/site\/wp-json\/wp\/v2\/posts\/32068\/revisions\/32074"}],"wp:featuredmedia":[{"embeddable":true,"href":"https:\/\/www.periodicoelapogeo.com.ar\/site\/wp-json\/wp\/v2\/media\/32073"}],"wp:attachment":[{"href":"https:\/\/www.periodicoelapogeo.com.ar\/site\/wp-json\/wp\/v2\/media?parent=32068"}],"wp:term":[{"taxonomy":"category","embeddable":true,"href":"https:\/\/www.periodicoelapogeo.com.ar\/site\/wp-json\/wp\/v2\/categories?post=32068"},{"taxonomy":"post_tag","embeddable":true,"href":"https:\/\/www.periodicoelapogeo.com.ar\/site\/wp-json\/wp\/v2\/tags?post=32068"}],"curies":[{"name":"wp","href":"https:\/\/api.w.org\/{rel}","templated":true}]}}