{"id":32075,"date":"2026-08-31T13:44:34","date_gmt":"2026-08-31T16:44:34","guid":{"rendered":"https:\/\/www.periodicoelapogeo.com.ar\/site\/?p=32075"},"modified":"2026-08-31T13:57:39","modified_gmt":"2026-08-31T16:57:39","slug":"con-el-alma-dormida-nuevo-libro-de-roberto-a-capria","status":"publish","type":"post","link":"https:\/\/www.periodicoelapogeo.com.ar\/site\/con-el-alma-dormida-nuevo-libro-de-roberto-a-capria\/","title":{"rendered":"Con el alma dormida,\u00a0nuevo\u00a0libro de Roberto A. Capria"},"content":{"rendered":"\n<figure class=\"wp-block-image size-large\"><img fetchpriority=\"high\" decoding=\"async\" width=\"677\" height=\"1024\" src=\"https:\/\/www.periodicoelapogeo.com.ar\/site\/wp-content\/uploads\/2026\/08\/EPIGRAFE-1-677x1024.jpg\" alt=\"\" class=\"wp-image-32076\" srcset=\"https:\/\/www.periodicoelapogeo.com.ar\/site\/wp-content\/uploads\/2026\/08\/EPIGRAFE-1-677x1024.jpg 677w, https:\/\/www.periodicoelapogeo.com.ar\/site\/wp-content\/uploads\/2026\/08\/EPIGRAFE-1-198x300.jpg 198w, https:\/\/www.periodicoelapogeo.com.ar\/site\/wp-content\/uploads\/2026\/08\/EPIGRAFE-1-768x1162.jpg 768w, https:\/\/www.periodicoelapogeo.com.ar\/site\/wp-content\/uploads\/2026\/08\/EPIGRAFE-1.jpg 846w\" sizes=\"(max-width: 677px) 100vw, 677px\" \/><figcaption class=\"wp-element-caption\">Capria naci\u00f3 en CABA el 9 de julio de 1961. Vive en Pilar desde 1998. Segundo libro en mano ya est\u00e1 escribiendo un tercero que, seg\u00fan cuenta el autor local, <em>\u201ctiene la forma de novela\u201d.<\/em><\/figcaption><\/figure>\n\n\n\n<p class=\"wp-block-paragraph\">Su v\u00ednculo con la literatura comenz\u00f3 cuando estaba terminando la escuela primaria, pero fue a principios de sus estudios universitarios que retom\u00f3 dicha relaci\u00f3n.<\/p>\n\n\n\n<p class=\"wp-block-paragraph\"><em>\u201cEn esa pausa tuve un acercamiento a la fotograf\u00eda, la filmaci\u00f3n y la m\u00fasica, sobre todo el jazz rock y la m\u00fasica cl\u00e1sica\u201d,<\/em> cuenta Roberto a El Apogeo Diario.<\/p>\n\n\n\n<p class=\"wp-block-paragraph\">Hombre de familia, casado y con tres hijos, realiz\u00f3 talleres y particip\u00f3 en concursos, siendo finalista en 2020 en Jerez de la Frontera, Espa\u00f1a, con su cuento \u201cEl valor de la palabra\u201d, incluido en su primer libro publicado en el a\u00f1o 2023, titulado <em>Invenciones de mi mente demente<\/em>, donde la palabra retoma el protagonismo en su vida y agrupa cuentos cortos, relatos, poes\u00edas y se une al movimiento Autores Locales de Pilar.<\/p>\n\n\n\n<p class=\"wp-block-paragraph\"><\/p>\n\n\n\n<figure class=\"wp-block-image size-full\"><img decoding=\"async\" width=\"720\" height=\"725\" src=\"https:\/\/www.periodicoelapogeo.com.ar\/site\/wp-content\/uploads\/2026\/08\/EPIGRAFE-2.jpg\" alt=\"\" class=\"wp-image-32077\" srcset=\"https:\/\/www.periodicoelapogeo.com.ar\/site\/wp-content\/uploads\/2026\/08\/EPIGRAFE-2.jpg 720w, https:\/\/www.periodicoelapogeo.com.ar\/site\/wp-content\/uploads\/2026\/08\/EPIGRAFE-2-298x300.jpg 298w\" sizes=\"(max-width: 720px) 100vw, 720px\" \/><figcaption class=\"wp-element-caption\">\u201cAnabella sin rumbo\u201d, uno de los cuentos que forma parte del libro recientemente publicado por Capria, fue elegido por alumnas de la carrera de Artes Visuales de la Universidad Nacional de Pilar para plasmarlo en un cortometraje que ser\u00e1 parte de la celebraci\u00f3n del D\u00eda del Autor\/a Local el pr\u00f3ximo jueves 3 de septiembre en la casa de altos estudios.<\/figcaption><\/figure>\n\n\n\n<p class=\"wp-block-paragraph\">Recientemente, en este 2026, edita su segundo libro: <em>Con el alma dormida<\/em>, obra que destaca un estilo sencillo y directo que le permite hablar con libertad de sentimientos y comportamientos del ser humano, que dejan al descubierto su fragilidad, <em>\u201cdonde lo vital se despliega en m\u00faltiples registros como si cada texto buscara una forma distinta de acercarse al misterio de existir\u201d, d<\/em>escribe Natalia Monsegur en el pr\u00f3logo del nuevo libro de Roberto Capria: <strong>Con el alma dormida.<\/strong><\/p>\n\n\n\n<figure class=\"wp-block-image size-large\"><img decoding=\"async\" width=\"576\" height=\"1024\" src=\"https:\/\/www.periodicoelapogeo.com.ar\/site\/wp-content\/uploads\/2026\/08\/EPIGRAFE-3-576x1024.jpg\" alt=\"\" class=\"wp-image-32078\" srcset=\"https:\/\/www.periodicoelapogeo.com.ar\/site\/wp-content\/uploads\/2026\/08\/EPIGRAFE-3-576x1024.jpg 576w, https:\/\/www.periodicoelapogeo.com.ar\/site\/wp-content\/uploads\/2026\/08\/EPIGRAFE-3-169x300.jpg 169w, https:\/\/www.periodicoelapogeo.com.ar\/site\/wp-content\/uploads\/2026\/08\/EPIGRAFE-3.jpg 720w\" sizes=\"(max-width: 576px) 100vw, 576px\" \/><figcaption class=\"wp-element-caption\">Este libro se puede conseguir en el stand de promoci\u00f3n y ventas de Autores Locales Pilar los viernes y s\u00e1bados en la Plaza 12 de Octubre de Pilar de 9 a 20 hs. Tambi\u00e9n contact\u00e1ndose con el autor de forma directa a trav\u00e9s de sus redes sociales IG @robertocapria, FB Roberto Capria, correo electr\u00f3nico <a href=\"mailto:capriaroberto@yahoo.com.ar\">capriaroberto@yahoo.com.ar<\/a> o por la tienda online maremiumpequenaeditorial.mitiendanube.com y a trav\u00e9s del c\u00edrculodeautores.net<\/figcaption><\/figure>\n\n\n\n<p class=\"wp-block-paragraph\"><\/p>\n","protected":false},"excerpt":{"rendered":"<p>Su v\u00ednculo con la literatura comenz\u00f3 cuando estaba terminando la escuela primaria, pero fue a principios de sus estudios universitarios que retom\u00f3 dicha relaci\u00f3n. \u201cEn esa pausa tuve un acercamiento&hellip; <\/p>\n","protected":false},"author":2,"featured_media":32079,"comment_status":"closed","ping_status":"open","sticky":false,"template":"","format":"standard","meta":{"footnotes":""},"categories":[47,3],"tags":[1079,136,4552],"class_list":["post-32075","post","type-post","status-publish","format-standard","has-post-thumbnail","hentry","category-cultura-al-hombro","category-destacada","tag-autores-locales-de-pilar","tag-literatura","tag-roberto-capria"],"yoast_head":"<!-- This site is optimized with the Yoast SEO plugin v27.8 - https:\/\/yoast.com\/product\/yoast-seo-wordpress\/ -->\n<title>Con el alma dormida,\u00a0nuevo\u00a0libro de Roberto A. Capria - Peri\u00f3dico EL APOGEO<\/title>\n<meta name=\"robots\" content=\"index, follow, max-snippet:-1, max-image-preview:large, max-video-preview:-1\" \/>\n<link rel=\"canonical\" href=\"https:\/\/www.periodicoelapogeo.com.ar\/site\/con-el-alma-dormida-nuevo-libro-de-roberto-a-capria\/\" \/>\n<meta property=\"og:locale\" content=\"es_ES\" \/>\n<meta property=\"og:type\" content=\"article\" \/>\n<meta property=\"og:title\" content=\"Con el alma dormida,\u00a0nuevo\u00a0libro de Roberto A. Capria - Peri\u00f3dico EL APOGEO\" \/>\n<meta property=\"og:description\" content=\"Su v\u00ednculo con la literatura comenz\u00f3 cuando estaba terminando la escuela primaria, pero fue a principios de sus estudios universitarios que retom\u00f3 dicha relaci\u00f3n. \u201cEn esa pausa tuve un acercamiento&hellip;\" \/>\n<meta property=\"og:url\" content=\"https:\/\/www.periodicoelapogeo.com.ar\/site\/con-el-alma-dormida-nuevo-libro-de-roberto-a-capria\/\" \/>\n<meta property=\"og:site_name\" content=\"Peri\u00f3dico EL APOGEO\" \/>\n<meta property=\"article:publisher\" content=\"https:\/\/www.facebook.com\/Peridico-El-Apogeo-348111616395\/\" \/>\n<meta property=\"article:published_time\" content=\"2026-08-31T16:44:34+00:00\" \/>\n<meta property=\"article:modified_time\" content=\"2026-08-31T16:57:39+00:00\" \/>\n<meta property=\"og:image\" content=\"https:\/\/www.periodicoelapogeo.com.ar\/site\/wp-content\/uploads\/2026\/08\/PORTADA.jpg\" \/>\n\t<meta property=\"og:image:width\" content=\"1600\" \/>\n\t<meta property=\"og:image:height\" content=\"900\" \/>\n\t<meta property=\"og:image:type\" content=\"image\/jpeg\" \/>\n<meta name=\"author\" content=\"editor\" \/>\n<meta name=\"twitter:card\" content=\"summary_large_image\" \/>\n<meta name=\"twitter:creator\" content=\"@elapogeodiario\" \/>\n<meta name=\"twitter:site\" content=\"@elapogeodiario\" \/>\n<meta name=\"twitter:label1\" content=\"Escrito por\" \/>\n\t<meta name=\"twitter:data1\" content=\"editor\" \/>\n\t<meta name=\"twitter:label2\" content=\"Tiempo de lectura\" \/>\n\t<meta name=\"twitter:data2\" content=\"3 minutos\" \/>\n<script type=\"application\/ld+json\" class=\"yoast-schema-graph\">{\"@context\":\"https:\\\/\\\/schema.org\",\"@graph\":[{\"@type\":\"Article\",\"@id\":\"https:\\\/\\\/www.periodicoelapogeo.com.ar\\\/site\\\/con-el-alma-dormida-nuevo-libro-de-roberto-a-capria\\\/#article\",\"isPartOf\":{\"@id\":\"https:\\\/\\\/www.periodicoelapogeo.com.ar\\\/site\\\/con-el-alma-dormida-nuevo-libro-de-roberto-a-capria\\\/\"},\"author\":{\"name\":\"editor\",\"@id\":\"https:\\\/\\\/www.periodicoelapogeo.com.ar\\\/site\\\/#\\\/schema\\\/person\\\/d60bcb51884b850534948db8a28cae37\"},\"headline\":\"Con el alma dormida,\u00a0nuevo\u00a0libro de Roberto A. Capria\",\"datePublished\":\"2026-08-31T16:44:34+00:00\",\"dateModified\":\"2026-08-31T16:57:39+00:00\",\"mainEntityOfPage\":{\"@id\":\"https:\\\/\\\/www.periodicoelapogeo.com.ar\\\/site\\\/con-el-alma-dormida-nuevo-libro-de-roberto-a-capria\\\/\"},\"wordCount\":394,\"publisher\":{\"@id\":\"https:\\\/\\\/www.periodicoelapogeo.com.ar\\\/site\\\/#organization\"},\"image\":{\"@id\":\"https:\\\/\\\/www.periodicoelapogeo.com.ar\\\/site\\\/con-el-alma-dormida-nuevo-libro-de-roberto-a-capria\\\/#primaryimage\"},\"thumbnailUrl\":\"https:\\\/\\\/www.periodicoelapogeo.com.ar\\\/site\\\/wp-content\\\/uploads\\\/2026\\\/08\\\/PORTADA.jpg\",\"keywords\":[\"Autores Locales de Pilar\",\"literatura\",\"Roberto Capria\"],\"articleSection\":[\"Cultura al hombro\",\"Destacada\"],\"inLanguage\":\"es\"},{\"@type\":\"WebPage\",\"@id\":\"https:\\\/\\\/www.periodicoelapogeo.com.ar\\\/site\\\/con-el-alma-dormida-nuevo-libro-de-roberto-a-capria\\\/\",\"url\":\"https:\\\/\\\/www.periodicoelapogeo.com.ar\\\/site\\\/con-el-alma-dormida-nuevo-libro-de-roberto-a-capria\\\/\",\"name\":\"Con el alma dormida,\u00a0nuevo\u00a0libro de Roberto A. Capria - Peri\u00f3dico EL APOGEO\",\"isPartOf\":{\"@id\":\"https:\\\/\\\/www.periodicoelapogeo.com.ar\\\/site\\\/#website\"},\"primaryImageOfPage\":{\"@id\":\"https:\\\/\\\/www.periodicoelapogeo.com.ar\\\/site\\\/con-el-alma-dormida-nuevo-libro-de-roberto-a-capria\\\/#primaryimage\"},\"image\":{\"@id\":\"https:\\\/\\\/www.periodicoelapogeo.com.ar\\\/site\\\/con-el-alma-dormida-nuevo-libro-de-roberto-a-capria\\\/#primaryimage\"},\"thumbnailUrl\":\"https:\\\/\\\/www.periodicoelapogeo.com.ar\\\/site\\\/wp-content\\\/uploads\\\/2026\\\/08\\\/PORTADA.jpg\",\"datePublished\":\"2026-08-31T16:44:34+00:00\",\"dateModified\":\"2026-08-31T16:57:39+00:00\",\"breadcrumb\":{\"@id\":\"https:\\\/\\\/www.periodicoelapogeo.com.ar\\\/site\\\/con-el-alma-dormida-nuevo-libro-de-roberto-a-capria\\\/#breadcrumb\"},\"inLanguage\":\"es\",\"potentialAction\":[{\"@type\":\"ReadAction\",\"target\":[\"https:\\\/\\\/www.periodicoelapogeo.com.ar\\\/site\\\/con-el-alma-dormida-nuevo-libro-de-roberto-a-capria\\\/\"]}]},{\"@type\":\"ImageObject\",\"inLanguage\":\"es\",\"@id\":\"https:\\\/\\\/www.periodicoelapogeo.com.ar\\\/site\\\/con-el-alma-dormida-nuevo-libro-de-roberto-a-capria\\\/#primaryimage\",\"url\":\"https:\\\/\\\/www.periodicoelapogeo.com.ar\\\/site\\\/wp-content\\\/uploads\\\/2026\\\/08\\\/PORTADA.jpg\",\"contentUrl\":\"https:\\\/\\\/www.periodicoelapogeo.com.ar\\\/site\\\/wp-content\\\/uploads\\\/2026\\\/08\\\/PORTADA.jpg\",\"width\":1600,\"height\":900},{\"@type\":\"BreadcrumbList\",\"@id\":\"https:\\\/\\\/www.periodicoelapogeo.com.ar\\\/site\\\/con-el-alma-dormida-nuevo-libro-de-roberto-a-capria\\\/#breadcrumb\",\"itemListElement\":[{\"@type\":\"ListItem\",\"position\":1,\"name\":\"Portada\",\"item\":\"https:\\\/\\\/www.periodicoelapogeo.com.ar\\\/site\\\/\"},{\"@type\":\"ListItem\",\"position\":2,\"name\":\"Con el alma dormida,\u00a0nuevo\u00a0libro de Roberto A. Capria\"}]},{\"@type\":\"WebSite\",\"@id\":\"https:\\\/\\\/www.periodicoelapogeo.com.ar\\\/site\\\/#website\",\"url\":\"https:\\\/\\\/www.periodicoelapogeo.com.ar\\\/site\\\/\",\"name\":\"Peri\u00f3dico EL APOGEO\",\"description\":\"En Derqui, Del Viso, Mor\u00f3n y Pilar\",\"publisher\":{\"@id\":\"https:\\\/\\\/www.periodicoelapogeo.com.ar\\\/site\\\/#organization\"},\"potentialAction\":[{\"@type\":\"SearchAction\",\"target\":{\"@type\":\"EntryPoint\",\"urlTemplate\":\"https:\\\/\\\/www.periodicoelapogeo.com.ar\\\/site\\\/?s={search_term_string}\"},\"query-input\":{\"@type\":\"PropertyValueSpecification\",\"valueRequired\":true,\"valueName\":\"search_term_string\"}}],\"inLanguage\":\"es\"},{\"@type\":\"Organization\",\"@id\":\"https:\\\/\\\/www.periodicoelapogeo.com.ar\\\/site\\\/#organization\",\"name\":\"Peri\u00f3dico EL APOGEO\",\"url\":\"https:\\\/\\\/www.periodicoelapogeo.com.ar\\\/site\\\/\",\"logo\":{\"@type\":\"ImageObject\",\"inLanguage\":\"es\",\"@id\":\"https:\\\/\\\/www.periodicoelapogeo.com.ar\\\/site\\\/#\\\/schema\\\/logo\\\/image\\\/\",\"url\":\"https:\\\/\\\/www.periodicoelapogeo.com.ar\\\/site\\\/wp-content\\\/uploads\\\/2023\\\/03\\\/apogeo_logo.jpg\",\"contentUrl\":\"https:\\\/\\\/www.periodicoelapogeo.com.ar\\\/site\\\/wp-content\\\/uploads\\\/2023\\\/03\\\/apogeo_logo.jpg\",\"width\":400,\"height\":400,\"caption\":\"Peri\u00f3dico EL APOGEO\"},\"image\":{\"@id\":\"https:\\\/\\\/www.periodicoelapogeo.com.ar\\\/site\\\/#\\\/schema\\\/logo\\\/image\\\/\"},\"sameAs\":[\"https:\\\/\\\/www.facebook.com\\\/Peridico-El-Apogeo-348111616395\\\/\",\"https:\\\/\\\/x.com\\\/elapogeodiario\",\"https:\\\/\\\/instagram.com\\\/elapogeodiario\\\/\"]},{\"@type\":\"Person\",\"@id\":\"https:\\\/\\\/www.periodicoelapogeo.com.ar\\\/site\\\/#\\\/schema\\\/person\\\/d60bcb51884b850534948db8a28cae37\",\"name\":\"editor\",\"image\":{\"@type\":\"ImageObject\",\"inLanguage\":\"es\",\"@id\":\"https:\\\/\\\/secure.gravatar.com\\\/avatar\\\/af59c81eb11459c33aba6d1ef1422b5c7b8acb4c120f6e1f99e75810f387565f?s=96&d=mm&r=g\",\"url\":\"https:\\\/\\\/secure.gravatar.com\\\/avatar\\\/af59c81eb11459c33aba6d1ef1422b5c7b8acb4c120f6e1f99e75810f387565f?s=96&d=mm&r=g\",\"contentUrl\":\"https:\\\/\\\/secure.gravatar.com\\\/avatar\\\/af59c81eb11459c33aba6d1ef1422b5c7b8acb4c120f6e1f99e75810f387565f?s=96&d=mm&r=g\",\"caption\":\"editor\"},\"sameAs\":[\"http:\\\/\\\/periodicoelapogeo.com.ar\"],\"url\":\"https:\\\/\\\/www.periodicoelapogeo.com.ar\\\/site\\\/author\\\/victor\\\/\"}]}<\/script>\n<!-- \/ Yoast SEO plugin. -->","yoast_head_json":{"title":"Con el alma dormida,\u00a0nuevo\u00a0libro de Roberto A. Capria - Peri\u00f3dico EL APOGEO","robots":{"index":"index","follow":"follow","max-snippet":"max-snippet:-1","max-image-preview":"max-image-preview:large","max-video-preview":"max-video-preview:-1"},"canonical":"https:\/\/www.periodicoelapogeo.com.ar\/site\/con-el-alma-dormida-nuevo-libro-de-roberto-a-capria\/","og_locale":"es_ES","og_type":"article","og_title":"Con el alma dormida,\u00a0nuevo\u00a0libro de Roberto A. Capria - Peri\u00f3dico EL APOGEO","og_description":"Su v\u00ednculo con la literatura comenz\u00f3 cuando estaba terminando la escuela primaria, pero fue a principios de sus estudios universitarios que retom\u00f3 dicha relaci\u00f3n. \u201cEn esa pausa tuve un acercamiento&hellip;","og_url":"https:\/\/www.periodicoelapogeo.com.ar\/site\/con-el-alma-dormida-nuevo-libro-de-roberto-a-capria\/","og_site_name":"Peri\u00f3dico EL APOGEO","article_publisher":"https:\/\/www.facebook.com\/Peridico-El-Apogeo-348111616395\/","article_published_time":"2026-08-31T16:44:34+00:00","article_modified_time":"2026-08-31T16:57:39+00:00","og_image":[{"width":1600,"height":900,"url":"https:\/\/www.periodicoelapogeo.com.ar\/site\/wp-content\/uploads\/2026\/08\/PORTADA.jpg","type":"image\/jpeg"}],"author":"editor","twitter_card":"summary_large_image","twitter_creator":"@elapogeodiario","twitter_site":"@elapogeodiario","twitter_misc":{"Escrito por":"editor","Tiempo de lectura":"3 minutos"},"schema":{"@context":"https:\/\/schema.org","@graph":[{"@type":"Article","@id":"https:\/\/www.periodicoelapogeo.com.ar\/site\/con-el-alma-dormida-nuevo-libro-de-roberto-a-capria\/#article","isPartOf":{"@id":"https:\/\/www.periodicoelapogeo.com.ar\/site\/con-el-alma-dormida-nuevo-libro-de-roberto-a-capria\/"},"author":{"name":"editor","@id":"https:\/\/www.periodicoelapogeo.com.ar\/site\/#\/schema\/person\/d60bcb51884b850534948db8a28cae37"},"headline":"Con el alma dormida,\u00a0nuevo\u00a0libro de Roberto A. Capria","datePublished":"2026-08-31T16:44:34+00:00","dateModified":"2026-08-31T16:57:39+00:00","mainEntityOfPage":{"@id":"https:\/\/www.periodicoelapogeo.com.ar\/site\/con-el-alma-dormida-nuevo-libro-de-roberto-a-capria\/"},"wordCount":394,"publisher":{"@id":"https:\/\/www.periodicoelapogeo.com.ar\/site\/#organization"},"image":{"@id":"https:\/\/www.periodicoelapogeo.com.ar\/site\/con-el-alma-dormida-nuevo-libro-de-roberto-a-capria\/#primaryimage"},"thumbnailUrl":"https:\/\/www.periodicoelapogeo.com.ar\/site\/wp-content\/uploads\/2026\/08\/PORTADA.jpg","keywords":["Autores Locales de Pilar","literatura","Roberto Capria"],"articleSection":["Cultura al hombro","Destacada"],"inLanguage":"es"},{"@type":"WebPage","@id":"https:\/\/www.periodicoelapogeo.com.ar\/site\/con-el-alma-dormida-nuevo-libro-de-roberto-a-capria\/","url":"https:\/\/www.periodicoelapogeo.com.ar\/site\/con-el-alma-dormida-nuevo-libro-de-roberto-a-capria\/","name":"Con el alma dormida,\u00a0nuevo\u00a0libro de Roberto A. Capria - Peri\u00f3dico EL APOGEO","isPartOf":{"@id":"https:\/\/www.periodicoelapogeo.com.ar\/site\/#website"},"primaryImageOfPage":{"@id":"https:\/\/www.periodicoelapogeo.com.ar\/site\/con-el-alma-dormida-nuevo-libro-de-roberto-a-capria\/#primaryimage"},"image":{"@id":"https:\/\/www.periodicoelapogeo.com.ar\/site\/con-el-alma-dormida-nuevo-libro-de-roberto-a-capria\/#primaryimage"},"thumbnailUrl":"https:\/\/www.periodicoelapogeo.com.ar\/site\/wp-content\/uploads\/2026\/08\/PORTADA.jpg","datePublished":"2026-08-31T16:44:34+00:00","dateModified":"2026-08-31T16:57:39+00:00","breadcrumb":{"@id":"https:\/\/www.periodicoelapogeo.com.ar\/site\/con-el-alma-dormida-nuevo-libro-de-roberto-a-capria\/#breadcrumb"},"inLanguage":"es","potentialAction":[{"@type":"ReadAction","target":["https:\/\/www.periodicoelapogeo.com.ar\/site\/con-el-alma-dormida-nuevo-libro-de-roberto-a-capria\/"]}]},{"@type":"ImageObject","inLanguage":"es","@id":"https:\/\/www.periodicoelapogeo.com.ar\/site\/con-el-alma-dormida-nuevo-libro-de-roberto-a-capria\/#primaryimage","url":"https:\/\/www.periodicoelapogeo.com.ar\/site\/wp-content\/uploads\/2026\/08\/PORTADA.jpg","contentUrl":"https:\/\/www.periodicoelapogeo.com.ar\/site\/wp-content\/uploads\/2026\/08\/PORTADA.jpg","width":1600,"height":900},{"@type":"BreadcrumbList","@id":"https:\/\/www.periodicoelapogeo.com.ar\/site\/con-el-alma-dormida-nuevo-libro-de-roberto-a-capria\/#breadcrumb","itemListElement":[{"@type":"ListItem","position":1,"name":"Portada","item":"https:\/\/www.periodicoelapogeo.com.ar\/site\/"},{"@type":"ListItem","position":2,"name":"Con el alma dormida,\u00a0nuevo\u00a0libro de Roberto A. Capria"}]},{"@type":"WebSite","@id":"https:\/\/www.periodicoelapogeo.com.ar\/site\/#website","url":"https:\/\/www.periodicoelapogeo.com.ar\/site\/","name":"Peri\u00f3dico EL APOGEO","description":"En Derqui, Del Viso, Mor\u00f3n y Pilar","publisher":{"@id":"https:\/\/www.periodicoelapogeo.com.ar\/site\/#organization"},"potentialAction":[{"@type":"SearchAction","target":{"@type":"EntryPoint","urlTemplate":"https:\/\/www.periodicoelapogeo.com.ar\/site\/?s={search_term_string}"},"query-input":{"@type":"PropertyValueSpecification","valueRequired":true,"valueName":"search_term_string"}}],"inLanguage":"es"},{"@type":"Organization","@id":"https:\/\/www.periodicoelapogeo.com.ar\/site\/#organization","name":"Peri\u00f3dico EL APOGEO","url":"https:\/\/www.periodicoelapogeo.com.ar\/site\/","logo":{"@type":"ImageObject","inLanguage":"es","@id":"https:\/\/www.periodicoelapogeo.com.ar\/site\/#\/schema\/logo\/image\/","url":"https:\/\/www.periodicoelapogeo.com.ar\/site\/wp-content\/uploads\/2023\/03\/apogeo_logo.jpg","contentUrl":"https:\/\/www.periodicoelapogeo.com.ar\/site\/wp-content\/uploads\/2023\/03\/apogeo_logo.jpg","width":400,"height":400,"caption":"Peri\u00f3dico EL APOGEO"},"image":{"@id":"https:\/\/www.periodicoelapogeo.com.ar\/site\/#\/schema\/logo\/image\/"},"sameAs":["https:\/\/www.facebook.com\/Peridico-El-Apogeo-348111616395\/","https:\/\/x.com\/elapogeodiario","https:\/\/instagram.com\/elapogeodiario\/"]},{"@type":"Person","@id":"https:\/\/www.periodicoelapogeo.com.ar\/site\/#\/schema\/person\/d60bcb51884b850534948db8a28cae37","name":"editor","image":{"@type":"ImageObject","inLanguage":"es","@id":"https:\/\/secure.gravatar.com\/avatar\/af59c81eb11459c33aba6d1ef1422b5c7b8acb4c120f6e1f99e75810f387565f?s=96&d=mm&r=g","url":"https:\/\/secure.gravatar.com\/avatar\/af59c81eb11459c33aba6d1ef1422b5c7b8acb4c120f6e1f99e75810f387565f?s=96&d=mm&r=g","contentUrl":"https:\/\/secure.gravatar.com\/avatar\/af59c81eb11459c33aba6d1ef1422b5c7b8acb4c120f6e1f99e75810f387565f?s=96&d=mm&r=g","caption":"editor"},"sameAs":["http:\/\/periodicoelapogeo.com.ar"],"url":"https:\/\/www.periodicoelapogeo.com.ar\/site\/author\/victor\/"}]}},"_links":{"self":[{"href":"https:\/\/www.periodicoelapogeo.com.ar\/site\/wp-json\/wp\/v2\/posts\/32075","targetHints":{"allow":["GET"]}}],"collection":[{"href":"https:\/\/www.periodicoelapogeo.com.ar\/site\/wp-json\/wp\/v2\/posts"}],"about":[{"href":"https:\/\/www.periodicoelapogeo.com.ar\/site\/wp-json\/wp\/v2\/types\/post"}],"author":[{"embeddable":true,"href":"https:\/\/www.periodicoelapogeo.com.ar\/site\/wp-json\/wp\/v2\/users\/2"}],"replies":[{"embeddable":true,"href":"https:\/\/www.periodicoelapogeo.com.ar\/site\/wp-json\/wp\/v2\/comments?post=32075"}],"version-history":[{"count":2,"href":"https:\/\/www.periodicoelapogeo.com.ar\/site\/wp-json\/wp\/v2\/posts\/32075\/revisions"}],"predecessor-version":[{"id":32082,"href":"https:\/\/www.periodicoelapogeo.com.ar\/site\/wp-json\/wp\/v2\/posts\/32075\/revisions\/32082"}],"wp:featuredmedia":[{"embeddable":true,"href":"https:\/\/www.periodicoelapogeo.com.ar\/site\/wp-json\/wp\/v2\/media\/32079"}],"wp:attachment":[{"href":"https:\/\/www.periodicoelapogeo.com.ar\/site\/wp-json\/wp\/v2\/media?parent=32075"}],"wp:term":[{"taxonomy":"category","embeddable":true,"href":"https:\/\/www.periodicoelapogeo.com.ar\/site\/wp-json\/wp\/v2\/categories?post=32075"},{"taxonomy":"post_tag","embeddable":true,"href":"https:\/\/www.periodicoelapogeo.com.ar\/site\/wp-json\/wp\/v2\/tags?post=32075"}],"curies":[{"name":"wp","href":"https:\/\/api.w.org\/{rel}","templated":true}]}}