{"id":32083,"date":"2026-09-01T09:26:16","date_gmt":"2026-09-01T12:26:16","guid":{"rendered":"https:\/\/www.periodicoelapogeo.com.ar\/site\/?p=32083"},"modified":"2026-09-01T09:26:17","modified_gmt":"2026-09-01T12:26:17","slug":"el-municipio-acerco-el-programa-ver-bien-aprender-mejor-al-club-municipal-del-viso","status":"publish","type":"post","link":"https:\/\/www.periodicoelapogeo.com.ar\/site\/el-municipio-acerco-el-programa-ver-bien-aprender-mejor-al-club-municipal-del-viso\/","title":{"rendered":"El Municipio acerc\u00f3 el programa \u201cVer bien, aprender mejor\u201d al Club Municipal Del Viso"},"content":{"rendered":"\n<p class=\"has-medium-font-size wp-block-paragraph\">El Municipio sigue llevando el programa \u201cVer bien, aprender mejor\u201d a los barrios de Pilar. Esta vez, se llev\u00f3 adelante una nueva entrega de anteojos en el Club Municipal Del Viso, donde estuvo presente el intendente Federico Ach\u00e1val, junto al secretario de Gobierno, Santiago Laurent, y la secretaria General, Soledad Peralta.<\/p>\n\n\n\n<figure class=\"wp-block-image size-large\"><img fetchpriority=\"high\" decoding=\"async\" width=\"1024\" height=\"683\" src=\"https:\/\/www.periodicoelapogeo.com.ar\/site\/wp-content\/uploads\/2026\/09\/WhatsApp-Image-2026-08-31-at-18.40.22-1-1024x683.jpeg\" alt=\"\" class=\"wp-image-32084\" srcset=\"https:\/\/www.periodicoelapogeo.com.ar\/site\/wp-content\/uploads\/2026\/09\/WhatsApp-Image-2026-08-31-at-18.40.22-1-1024x683.jpeg 1024w, https:\/\/www.periodicoelapogeo.com.ar\/site\/wp-content\/uploads\/2026\/09\/WhatsApp-Image-2026-08-31-at-18.40.22-1-320x214.jpeg 320w, https:\/\/www.periodicoelapogeo.com.ar\/site\/wp-content\/uploads\/2026\/09\/WhatsApp-Image-2026-08-31-at-18.40.22-1-768x512.jpeg 768w, https:\/\/www.periodicoelapogeo.com.ar\/site\/wp-content\/uploads\/2026\/09\/WhatsApp-Image-2026-08-31-at-18.40.22-1.jpeg 1142w\" sizes=\"(max-width: 1024px) 100vw, 1024px\" \/><\/figure>\n\n\n\n<p class=\"wp-block-paragraph\">Durante el operativo, el jefe comunal expres\u00f3: <em>\u00abLlevamos adelante una nueva entrega de anteojos en el Club Municipal Del Viso, una herramienta para que puedan aprender y estudiar en las mejores condiciones posibles. En Pilar cuidamos la salud y la educaci\u00f3n de los chicos y j\u00f3venes\u00bb.<\/em><\/p>\n\n\n\n<figure class=\"wp-block-image size-large\"><img decoding=\"async\" width=\"1024\" height=\"683\" src=\"https:\/\/www.periodicoelapogeo.com.ar\/site\/wp-content\/uploads\/2026\/09\/WhatsApp-Image-2026-08-31-at-18.40.22-1024x683.jpeg\" alt=\"\" class=\"wp-image-32085\" srcset=\"https:\/\/www.periodicoelapogeo.com.ar\/site\/wp-content\/uploads\/2026\/09\/WhatsApp-Image-2026-08-31-at-18.40.22-1024x683.jpeg 1024w, https:\/\/www.periodicoelapogeo.com.ar\/site\/wp-content\/uploads\/2026\/09\/WhatsApp-Image-2026-08-31-at-18.40.22-320x214.jpeg 320w, https:\/\/www.periodicoelapogeo.com.ar\/site\/wp-content\/uploads\/2026\/09\/WhatsApp-Image-2026-08-31-at-18.40.22-768x512.jpeg 768w, https:\/\/www.periodicoelapogeo.com.ar\/site\/wp-content\/uploads\/2026\/09\/WhatsApp-Image-2026-08-31-at-18.40.22.jpeg 1280w\" sizes=\"(max-width: 1024px) 100vw, 1024px\" \/><\/figure>\n\n\n\n<p class=\"wp-block-paragraph\">Por su parte, Laurent agreg\u00f3: <em>\u00abSabemos que acompa\u00f1ar la educaci\u00f3n de los chicos es tambi\u00e9n brindarles todas las herramientas que necesitan para que puedan aprender en las mejores condiciones\u00bb.<\/em><\/p>\n\n\n\n<p class=\"wp-block-paragraph\">Por su parte, Peralta se\u00f1al\u00f3: <em>\u00abCada chico merece tener las herramientas que necesita para aprender, por eso vamos a seguir cuidando su salud visual para que puedan crecer, desarrollarse y construir su futuro\u00bb.<\/em><\/p>\n\n\n\n<p class=\"wp-block-paragraph\">Tambi\u00e9n estuvo presente en la actividad el vicepresidente de la Fundaci\u00f3n Banco Provincia, Alejandro Alegretti.<\/p>\n\n\n\n<figure class=\"wp-block-image size-large\"><img decoding=\"async\" width=\"1024\" height=\"683\" src=\"https:\/\/www.periodicoelapogeo.com.ar\/site\/wp-content\/uploads\/2026\/09\/WhatsApp-Image-2026-08-31-at-18.40.23-1024x683.jpeg\" alt=\"\" class=\"wp-image-32086\" srcset=\"https:\/\/www.periodicoelapogeo.com.ar\/site\/wp-content\/uploads\/2026\/09\/WhatsApp-Image-2026-08-31-at-18.40.23-1024x683.jpeg 1024w, https:\/\/www.periodicoelapogeo.com.ar\/site\/wp-content\/uploads\/2026\/09\/WhatsApp-Image-2026-08-31-at-18.40.23-320x214.jpeg 320w, https:\/\/www.periodicoelapogeo.com.ar\/site\/wp-content\/uploads\/2026\/09\/WhatsApp-Image-2026-08-31-at-18.40.23-768x512.jpeg 768w, https:\/\/www.periodicoelapogeo.com.ar\/site\/wp-content\/uploads\/2026\/09\/WhatsApp-Image-2026-08-31-at-18.40.23.jpeg 1082w\" sizes=\"(max-width: 1024px) 100vw, 1024px\" \/><\/figure>\n","protected":false},"excerpt":{"rendered":"<p>El Municipio sigue llevando el programa \u201cVer bien, aprender mejor\u201d a los barrios de Pilar. Esta vez, se llev\u00f3 adelante una nueva entrega de anteojos en el Club Municipal Del&hellip; <\/p>\n","protected":false},"author":2,"featured_media":32087,"comment_status":"closed","ping_status":"open","sticky":false,"template":"","format":"standard","meta":{"footnotes":""},"categories":[17,1317],"tags":[1294,897,1516,533,3242,8,1303],"class_list":["post-32083","post","type-post","status-publish","format-standard","has-post-thumbnail","hentry","category-principal","category-salud","tag-estado-presente","tag-gestion-municipal","tag-intendente-federico-achaval","tag-municipio-de-pilar","tag-programa-ver-bien-aprender-mejor","tag-salud","tag-salud-publica"],"yoast_head":"<!-- This site is optimized with the Yoast SEO plugin v27.8 - https:\/\/yoast.com\/product\/yoast-seo-wordpress\/ -->\n<title>El Municipio acerc\u00f3 el programa \u201cVer bien, aprender mejor\u201d al Club Municipal Del Viso - Peri\u00f3dico EL APOGEO<\/title>\n<meta name=\"robots\" content=\"index, follow, max-snippet:-1, max-image-preview:large, max-video-preview:-1\" \/>\n<link rel=\"canonical\" href=\"https:\/\/www.periodicoelapogeo.com.ar\/site\/el-municipio-acerco-el-programa-ver-bien-aprender-mejor-al-club-municipal-del-viso\/\" \/>\n<meta property=\"og:locale\" content=\"es_ES\" \/>\n<meta property=\"og:type\" content=\"article\" \/>\n<meta property=\"og:title\" content=\"El Municipio acerc\u00f3 el programa \u201cVer bien, aprender mejor\u201d al Club Municipal Del Viso - Peri\u00f3dico EL APOGEO\" \/>\n<meta property=\"og:description\" content=\"El Municipio sigue llevando el programa \u201cVer bien, aprender mejor\u201d a los barrios de Pilar. Esta vez, se llev\u00f3 adelante una nueva entrega de anteojos en el Club Municipal Del&hellip;\" \/>\n<meta property=\"og:url\" content=\"https:\/\/www.periodicoelapogeo.com.ar\/site\/el-municipio-acerco-el-programa-ver-bien-aprender-mejor-al-club-municipal-del-viso\/\" \/>\n<meta property=\"og:site_name\" content=\"Peri\u00f3dico EL APOGEO\" \/>\n<meta property=\"article:publisher\" content=\"https:\/\/www.facebook.com\/Peridico-El-Apogeo-348111616395\/\" \/>\n<meta property=\"article:published_time\" content=\"2026-09-01T12:26:16+00:00\" \/>\n<meta property=\"article:modified_time\" content=\"2026-09-01T12:26:17+00:00\" \/>\n<meta property=\"og:image\" content=\"https:\/\/www.periodicoelapogeo.com.ar\/site\/wp-content\/uploads\/2026\/09\/WhatsApp-Image-2026-08-31-at-18.40.22-2.jpeg\" \/>\n\t<meta property=\"og:image:width\" content=\"1021\" \/>\n\t<meta property=\"og:image:height\" content=\"681\" \/>\n\t<meta property=\"og:image:type\" content=\"image\/jpeg\" \/>\n<meta name=\"author\" content=\"editor\" \/>\n<meta name=\"twitter:card\" content=\"summary_large_image\" \/>\n<meta name=\"twitter:creator\" content=\"@elapogeodiario\" \/>\n<meta name=\"twitter:site\" content=\"@elapogeodiario\" \/>\n<meta name=\"twitter:label1\" content=\"Escrito por\" \/>\n\t<meta name=\"twitter:data1\" content=\"editor\" \/>\n\t<meta name=\"twitter:label2\" content=\"Tiempo de lectura\" \/>\n\t<meta name=\"twitter:data2\" content=\"2 minutos\" \/>\n<script type=\"application\/ld+json\" class=\"yoast-schema-graph\">{\"@context\":\"https:\\\/\\\/schema.org\",\"@graph\":[{\"@type\":\"Article\",\"@id\":\"https:\\\/\\\/www.periodicoelapogeo.com.ar\\\/site\\\/el-municipio-acerco-el-programa-ver-bien-aprender-mejor-al-club-municipal-del-viso\\\/#article\",\"isPartOf\":{\"@id\":\"https:\\\/\\\/www.periodicoelapogeo.com.ar\\\/site\\\/el-municipio-acerco-el-programa-ver-bien-aprender-mejor-al-club-municipal-del-viso\\\/\"},\"author\":{\"name\":\"editor\",\"@id\":\"https:\\\/\\\/www.periodicoelapogeo.com.ar\\\/site\\\/#\\\/schema\\\/person\\\/d60bcb51884b850534948db8a28cae37\"},\"headline\":\"El Municipio acerc\u00f3 el programa \u201cVer bien, aprender mejor\u201d al Club Municipal Del Viso\",\"datePublished\":\"2026-09-01T12:26:16+00:00\",\"dateModified\":\"2026-09-01T12:26:17+00:00\",\"mainEntityOfPage\":{\"@id\":\"https:\\\/\\\/www.periodicoelapogeo.com.ar\\\/site\\\/el-municipio-acerco-el-programa-ver-bien-aprender-mejor-al-club-municipal-del-viso\\\/\"},\"wordCount\":197,\"publisher\":{\"@id\":\"https:\\\/\\\/www.periodicoelapogeo.com.ar\\\/site\\\/#organization\"},\"image\":{\"@id\":\"https:\\\/\\\/www.periodicoelapogeo.com.ar\\\/site\\\/el-municipio-acerco-el-programa-ver-bien-aprender-mejor-al-club-municipal-del-viso\\\/#primaryimage\"},\"thumbnailUrl\":\"https:\\\/\\\/www.periodicoelapogeo.com.ar\\\/site\\\/wp-content\\\/uploads\\\/2026\\\/09\\\/WhatsApp-Image-2026-08-31-at-18.40.22-2.jpeg\",\"keywords\":[\"Estado presente\",\"gesti\u00f3n municipal\",\"intendente Federico Ach\u00e1val\",\"Municipio de Pilar\",\"Programa Ver bien aprender mejor\",\"Salud\",\"salud p\u00fablica\"],\"articleSection\":[\"Principal\",\"Salud\"],\"inLanguage\":\"es\"},{\"@type\":\"WebPage\",\"@id\":\"https:\\\/\\\/www.periodicoelapogeo.com.ar\\\/site\\\/el-municipio-acerco-el-programa-ver-bien-aprender-mejor-al-club-municipal-del-viso\\\/\",\"url\":\"https:\\\/\\\/www.periodicoelapogeo.com.ar\\\/site\\\/el-municipio-acerco-el-programa-ver-bien-aprender-mejor-al-club-municipal-del-viso\\\/\",\"name\":\"El Municipio acerc\u00f3 el programa \u201cVer bien, aprender mejor\u201d al Club Municipal Del Viso - Peri\u00f3dico EL APOGEO\",\"isPartOf\":{\"@id\":\"https:\\\/\\\/www.periodicoelapogeo.com.ar\\\/site\\\/#website\"},\"primaryImageOfPage\":{\"@id\":\"https:\\\/\\\/www.periodicoelapogeo.com.ar\\\/site\\\/el-municipio-acerco-el-programa-ver-bien-aprender-mejor-al-club-municipal-del-viso\\\/#primaryimage\"},\"image\":{\"@id\":\"https:\\\/\\\/www.periodicoelapogeo.com.ar\\\/site\\\/el-municipio-acerco-el-programa-ver-bien-aprender-mejor-al-club-municipal-del-viso\\\/#primaryimage\"},\"thumbnailUrl\":\"https:\\\/\\\/www.periodicoelapogeo.com.ar\\\/site\\\/wp-content\\\/uploads\\\/2026\\\/09\\\/WhatsApp-Image-2026-08-31-at-18.40.22-2.jpeg\",\"datePublished\":\"2026-09-01T12:26:16+00:00\",\"dateModified\":\"2026-09-01T12:26:17+00:00\",\"breadcrumb\":{\"@id\":\"https:\\\/\\\/www.periodicoelapogeo.com.ar\\\/site\\\/el-municipio-acerco-el-programa-ver-bien-aprender-mejor-al-club-municipal-del-viso\\\/#breadcrumb\"},\"inLanguage\":\"es\",\"potentialAction\":[{\"@type\":\"ReadAction\",\"target\":[\"https:\\\/\\\/www.periodicoelapogeo.com.ar\\\/site\\\/el-municipio-acerco-el-programa-ver-bien-aprender-mejor-al-club-municipal-del-viso\\\/\"]}]},{\"@type\":\"ImageObject\",\"inLanguage\":\"es\",\"@id\":\"https:\\\/\\\/www.periodicoelapogeo.com.ar\\\/site\\\/el-municipio-acerco-el-programa-ver-bien-aprender-mejor-al-club-municipal-del-viso\\\/#primaryimage\",\"url\":\"https:\\\/\\\/www.periodicoelapogeo.com.ar\\\/site\\\/wp-content\\\/uploads\\\/2026\\\/09\\\/WhatsApp-Image-2026-08-31-at-18.40.22-2.jpeg\",\"contentUrl\":\"https:\\\/\\\/www.periodicoelapogeo.com.ar\\\/site\\\/wp-content\\\/uploads\\\/2026\\\/09\\\/WhatsApp-Image-2026-08-31-at-18.40.22-2.jpeg\",\"width\":1021,\"height\":681},{\"@type\":\"BreadcrumbList\",\"@id\":\"https:\\\/\\\/www.periodicoelapogeo.com.ar\\\/site\\\/el-municipio-acerco-el-programa-ver-bien-aprender-mejor-al-club-municipal-del-viso\\\/#breadcrumb\",\"itemListElement\":[{\"@type\":\"ListItem\",\"position\":1,\"name\":\"Portada\",\"item\":\"https:\\\/\\\/www.periodicoelapogeo.com.ar\\\/site\\\/\"},{\"@type\":\"ListItem\",\"position\":2,\"name\":\"El Municipio acerc\u00f3 el programa \u201cVer bien, aprender mejor\u201d al Club Municipal Del Viso\"}]},{\"@type\":\"WebSite\",\"@id\":\"https:\\\/\\\/www.periodicoelapogeo.com.ar\\\/site\\\/#website\",\"url\":\"https:\\\/\\\/www.periodicoelapogeo.com.ar\\\/site\\\/\",\"name\":\"Peri\u00f3dico EL APOGEO\",\"description\":\"En Derqui, Del Viso, Mor\u00f3n y Pilar\",\"publisher\":{\"@id\":\"https:\\\/\\\/www.periodicoelapogeo.com.ar\\\/site\\\/#organization\"},\"potentialAction\":[{\"@type\":\"SearchAction\",\"target\":{\"@type\":\"EntryPoint\",\"urlTemplate\":\"https:\\\/\\\/www.periodicoelapogeo.com.ar\\\/site\\\/?s={search_term_string}\"},\"query-input\":{\"@type\":\"PropertyValueSpecification\",\"valueRequired\":true,\"valueName\":\"search_term_string\"}}],\"inLanguage\":\"es\"},{\"@type\":\"Organization\",\"@id\":\"https:\\\/\\\/www.periodicoelapogeo.com.ar\\\/site\\\/#organization\",\"name\":\"Peri\u00f3dico EL APOGEO\",\"url\":\"https:\\\/\\\/www.periodicoelapogeo.com.ar\\\/site\\\/\",\"logo\":{\"@type\":\"ImageObject\",\"inLanguage\":\"es\",\"@id\":\"https:\\\/\\\/www.periodicoelapogeo.com.ar\\\/site\\\/#\\\/schema\\\/logo\\\/image\\\/\",\"url\":\"https:\\\/\\\/www.periodicoelapogeo.com.ar\\\/site\\\/wp-content\\\/uploads\\\/2023\\\/03\\\/apogeo_logo.jpg\",\"contentUrl\":\"https:\\\/\\\/www.periodicoelapogeo.com.ar\\\/site\\\/wp-content\\\/uploads\\\/2023\\\/03\\\/apogeo_logo.jpg\",\"width\":400,\"height\":400,\"caption\":\"Peri\u00f3dico EL APOGEO\"},\"image\":{\"@id\":\"https:\\\/\\\/www.periodicoelapogeo.com.ar\\\/site\\\/#\\\/schema\\\/logo\\\/image\\\/\"},\"sameAs\":[\"https:\\\/\\\/www.facebook.com\\\/Peridico-El-Apogeo-348111616395\\\/\",\"https:\\\/\\\/x.com\\\/elapogeodiario\",\"https:\\\/\\\/instagram.com\\\/elapogeodiario\\\/\"]},{\"@type\":\"Person\",\"@id\":\"https:\\\/\\\/www.periodicoelapogeo.com.ar\\\/site\\\/#\\\/schema\\\/person\\\/d60bcb51884b850534948db8a28cae37\",\"name\":\"editor\",\"image\":{\"@type\":\"ImageObject\",\"inLanguage\":\"es\",\"@id\":\"https:\\\/\\\/secure.gravatar.com\\\/avatar\\\/af59c81eb11459c33aba6d1ef1422b5c7b8acb4c120f6e1f99e75810f387565f?s=96&d=mm&r=g\",\"url\":\"https:\\\/\\\/secure.gravatar.com\\\/avatar\\\/af59c81eb11459c33aba6d1ef1422b5c7b8acb4c120f6e1f99e75810f387565f?s=96&d=mm&r=g\",\"contentUrl\":\"https:\\\/\\\/secure.gravatar.com\\\/avatar\\\/af59c81eb11459c33aba6d1ef1422b5c7b8acb4c120f6e1f99e75810f387565f?s=96&d=mm&r=g\",\"caption\":\"editor\"},\"sameAs\":[\"http:\\\/\\\/periodicoelapogeo.com.ar\"],\"url\":\"https:\\\/\\\/www.periodicoelapogeo.com.ar\\\/site\\\/author\\\/victor\\\/\"}]}<\/script>\n<!-- \/ Yoast SEO plugin. -->","yoast_head_json":{"title":"El Municipio acerc\u00f3 el programa \u201cVer bien, aprender mejor\u201d al Club Municipal Del Viso - Peri\u00f3dico EL APOGEO","robots":{"index":"index","follow":"follow","max-snippet":"max-snippet:-1","max-image-preview":"max-image-preview:large","max-video-preview":"max-video-preview:-1"},"canonical":"https:\/\/www.periodicoelapogeo.com.ar\/site\/el-municipio-acerco-el-programa-ver-bien-aprender-mejor-al-club-municipal-del-viso\/","og_locale":"es_ES","og_type":"article","og_title":"El Municipio acerc\u00f3 el programa \u201cVer bien, aprender mejor\u201d al Club Municipal Del Viso - Peri\u00f3dico EL APOGEO","og_description":"El Municipio sigue llevando el programa \u201cVer bien, aprender mejor\u201d a los barrios de Pilar. Esta vez, se llev\u00f3 adelante una nueva entrega de anteojos en el Club Municipal Del&hellip;","og_url":"https:\/\/www.periodicoelapogeo.com.ar\/site\/el-municipio-acerco-el-programa-ver-bien-aprender-mejor-al-club-municipal-del-viso\/","og_site_name":"Peri\u00f3dico EL APOGEO","article_publisher":"https:\/\/www.facebook.com\/Peridico-El-Apogeo-348111616395\/","article_published_time":"2026-09-01T12:26:16+00:00","article_modified_time":"2026-09-01T12:26:17+00:00","og_image":[{"width":1021,"height":681,"url":"https:\/\/www.periodicoelapogeo.com.ar\/site\/wp-content\/uploads\/2026\/09\/WhatsApp-Image-2026-08-31-at-18.40.22-2.jpeg","type":"image\/jpeg"}],"author":"editor","twitter_card":"summary_large_image","twitter_creator":"@elapogeodiario","twitter_site":"@elapogeodiario","twitter_misc":{"Escrito por":"editor","Tiempo de lectura":"2 minutos"},"schema":{"@context":"https:\/\/schema.org","@graph":[{"@type":"Article","@id":"https:\/\/www.periodicoelapogeo.com.ar\/site\/el-municipio-acerco-el-programa-ver-bien-aprender-mejor-al-club-municipal-del-viso\/#article","isPartOf":{"@id":"https:\/\/www.periodicoelapogeo.com.ar\/site\/el-municipio-acerco-el-programa-ver-bien-aprender-mejor-al-club-municipal-del-viso\/"},"author":{"name":"editor","@id":"https:\/\/www.periodicoelapogeo.com.ar\/site\/#\/schema\/person\/d60bcb51884b850534948db8a28cae37"},"headline":"El Municipio acerc\u00f3 el programa \u201cVer bien, aprender mejor\u201d al Club Municipal Del Viso","datePublished":"2026-09-01T12:26:16+00:00","dateModified":"2026-09-01T12:26:17+00:00","mainEntityOfPage":{"@id":"https:\/\/www.periodicoelapogeo.com.ar\/site\/el-municipio-acerco-el-programa-ver-bien-aprender-mejor-al-club-municipal-del-viso\/"},"wordCount":197,"publisher":{"@id":"https:\/\/www.periodicoelapogeo.com.ar\/site\/#organization"},"image":{"@id":"https:\/\/www.periodicoelapogeo.com.ar\/site\/el-municipio-acerco-el-programa-ver-bien-aprender-mejor-al-club-municipal-del-viso\/#primaryimage"},"thumbnailUrl":"https:\/\/www.periodicoelapogeo.com.ar\/site\/wp-content\/uploads\/2026\/09\/WhatsApp-Image-2026-08-31-at-18.40.22-2.jpeg","keywords":["Estado presente","gesti\u00f3n municipal","intendente Federico Ach\u00e1val","Municipio de Pilar","Programa Ver bien aprender mejor","Salud","salud p\u00fablica"],"articleSection":["Principal","Salud"],"inLanguage":"es"},{"@type":"WebPage","@id":"https:\/\/www.periodicoelapogeo.com.ar\/site\/el-municipio-acerco-el-programa-ver-bien-aprender-mejor-al-club-municipal-del-viso\/","url":"https:\/\/www.periodicoelapogeo.com.ar\/site\/el-municipio-acerco-el-programa-ver-bien-aprender-mejor-al-club-municipal-del-viso\/","name":"El Municipio acerc\u00f3 el programa \u201cVer bien, aprender mejor\u201d al Club Municipal Del Viso - Peri\u00f3dico EL APOGEO","isPartOf":{"@id":"https:\/\/www.periodicoelapogeo.com.ar\/site\/#website"},"primaryImageOfPage":{"@id":"https:\/\/www.periodicoelapogeo.com.ar\/site\/el-municipio-acerco-el-programa-ver-bien-aprender-mejor-al-club-municipal-del-viso\/#primaryimage"},"image":{"@id":"https:\/\/www.periodicoelapogeo.com.ar\/site\/el-municipio-acerco-el-programa-ver-bien-aprender-mejor-al-club-municipal-del-viso\/#primaryimage"},"thumbnailUrl":"https:\/\/www.periodicoelapogeo.com.ar\/site\/wp-content\/uploads\/2026\/09\/WhatsApp-Image-2026-08-31-at-18.40.22-2.jpeg","datePublished":"2026-09-01T12:26:16+00:00","dateModified":"2026-09-01T12:26:17+00:00","breadcrumb":{"@id":"https:\/\/www.periodicoelapogeo.com.ar\/site\/el-municipio-acerco-el-programa-ver-bien-aprender-mejor-al-club-municipal-del-viso\/#breadcrumb"},"inLanguage":"es","potentialAction":[{"@type":"ReadAction","target":["https:\/\/www.periodicoelapogeo.com.ar\/site\/el-municipio-acerco-el-programa-ver-bien-aprender-mejor-al-club-municipal-del-viso\/"]}]},{"@type":"ImageObject","inLanguage":"es","@id":"https:\/\/www.periodicoelapogeo.com.ar\/site\/el-municipio-acerco-el-programa-ver-bien-aprender-mejor-al-club-municipal-del-viso\/#primaryimage","url":"https:\/\/www.periodicoelapogeo.com.ar\/site\/wp-content\/uploads\/2026\/09\/WhatsApp-Image-2026-08-31-at-18.40.22-2.jpeg","contentUrl":"https:\/\/www.periodicoelapogeo.com.ar\/site\/wp-content\/uploads\/2026\/09\/WhatsApp-Image-2026-08-31-at-18.40.22-2.jpeg","width":1021,"height":681},{"@type":"BreadcrumbList","@id":"https:\/\/www.periodicoelapogeo.com.ar\/site\/el-municipio-acerco-el-programa-ver-bien-aprender-mejor-al-club-municipal-del-viso\/#breadcrumb","itemListElement":[{"@type":"ListItem","position":1,"name":"Portada","item":"https:\/\/www.periodicoelapogeo.com.ar\/site\/"},{"@type":"ListItem","position":2,"name":"El Municipio acerc\u00f3 el programa \u201cVer bien, aprender mejor\u201d al Club Municipal Del Viso"}]},{"@type":"WebSite","@id":"https:\/\/www.periodicoelapogeo.com.ar\/site\/#website","url":"https:\/\/www.periodicoelapogeo.com.ar\/site\/","name":"Peri\u00f3dico EL APOGEO","description":"En Derqui, Del Viso, Mor\u00f3n y Pilar","publisher":{"@id":"https:\/\/www.periodicoelapogeo.com.ar\/site\/#organization"},"potentialAction":[{"@type":"SearchAction","target":{"@type":"EntryPoint","urlTemplate":"https:\/\/www.periodicoelapogeo.com.ar\/site\/?s={search_term_string}"},"query-input":{"@type":"PropertyValueSpecification","valueRequired":true,"valueName":"search_term_string"}}],"inLanguage":"es"},{"@type":"Organization","@id":"https:\/\/www.periodicoelapogeo.com.ar\/site\/#organization","name":"Peri\u00f3dico EL APOGEO","url":"https:\/\/www.periodicoelapogeo.com.ar\/site\/","logo":{"@type":"ImageObject","inLanguage":"es","@id":"https:\/\/www.periodicoelapogeo.com.ar\/site\/#\/schema\/logo\/image\/","url":"https:\/\/www.periodicoelapogeo.com.ar\/site\/wp-content\/uploads\/2023\/03\/apogeo_logo.jpg","contentUrl":"https:\/\/www.periodicoelapogeo.com.ar\/site\/wp-content\/uploads\/2023\/03\/apogeo_logo.jpg","width":400,"height":400,"caption":"Peri\u00f3dico EL APOGEO"},"image":{"@id":"https:\/\/www.periodicoelapogeo.com.ar\/site\/#\/schema\/logo\/image\/"},"sameAs":["https:\/\/www.facebook.com\/Peridico-El-Apogeo-348111616395\/","https:\/\/x.com\/elapogeodiario","https:\/\/instagram.com\/elapogeodiario\/"]},{"@type":"Person","@id":"https:\/\/www.periodicoelapogeo.com.ar\/site\/#\/schema\/person\/d60bcb51884b850534948db8a28cae37","name":"editor","image":{"@type":"ImageObject","inLanguage":"es","@id":"https:\/\/secure.gravatar.com\/avatar\/af59c81eb11459c33aba6d1ef1422b5c7b8acb4c120f6e1f99e75810f387565f?s=96&d=mm&r=g","url":"https:\/\/secure.gravatar.com\/avatar\/af59c81eb11459c33aba6d1ef1422b5c7b8acb4c120f6e1f99e75810f387565f?s=96&d=mm&r=g","contentUrl":"https:\/\/secure.gravatar.com\/avatar\/af59c81eb11459c33aba6d1ef1422b5c7b8acb4c120f6e1f99e75810f387565f?s=96&d=mm&r=g","caption":"editor"},"sameAs":["http:\/\/periodicoelapogeo.com.ar"],"url":"https:\/\/www.periodicoelapogeo.com.ar\/site\/author\/victor\/"}]}},"_links":{"self":[{"href":"https:\/\/www.periodicoelapogeo.com.ar\/site\/wp-json\/wp\/v2\/posts\/32083","targetHints":{"allow":["GET"]}}],"collection":[{"href":"https:\/\/www.periodicoelapogeo.com.ar\/site\/wp-json\/wp\/v2\/posts"}],"about":[{"href":"https:\/\/www.periodicoelapogeo.com.ar\/site\/wp-json\/wp\/v2\/types\/post"}],"author":[{"embeddable":true,"href":"https:\/\/www.periodicoelapogeo.com.ar\/site\/wp-json\/wp\/v2\/users\/2"}],"replies":[{"embeddable":true,"href":"https:\/\/www.periodicoelapogeo.com.ar\/site\/wp-json\/wp\/v2\/comments?post=32083"}],"version-history":[{"count":1,"href":"https:\/\/www.periodicoelapogeo.com.ar\/site\/wp-json\/wp\/v2\/posts\/32083\/revisions"}],"predecessor-version":[{"id":32088,"href":"https:\/\/www.periodicoelapogeo.com.ar\/site\/wp-json\/wp\/v2\/posts\/32083\/revisions\/32088"}],"wp:featuredmedia":[{"embeddable":true,"href":"https:\/\/www.periodicoelapogeo.com.ar\/site\/wp-json\/wp\/v2\/media\/32087"}],"wp:attachment":[{"href":"https:\/\/www.periodicoelapogeo.com.ar\/site\/wp-json\/wp\/v2\/media?parent=32083"}],"wp:term":[{"taxonomy":"category","embeddable":true,"href":"https:\/\/www.periodicoelapogeo.com.ar\/site\/wp-json\/wp\/v2\/categories?post=32083"},{"taxonomy":"post_tag","embeddable":true,"href":"https:\/\/www.periodicoelapogeo.com.ar\/site\/wp-json\/wp\/v2\/tags?post=32083"}],"curies":[{"name":"wp","href":"https:\/\/api.w.org\/{rel}","templated":true}]}}