{"id":32089,"date":"2026-09-04T17:25:12","date_gmt":"2026-09-04T20:25:12","guid":{"rendered":"https:\/\/www.periodicoelapogeo.com.ar\/site\/?p=32089"},"modified":"2026-09-04T18:04:46","modified_gmt":"2026-09-04T21:04:46","slug":"un-centenar-de-escritores-y-estudiantes-celebraron-el-dia-del-autor-local-de-pilar","status":"publish","type":"post","link":"https:\/\/www.periodicoelapogeo.com.ar\/site\/un-centenar-de-escritores-y-estudiantes-celebraron-el-dia-del-autor-local-de-pilar\/","title":{"rendered":"Un centenar de escritores y estudiantes celebraron el D\u00eda del Autor Local de Pilar"},"content":{"rendered":"\n<p class=\"has-medium-font-size wp-block-paragraph\">Ayer, jueves 3 de septiembre, se celebr\u00f3 el D\u00eda de las y los Autores Locales de Pilar ante un centenar de personas que, a lo largo de toda la jornada, fueron compartiendo las actividades llevadas adelante por esta asociaci\u00f3n civil y movimiento literario que tiene catorce a\u00f1os de trabajo mancomunado difundiendo y promoviendo la lectura, los libros y la cultura, no solo en el partido de Pilar sino en toda la regi\u00f3n.<\/p>\n\n\n\n<figure class=\"wp-block-image size-large\"><img fetchpriority=\"high\" decoding=\"async\" width=\"1024\" height=\"686\" src=\"https:\/\/www.periodicoelapogeo.com.ar\/site\/wp-content\/uploads\/2026\/09\/WhatsApp-Image-2026-09-04-at-16.51.24-1024x686.jpeg\" alt=\"\" class=\"wp-image-32090\" srcset=\"https:\/\/www.periodicoelapogeo.com.ar\/site\/wp-content\/uploads\/2026\/09\/WhatsApp-Image-2026-09-04-at-16.51.24-1024x686.jpeg 1024w, https:\/\/www.periodicoelapogeo.com.ar\/site\/wp-content\/uploads\/2026\/09\/WhatsApp-Image-2026-09-04-at-16.51.24-320x214.jpeg 320w, https:\/\/www.periodicoelapogeo.com.ar\/site\/wp-content\/uploads\/2026\/09\/WhatsApp-Image-2026-09-04-at-16.51.24-768x515.jpeg 768w, https:\/\/www.periodicoelapogeo.com.ar\/site\/wp-content\/uploads\/2026\/09\/WhatsApp-Image-2026-09-04-at-16.51.24-1536x1029.jpeg 1536w, https:\/\/www.periodicoelapogeo.com.ar\/site\/wp-content\/uploads\/2026\/09\/WhatsApp-Image-2026-09-04-at-16.51.24.jpeg 1600w\" sizes=\"(max-width: 1024px) 100vw, 1024px\" \/><\/figure>\n\n\n\n<p class=\"wp-block-paragraph\">La jornada se llev\u00f3 adelante en el edificio nuevo de la Universidad Nacional de Pilar, m\u00e1s espec\u00edficamente en el Aula Magna, y cont\u00f3 con la participaci\u00f3n de docentes, directivos, alumnas y alumnos de la casa de altos estudios que tuvieron una participaci\u00f3n destacada en la proyecci\u00f3n de cortometrajes basados en textos de escritores locales y realizados por estudiantes de segundo a\u00f1o de Realizaci\u00f3n Audiovisual: Imagen, Palabra, Territorio. Po\u00e9ticas del encuentro entre escritores y realizadores locales.<\/p>\n\n\n\n<p class=\"wp-block-paragraph\">La exposici\u00f3n de los m\u00e1s de trescientos libros publicados por autoras y autores locales de Pilar en una mesa gigante en la entrada del edificio convoc\u00f3 a lectores y lectoras que apoyan la literatura local.<\/p>\n\n\n\n<figure class=\"wp-block-image size-large\"><img decoding=\"async\" width=\"736\" height=\"1024\" src=\"https:\/\/www.periodicoelapogeo.com.ar\/site\/wp-content\/uploads\/2026\/09\/WhatsApp-Image-2026-09-04-at-16.54.09-736x1024.jpeg\" alt=\"\" class=\"wp-image-32091\" srcset=\"https:\/\/www.periodicoelapogeo.com.ar\/site\/wp-content\/uploads\/2026\/09\/WhatsApp-Image-2026-09-04-at-16.54.09-736x1024.jpeg 736w, https:\/\/www.periodicoelapogeo.com.ar\/site\/wp-content\/uploads\/2026\/09\/WhatsApp-Image-2026-09-04-at-16.54.09-216x300.jpeg 216w, https:\/\/www.periodicoelapogeo.com.ar\/site\/wp-content\/uploads\/2026\/09\/WhatsApp-Image-2026-09-04-at-16.54.09-768x1068.jpeg 768w, https:\/\/www.periodicoelapogeo.com.ar\/site\/wp-content\/uploads\/2026\/09\/WhatsApp-Image-2026-09-04-at-16.54.09-1105x1536.jpeg 1105w, https:\/\/www.periodicoelapogeo.com.ar\/site\/wp-content\/uploads\/2026\/09\/WhatsApp-Image-2026-09-04-at-16.54.09.jpeg 1150w\" sizes=\"(max-width: 736px) 100vw, 736px\" \/><\/figure>\n\n\n\n<p class=\"wp-block-paragraph\">Una exposici\u00f3n de artistas pl\u00e1sticos acompa\u00f1\u00f3 dicha mesa, donde se destacaron las pinturas de la artista pilarense Laura Su\u00e1rez y la docente y autora Cecilia Soto.<\/p>\n\n\n\n<p class=\"wp-block-paragraph\">Dentro del aula magna las palabras de apertura estuvieron a cargo de la presidenta y vice de la asociaci\u00f3n civil, Silvia Almada y Mar\u00eda Irene Jakobczyk, respectivamente. La tradicional narraci\u00f3n del texto que es bandera del movimiento, \u201cEl vuelo de los patos\u201d, de Eduardo Galeano, a cargo de Lucila Adela Guzm\u00e1n. Tambi\u00e9n hubo ronda de poes\u00edas compartidas por las autoras locales Estela Jaume, Gloria Cuenca Chapman e Isabel Mart\u00ednez.<\/p>\n\n\n\n<p class=\"wp-block-paragraph\">La parte musical fue de la mano del autor y compositor Alejandro Maggio, quien tambi\u00e9n colabor\u00f3 con la puesta de sonido. Y en el cierre, la pareja amiga del movimiento literario, T\u00eda Mary y T\u00edo Dick, cerraron con unas chacareras que gente del p\u00fablico se anim\u00f3 a bailar.<\/p>\n\n\n\n<p class=\"wp-block-paragraph\">Una mesa de cosas ricas y caseras acompa\u00f1\u00f3 toda la jornada que dur\u00f3 de 10 a 17 hs.<\/p>\n\n\n\n<p class=\"wp-block-paragraph\">La Asociaci\u00f3n de Autores Locales de Pilar entreg\u00f3 diplomas a cada uno de los grupos de estudiantes que realizaron los cortos, como as\u00ed tambi\u00e9n a la directora de extensi\u00f3n universitaria Ver\u00f3nica Barrionuevo, el coordinador Rub\u00e9n D&#8217;Audia y la profe Canela Rodr\u00edguez Fontao, quienes junto con la Prof. Alejandra Calbert de Bohum fueron responsables del trabajo realizado junto con los estudiantes, impulsados por la mirada local de la UniPilar, que tiene como rectora a Elizabeth Wanger y que funciona en el predio del Instituto Carlos Pellegrini, un emblema de la educaci\u00f3n pilarense.<\/p>\n\n\n\n<figure class=\"wp-block-image size-large\"><img decoding=\"async\" width=\"1024\" height=\"434\" src=\"https:\/\/www.periodicoelapogeo.com.ar\/site\/wp-content\/uploads\/2026\/09\/WhatsApp-Image-2026-09-04-at-17.03.07-1024x434.jpeg\" alt=\"\" class=\"wp-image-32095\" srcset=\"https:\/\/www.periodicoelapogeo.com.ar\/site\/wp-content\/uploads\/2026\/09\/WhatsApp-Image-2026-09-04-at-17.03.07-1024x434.jpeg 1024w, https:\/\/www.periodicoelapogeo.com.ar\/site\/wp-content\/uploads\/2026\/09\/WhatsApp-Image-2026-09-04-at-17.03.07-320x136.jpeg 320w, https:\/\/www.periodicoelapogeo.com.ar\/site\/wp-content\/uploads\/2026\/09\/WhatsApp-Image-2026-09-04-at-17.03.07-768x325.jpeg 768w, https:\/\/www.periodicoelapogeo.com.ar\/site\/wp-content\/uploads\/2026\/09\/WhatsApp-Image-2026-09-04-at-17.03.07.jpeg 1503w\" sizes=\"(max-width: 1024px) 100vw, 1024px\" \/><\/figure>\n\n\n\n<p class=\"wp-block-paragraph\">Estudiantes, escritores y docentes tomaron la palabra y expresaron su felicidad por el intercambio cultural y el v\u00ednculo forjado con los autores locales cuyos textos fueron seleccionados.<\/p>\n\n\n\n<p class=\"wp-block-paragraph\">Tambi\u00e9n se entregaron diplomas a organizaciones sociales y referentes institucionales presentes que trabajan mancomunadamente con los autores locales.<\/p>\n\n\n\n<p class=\"wp-block-paragraph\">Claudia Juanes, secretaria de Desarrollo Econ\u00f3mico de la Municipalidad de Pilar; Paula Romina Olea, inspectora de Educaci\u00f3n Art\u00edstica Regi\u00f3n 11 (Pilar &#8211; 083 &#8211; DEAR &#8211; D.G.C. y E.); Radio Palabras del Alma de la Biblioteca con el mismo nombre, donde desde hace a\u00f1os se emite el programa Autores Locales Radio; Asociaci\u00f3n Italiana de Pilar; La Terra Cita Pilar, casa de lectura a cargo del Profe Jorge Darget; C\u00edrculo de Escritores Itinerante de Poetas y de Locos. Y a las locutoras Adriana Valor y Natalia Martino, siempre el acompa\u00f1amiento permanente al movimiento literario.<\/p>\n\n\n\n<figure class=\"wp-block-image size-large\"><img loading=\"lazy\" decoding=\"async\" width=\"949\" height=\"1024\" src=\"https:\/\/www.periodicoelapogeo.com.ar\/site\/wp-content\/uploads\/2026\/09\/WhatsApp-Image-2026-09-04-at-16.55.48-949x1024.jpeg\" alt=\"\" class=\"wp-image-32092\" srcset=\"https:\/\/www.periodicoelapogeo.com.ar\/site\/wp-content\/uploads\/2026\/09\/WhatsApp-Image-2026-09-04-at-16.55.48-949x1024.jpeg 949w, https:\/\/www.periodicoelapogeo.com.ar\/site\/wp-content\/uploads\/2026\/09\/WhatsApp-Image-2026-09-04-at-16.55.48-278x300.jpeg 278w, https:\/\/www.periodicoelapogeo.com.ar\/site\/wp-content\/uploads\/2026\/09\/WhatsApp-Image-2026-09-04-at-16.55.48-768x829.jpeg 768w, https:\/\/www.periodicoelapogeo.com.ar\/site\/wp-content\/uploads\/2026\/09\/WhatsApp-Image-2026-09-04-at-16.55.48.jpeg 1084w\" sizes=\"(max-width: 949px) 100vw, 949px\" \/><\/figure>\n\n\n\n<figure class=\"wp-block-image size-full\"><img loading=\"lazy\" decoding=\"async\" width=\"437\" height=\"441\" src=\"https:\/\/www.periodicoelapogeo.com.ar\/site\/wp-content\/uploads\/2026\/09\/SOCIEDAD-ITALIANA.jpg\" alt=\"\" class=\"wp-image-32093\" srcset=\"https:\/\/www.periodicoelapogeo.com.ar\/site\/wp-content\/uploads\/2026\/09\/SOCIEDAD-ITALIANA.jpg 437w, https:\/\/www.periodicoelapogeo.com.ar\/site\/wp-content\/uploads\/2026\/09\/SOCIEDAD-ITALIANA-297x300.jpg 297w\" sizes=\"(max-width: 437px) 100vw, 437px\" \/><\/figure>\n\n\n\n<figure class=\"wp-block-image size-large\"><img loading=\"lazy\" decoding=\"async\" width=\"771\" height=\"1024\" src=\"https:\/\/www.periodicoelapogeo.com.ar\/site\/wp-content\/uploads\/2026\/09\/WhatsApp-Image-2026-09-04-at-17.01.58-771x1024.jpeg\" alt=\"\" class=\"wp-image-32094\" srcset=\"https:\/\/www.periodicoelapogeo.com.ar\/site\/wp-content\/uploads\/2026\/09\/WhatsApp-Image-2026-09-04-at-17.01.58-771x1024.jpeg 771w, https:\/\/www.periodicoelapogeo.com.ar\/site\/wp-content\/uploads\/2026\/09\/WhatsApp-Image-2026-09-04-at-17.01.58-226x300.jpeg 226w, https:\/\/www.periodicoelapogeo.com.ar\/site\/wp-content\/uploads\/2026\/09\/WhatsApp-Image-2026-09-04-at-17.01.58-768x1021.jpeg 768w, https:\/\/www.periodicoelapogeo.com.ar\/site\/wp-content\/uploads\/2026\/09\/WhatsApp-Image-2026-09-04-at-17.01.58-1156x1536.jpeg 1156w, https:\/\/www.periodicoelapogeo.com.ar\/site\/wp-content\/uploads\/2026\/09\/WhatsApp-Image-2026-09-04-at-17.01.58.jpeg 1204w\" sizes=\"(max-width: 771px) 100vw, 771px\" \/><\/figure>\n\n\n\n<p class=\"wp-block-paragraph\">La organizaci\u00f3n de este hermoso d\u00eda estuvo a cargo de los miembros de la asociaci\u00f3n civil Cecilia Soto, Mar\u00eda Irene Jakobczyk y Victor Koprivsek Vel\u00e1rdez, en conjunto con Ver\u00f3nica Barrionuevo, Florencia Sain, Gustavo Rodr\u00edguez y Giuliana Sosa, de la Universidad Nacional de Pilar.<\/p>\n\n\n\n<figure class=\"wp-block-image size-large\"><img loading=\"lazy\" decoding=\"async\" width=\"1024\" height=\"570\" src=\"https:\/\/www.periodicoelapogeo.com.ar\/site\/wp-content\/uploads\/2026\/09\/WhatsApp-Image-2026-09-04-at-17.05.58-1024x570.jpeg\" alt=\"\" class=\"wp-image-32096\" srcset=\"https:\/\/www.periodicoelapogeo.com.ar\/site\/wp-content\/uploads\/2026\/09\/WhatsApp-Image-2026-09-04-at-17.05.58-1024x570.jpeg 1024w, https:\/\/www.periodicoelapogeo.com.ar\/site\/wp-content\/uploads\/2026\/09\/WhatsApp-Image-2026-09-04-at-17.05.58-320x178.jpeg 320w, https:\/\/www.periodicoelapogeo.com.ar\/site\/wp-content\/uploads\/2026\/09\/WhatsApp-Image-2026-09-04-at-17.05.58-768x427.jpeg 768w, https:\/\/www.periodicoelapogeo.com.ar\/site\/wp-content\/uploads\/2026\/09\/WhatsApp-Image-2026-09-04-at-17.05.58-1536x854.jpeg 1536w, https:\/\/www.periodicoelapogeo.com.ar\/site\/wp-content\/uploads\/2026\/09\/WhatsApp-Image-2026-09-04-at-17.05.58.jpeg 1600w\" sizes=\"(max-width: 1024px) 100vw, 1024px\" \/><\/figure>\n\n\n\n<p class=\"wp-block-paragraph\"><em>\u201cEstamos felices y agradecidos por este d\u00eda lleno de emociones y alegr\u00edas compartidas. Nuestros libros son parte del Patrimonio Cultural del Distrito y el poder compartir nuestro trabajo con alumnos de esta querida Universidad, tan cara a los sentimientos de la comunidad, fue incre\u00edble. Gracias por abrimos las puertas y por el compromiso y talento que pusieron en la realizaci\u00f3n de los cortometrajes. Ojal\u00e1 se repita en el futuro\u201d,<\/em> expresaron las y los autores locales que no faltaron a la cita para celebrar un a\u00f1o m\u00e1s el D\u00eda del Autor\/a Local.<\/p>\n\n\n\n<figure class=\"wp-block-image size-large\"><img loading=\"lazy\" decoding=\"async\" width=\"1024\" height=\"516\" src=\"https:\/\/www.periodicoelapogeo.com.ar\/site\/wp-content\/uploads\/2026\/09\/WhatsApp-Image-2026-09-04-at-17.13.51-1024x516.jpeg\" alt=\"\" class=\"wp-image-32097\" srcset=\"https:\/\/www.periodicoelapogeo.com.ar\/site\/wp-content\/uploads\/2026\/09\/WhatsApp-Image-2026-09-04-at-17.13.51-1024x516.jpeg 1024w, https:\/\/www.periodicoelapogeo.com.ar\/site\/wp-content\/uploads\/2026\/09\/WhatsApp-Image-2026-09-04-at-17.13.51-320x161.jpeg 320w, https:\/\/www.periodicoelapogeo.com.ar\/site\/wp-content\/uploads\/2026\/09\/WhatsApp-Image-2026-09-04-at-17.13.51-768x387.jpeg 768w, https:\/\/www.periodicoelapogeo.com.ar\/site\/wp-content\/uploads\/2026\/09\/WhatsApp-Image-2026-09-04-at-17.13.51.jpeg 1121w\" sizes=\"(max-width: 1024px) 100vw, 1024px\" \/><\/figure>\n\n\n\n<p class=\"wp-block-paragraph\"><\/p>\n","protected":false},"excerpt":{"rendered":"<p>Ayer, jueves 3 de septiembre, se celebr\u00f3 el D\u00eda de las y los Autores Locales de Pilar ante un centenar de personas que, a lo largo de toda la jornada,&hellip; <\/p>\n","protected":false},"author":2,"featured_media":32098,"comment_status":"closed","ping_status":"open","sticky":false,"template":"","format":"standard","meta":{"footnotes":""},"categories":[47,3],"tags":[1079,918,2699,1613,136,1901],"class_list":["post-32089","post","type-post","status-publish","format-standard","has-post-thumbnail","hentry","category-cultura-al-hombro","category-destacada","tag-autores-locales-de-pilar","tag-comunidad","tag-dia-del-autor-local","tag-dia-del-autor-local-de-pilar","tag-literatura","tag-universidad-de-pilar"],"yoast_head":"<!-- This site is optimized with the Yoast SEO plugin v27.8 - https:\/\/yoast.com\/product\/yoast-seo-wordpress\/ -->\n<title>Un centenar de escritores y estudiantes celebraron el D\u00eda del Autor Local de Pilar - Peri\u00f3dico EL APOGEO<\/title>\n<meta name=\"robots\" content=\"index, follow, max-snippet:-1, max-image-preview:large, max-video-preview:-1\" \/>\n<link rel=\"canonical\" href=\"https:\/\/www.periodicoelapogeo.com.ar\/site\/un-centenar-de-escritores-y-estudiantes-celebraron-el-dia-del-autor-local-de-pilar\/\" \/>\n<meta property=\"og:locale\" content=\"es_ES\" \/>\n<meta property=\"og:type\" content=\"article\" \/>\n<meta property=\"og:title\" content=\"Un centenar de escritores y estudiantes celebraron el D\u00eda del Autor Local de Pilar - Peri\u00f3dico EL APOGEO\" \/>\n<meta property=\"og:description\" content=\"Ayer, jueves 3 de septiembre, se celebr\u00f3 el D\u00eda de las y los Autores Locales de Pilar ante un centenar de personas que, a lo largo de toda la jornada,&hellip;\" \/>\n<meta property=\"og:url\" content=\"https:\/\/www.periodicoelapogeo.com.ar\/site\/un-centenar-de-escritores-y-estudiantes-celebraron-el-dia-del-autor-local-de-pilar\/\" \/>\n<meta property=\"og:site_name\" content=\"Peri\u00f3dico EL APOGEO\" \/>\n<meta property=\"article:publisher\" content=\"https:\/\/www.facebook.com\/Peridico-El-Apogeo-348111616395\/\" \/>\n<meta property=\"article:published_time\" content=\"2026-09-04T20:25:12+00:00\" \/>\n<meta property=\"article:modified_time\" content=\"2026-09-04T21:04:46+00:00\" \/>\n<meta property=\"og:image\" content=\"https:\/\/www.periodicoelapogeo.com.ar\/site\/wp-content\/uploads\/2026\/09\/WhatsApp-Image-2026-09-04-at-16.47.48.jpeg\" \/>\n\t<meta property=\"og:image:width\" content=\"1596\" \/>\n\t<meta property=\"og:image:height\" content=\"768\" \/>\n\t<meta property=\"og:image:type\" content=\"image\/jpeg\" \/>\n<meta name=\"author\" content=\"editor\" \/>\n<meta name=\"twitter:card\" content=\"summary_large_image\" \/>\n<meta name=\"twitter:creator\" content=\"@elapogeodiario\" \/>\n<meta name=\"twitter:site\" content=\"@elapogeodiario\" \/>\n<meta name=\"twitter:label1\" content=\"Escrito por\" \/>\n\t<meta name=\"twitter:data1\" content=\"editor\" \/>\n\t<meta name=\"twitter:label2\" content=\"Tiempo de lectura\" \/>\n\t<meta name=\"twitter:data2\" content=\"6 minutos\" \/>\n<script type=\"application\/ld+json\" class=\"yoast-schema-graph\">{\"@context\":\"https:\\\/\\\/schema.org\",\"@graph\":[{\"@type\":\"Article\",\"@id\":\"https:\\\/\\\/www.periodicoelapogeo.com.ar\\\/site\\\/un-centenar-de-escritores-y-estudiantes-celebraron-el-dia-del-autor-local-de-pilar\\\/#article\",\"isPartOf\":{\"@id\":\"https:\\\/\\\/www.periodicoelapogeo.com.ar\\\/site\\\/un-centenar-de-escritores-y-estudiantes-celebraron-el-dia-del-autor-local-de-pilar\\\/\"},\"author\":{\"name\":\"editor\",\"@id\":\"https:\\\/\\\/www.periodicoelapogeo.com.ar\\\/site\\\/#\\\/schema\\\/person\\\/d60bcb51884b850534948db8a28cae37\"},\"headline\":\"Un centenar de escritores y estudiantes celebraron el D\u00eda del Autor Local de Pilar\",\"datePublished\":\"2026-09-04T20:25:12+00:00\",\"dateModified\":\"2026-09-04T21:04:46+00:00\",\"mainEntityOfPage\":{\"@id\":\"https:\\\/\\\/www.periodicoelapogeo.com.ar\\\/site\\\/un-centenar-de-escritores-y-estudiantes-celebraron-el-dia-del-autor-local-de-pilar\\\/\"},\"wordCount\":779,\"publisher\":{\"@id\":\"https:\\\/\\\/www.periodicoelapogeo.com.ar\\\/site\\\/#organization\"},\"image\":{\"@id\":\"https:\\\/\\\/www.periodicoelapogeo.com.ar\\\/site\\\/un-centenar-de-escritores-y-estudiantes-celebraron-el-dia-del-autor-local-de-pilar\\\/#primaryimage\"},\"thumbnailUrl\":\"https:\\\/\\\/www.periodicoelapogeo.com.ar\\\/site\\\/wp-content\\\/uploads\\\/2026\\\/09\\\/WhatsApp-Image-2026-09-04-at-16.47.48.jpeg\",\"keywords\":[\"Autores Locales de Pilar\",\"comunidad\",\"D\u00eda del Autor Local\",\"D\u00eda del Autor Local de Pilar\",\"literatura\",\"Universidad de Pilar\"],\"articleSection\":[\"Cultura al hombro\",\"Destacada\"],\"inLanguage\":\"es\"},{\"@type\":\"WebPage\",\"@id\":\"https:\\\/\\\/www.periodicoelapogeo.com.ar\\\/site\\\/un-centenar-de-escritores-y-estudiantes-celebraron-el-dia-del-autor-local-de-pilar\\\/\",\"url\":\"https:\\\/\\\/www.periodicoelapogeo.com.ar\\\/site\\\/un-centenar-de-escritores-y-estudiantes-celebraron-el-dia-del-autor-local-de-pilar\\\/\",\"name\":\"Un centenar de escritores y estudiantes celebraron el D\u00eda del Autor Local de Pilar - Peri\u00f3dico EL APOGEO\",\"isPartOf\":{\"@id\":\"https:\\\/\\\/www.periodicoelapogeo.com.ar\\\/site\\\/#website\"},\"primaryImageOfPage\":{\"@id\":\"https:\\\/\\\/www.periodicoelapogeo.com.ar\\\/site\\\/un-centenar-de-escritores-y-estudiantes-celebraron-el-dia-del-autor-local-de-pilar\\\/#primaryimage\"},\"image\":{\"@id\":\"https:\\\/\\\/www.periodicoelapogeo.com.ar\\\/site\\\/un-centenar-de-escritores-y-estudiantes-celebraron-el-dia-del-autor-local-de-pilar\\\/#primaryimage\"},\"thumbnailUrl\":\"https:\\\/\\\/www.periodicoelapogeo.com.ar\\\/site\\\/wp-content\\\/uploads\\\/2026\\\/09\\\/WhatsApp-Image-2026-09-04-at-16.47.48.jpeg\",\"datePublished\":\"2026-09-04T20:25:12+00:00\",\"dateModified\":\"2026-09-04T21:04:46+00:00\",\"breadcrumb\":{\"@id\":\"https:\\\/\\\/www.periodicoelapogeo.com.ar\\\/site\\\/un-centenar-de-escritores-y-estudiantes-celebraron-el-dia-del-autor-local-de-pilar\\\/#breadcrumb\"},\"inLanguage\":\"es\",\"potentialAction\":[{\"@type\":\"ReadAction\",\"target\":[\"https:\\\/\\\/www.periodicoelapogeo.com.ar\\\/site\\\/un-centenar-de-escritores-y-estudiantes-celebraron-el-dia-del-autor-local-de-pilar\\\/\"]}]},{\"@type\":\"ImageObject\",\"inLanguage\":\"es\",\"@id\":\"https:\\\/\\\/www.periodicoelapogeo.com.ar\\\/site\\\/un-centenar-de-escritores-y-estudiantes-celebraron-el-dia-del-autor-local-de-pilar\\\/#primaryimage\",\"url\":\"https:\\\/\\\/www.periodicoelapogeo.com.ar\\\/site\\\/wp-content\\\/uploads\\\/2026\\\/09\\\/WhatsApp-Image-2026-09-04-at-16.47.48.jpeg\",\"contentUrl\":\"https:\\\/\\\/www.periodicoelapogeo.com.ar\\\/site\\\/wp-content\\\/uploads\\\/2026\\\/09\\\/WhatsApp-Image-2026-09-04-at-16.47.48.jpeg\",\"width\":1596,\"height\":768},{\"@type\":\"BreadcrumbList\",\"@id\":\"https:\\\/\\\/www.periodicoelapogeo.com.ar\\\/site\\\/un-centenar-de-escritores-y-estudiantes-celebraron-el-dia-del-autor-local-de-pilar\\\/#breadcrumb\",\"itemListElement\":[{\"@type\":\"ListItem\",\"position\":1,\"name\":\"Portada\",\"item\":\"https:\\\/\\\/www.periodicoelapogeo.com.ar\\\/site\\\/\"},{\"@type\":\"ListItem\",\"position\":2,\"name\":\"Un centenar de escritores y estudiantes celebraron el D\u00eda del Autor Local de Pilar\"}]},{\"@type\":\"WebSite\",\"@id\":\"https:\\\/\\\/www.periodicoelapogeo.com.ar\\\/site\\\/#website\",\"url\":\"https:\\\/\\\/www.periodicoelapogeo.com.ar\\\/site\\\/\",\"name\":\"Peri\u00f3dico EL APOGEO\",\"description\":\"En Derqui, Del Viso, Mor\u00f3n y Pilar\",\"publisher\":{\"@id\":\"https:\\\/\\\/www.periodicoelapogeo.com.ar\\\/site\\\/#organization\"},\"potentialAction\":[{\"@type\":\"SearchAction\",\"target\":{\"@type\":\"EntryPoint\",\"urlTemplate\":\"https:\\\/\\\/www.periodicoelapogeo.com.ar\\\/site\\\/?s={search_term_string}\"},\"query-input\":{\"@type\":\"PropertyValueSpecification\",\"valueRequired\":true,\"valueName\":\"search_term_string\"}}],\"inLanguage\":\"es\"},{\"@type\":\"Organization\",\"@id\":\"https:\\\/\\\/www.periodicoelapogeo.com.ar\\\/site\\\/#organization\",\"name\":\"Peri\u00f3dico EL APOGEO\",\"url\":\"https:\\\/\\\/www.periodicoelapogeo.com.ar\\\/site\\\/\",\"logo\":{\"@type\":\"ImageObject\",\"inLanguage\":\"es\",\"@id\":\"https:\\\/\\\/www.periodicoelapogeo.com.ar\\\/site\\\/#\\\/schema\\\/logo\\\/image\\\/\",\"url\":\"https:\\\/\\\/www.periodicoelapogeo.com.ar\\\/site\\\/wp-content\\\/uploads\\\/2023\\\/03\\\/apogeo_logo.jpg\",\"contentUrl\":\"https:\\\/\\\/www.periodicoelapogeo.com.ar\\\/site\\\/wp-content\\\/uploads\\\/2023\\\/03\\\/apogeo_logo.jpg\",\"width\":400,\"height\":400,\"caption\":\"Peri\u00f3dico EL APOGEO\"},\"image\":{\"@id\":\"https:\\\/\\\/www.periodicoelapogeo.com.ar\\\/site\\\/#\\\/schema\\\/logo\\\/image\\\/\"},\"sameAs\":[\"https:\\\/\\\/www.facebook.com\\\/Peridico-El-Apogeo-348111616395\\\/\",\"https:\\\/\\\/x.com\\\/elapogeodiario\",\"https:\\\/\\\/instagram.com\\\/elapogeodiario\\\/\"]},{\"@type\":\"Person\",\"@id\":\"https:\\\/\\\/www.periodicoelapogeo.com.ar\\\/site\\\/#\\\/schema\\\/person\\\/d60bcb51884b850534948db8a28cae37\",\"name\":\"editor\",\"image\":{\"@type\":\"ImageObject\",\"inLanguage\":\"es\",\"@id\":\"https:\\\/\\\/secure.gravatar.com\\\/avatar\\\/af59c81eb11459c33aba6d1ef1422b5c7b8acb4c120f6e1f99e75810f387565f?s=96&d=mm&r=g\",\"url\":\"https:\\\/\\\/secure.gravatar.com\\\/avatar\\\/af59c81eb11459c33aba6d1ef1422b5c7b8acb4c120f6e1f99e75810f387565f?s=96&d=mm&r=g\",\"contentUrl\":\"https:\\\/\\\/secure.gravatar.com\\\/avatar\\\/af59c81eb11459c33aba6d1ef1422b5c7b8acb4c120f6e1f99e75810f387565f?s=96&d=mm&r=g\",\"caption\":\"editor\"},\"sameAs\":[\"http:\\\/\\\/periodicoelapogeo.com.ar\"],\"url\":\"https:\\\/\\\/www.periodicoelapogeo.com.ar\\\/site\\\/author\\\/victor\\\/\"}]}<\/script>\n<!-- \/ Yoast SEO plugin. -->","yoast_head_json":{"title":"Un centenar de escritores y estudiantes celebraron el D\u00eda del Autor Local de Pilar - Peri\u00f3dico EL APOGEO","robots":{"index":"index","follow":"follow","max-snippet":"max-snippet:-1","max-image-preview":"max-image-preview:large","max-video-preview":"max-video-preview:-1"},"canonical":"https:\/\/www.periodicoelapogeo.com.ar\/site\/un-centenar-de-escritores-y-estudiantes-celebraron-el-dia-del-autor-local-de-pilar\/","og_locale":"es_ES","og_type":"article","og_title":"Un centenar de escritores y estudiantes celebraron el D\u00eda del Autor Local de Pilar - Peri\u00f3dico EL APOGEO","og_description":"Ayer, jueves 3 de septiembre, se celebr\u00f3 el D\u00eda de las y los Autores Locales de Pilar ante un centenar de personas que, a lo largo de toda la jornada,&hellip;","og_url":"https:\/\/www.periodicoelapogeo.com.ar\/site\/un-centenar-de-escritores-y-estudiantes-celebraron-el-dia-del-autor-local-de-pilar\/","og_site_name":"Peri\u00f3dico EL APOGEO","article_publisher":"https:\/\/www.facebook.com\/Peridico-El-Apogeo-348111616395\/","article_published_time":"2026-09-04T20:25:12+00:00","article_modified_time":"2026-09-04T21:04:46+00:00","og_image":[{"width":1596,"height":768,"url":"https:\/\/www.periodicoelapogeo.com.ar\/site\/wp-content\/uploads\/2026\/09\/WhatsApp-Image-2026-09-04-at-16.47.48.jpeg","type":"image\/jpeg"}],"author":"editor","twitter_card":"summary_large_image","twitter_creator":"@elapogeodiario","twitter_site":"@elapogeodiario","twitter_misc":{"Escrito por":"editor","Tiempo de lectura":"6 minutos"},"schema":{"@context":"https:\/\/schema.org","@graph":[{"@type":"Article","@id":"https:\/\/www.periodicoelapogeo.com.ar\/site\/un-centenar-de-escritores-y-estudiantes-celebraron-el-dia-del-autor-local-de-pilar\/#article","isPartOf":{"@id":"https:\/\/www.periodicoelapogeo.com.ar\/site\/un-centenar-de-escritores-y-estudiantes-celebraron-el-dia-del-autor-local-de-pilar\/"},"author":{"name":"editor","@id":"https:\/\/www.periodicoelapogeo.com.ar\/site\/#\/schema\/person\/d60bcb51884b850534948db8a28cae37"},"headline":"Un centenar de escritores y estudiantes celebraron el D\u00eda del Autor Local de Pilar","datePublished":"2026-09-04T20:25:12+00:00","dateModified":"2026-09-04T21:04:46+00:00","mainEntityOfPage":{"@id":"https:\/\/www.periodicoelapogeo.com.ar\/site\/un-centenar-de-escritores-y-estudiantes-celebraron-el-dia-del-autor-local-de-pilar\/"},"wordCount":779,"publisher":{"@id":"https:\/\/www.periodicoelapogeo.com.ar\/site\/#organization"},"image":{"@id":"https:\/\/www.periodicoelapogeo.com.ar\/site\/un-centenar-de-escritores-y-estudiantes-celebraron-el-dia-del-autor-local-de-pilar\/#primaryimage"},"thumbnailUrl":"https:\/\/www.periodicoelapogeo.com.ar\/site\/wp-content\/uploads\/2026\/09\/WhatsApp-Image-2026-09-04-at-16.47.48.jpeg","keywords":["Autores Locales de Pilar","comunidad","D\u00eda del Autor Local","D\u00eda del Autor Local de Pilar","literatura","Universidad de Pilar"],"articleSection":["Cultura al hombro","Destacada"],"inLanguage":"es"},{"@type":"WebPage","@id":"https:\/\/www.periodicoelapogeo.com.ar\/site\/un-centenar-de-escritores-y-estudiantes-celebraron-el-dia-del-autor-local-de-pilar\/","url":"https:\/\/www.periodicoelapogeo.com.ar\/site\/un-centenar-de-escritores-y-estudiantes-celebraron-el-dia-del-autor-local-de-pilar\/","name":"Un centenar de escritores y estudiantes celebraron el D\u00eda del Autor Local de Pilar - Peri\u00f3dico EL APOGEO","isPartOf":{"@id":"https:\/\/www.periodicoelapogeo.com.ar\/site\/#website"},"primaryImageOfPage":{"@id":"https:\/\/www.periodicoelapogeo.com.ar\/site\/un-centenar-de-escritores-y-estudiantes-celebraron-el-dia-del-autor-local-de-pilar\/#primaryimage"},"image":{"@id":"https:\/\/www.periodicoelapogeo.com.ar\/site\/un-centenar-de-escritores-y-estudiantes-celebraron-el-dia-del-autor-local-de-pilar\/#primaryimage"},"thumbnailUrl":"https:\/\/www.periodicoelapogeo.com.ar\/site\/wp-content\/uploads\/2026\/09\/WhatsApp-Image-2026-09-04-at-16.47.48.jpeg","datePublished":"2026-09-04T20:25:12+00:00","dateModified":"2026-09-04T21:04:46+00:00","breadcrumb":{"@id":"https:\/\/www.periodicoelapogeo.com.ar\/site\/un-centenar-de-escritores-y-estudiantes-celebraron-el-dia-del-autor-local-de-pilar\/#breadcrumb"},"inLanguage":"es","potentialAction":[{"@type":"ReadAction","target":["https:\/\/www.periodicoelapogeo.com.ar\/site\/un-centenar-de-escritores-y-estudiantes-celebraron-el-dia-del-autor-local-de-pilar\/"]}]},{"@type":"ImageObject","inLanguage":"es","@id":"https:\/\/www.periodicoelapogeo.com.ar\/site\/un-centenar-de-escritores-y-estudiantes-celebraron-el-dia-del-autor-local-de-pilar\/#primaryimage","url":"https:\/\/www.periodicoelapogeo.com.ar\/site\/wp-content\/uploads\/2026\/09\/WhatsApp-Image-2026-09-04-at-16.47.48.jpeg","contentUrl":"https:\/\/www.periodicoelapogeo.com.ar\/site\/wp-content\/uploads\/2026\/09\/WhatsApp-Image-2026-09-04-at-16.47.48.jpeg","width":1596,"height":768},{"@type":"BreadcrumbList","@id":"https:\/\/www.periodicoelapogeo.com.ar\/site\/un-centenar-de-escritores-y-estudiantes-celebraron-el-dia-del-autor-local-de-pilar\/#breadcrumb","itemListElement":[{"@type":"ListItem","position":1,"name":"Portada","item":"https:\/\/www.periodicoelapogeo.com.ar\/site\/"},{"@type":"ListItem","position":2,"name":"Un centenar de escritores y estudiantes celebraron el D\u00eda del Autor Local de Pilar"}]},{"@type":"WebSite","@id":"https:\/\/www.periodicoelapogeo.com.ar\/site\/#website","url":"https:\/\/www.periodicoelapogeo.com.ar\/site\/","name":"Peri\u00f3dico EL APOGEO","description":"En Derqui, Del Viso, Mor\u00f3n y Pilar","publisher":{"@id":"https:\/\/www.periodicoelapogeo.com.ar\/site\/#organization"},"potentialAction":[{"@type":"SearchAction","target":{"@type":"EntryPoint","urlTemplate":"https:\/\/www.periodicoelapogeo.com.ar\/site\/?s={search_term_string}"},"query-input":{"@type":"PropertyValueSpecification","valueRequired":true,"valueName":"search_term_string"}}],"inLanguage":"es"},{"@type":"Organization","@id":"https:\/\/www.periodicoelapogeo.com.ar\/site\/#organization","name":"Peri\u00f3dico EL APOGEO","url":"https:\/\/www.periodicoelapogeo.com.ar\/site\/","logo":{"@type":"ImageObject","inLanguage":"es","@id":"https:\/\/www.periodicoelapogeo.com.ar\/site\/#\/schema\/logo\/image\/","url":"https:\/\/www.periodicoelapogeo.com.ar\/site\/wp-content\/uploads\/2023\/03\/apogeo_logo.jpg","contentUrl":"https:\/\/www.periodicoelapogeo.com.ar\/site\/wp-content\/uploads\/2023\/03\/apogeo_logo.jpg","width":400,"height":400,"caption":"Peri\u00f3dico EL APOGEO"},"image":{"@id":"https:\/\/www.periodicoelapogeo.com.ar\/site\/#\/schema\/logo\/image\/"},"sameAs":["https:\/\/www.facebook.com\/Peridico-El-Apogeo-348111616395\/","https:\/\/x.com\/elapogeodiario","https:\/\/instagram.com\/elapogeodiario\/"]},{"@type":"Person","@id":"https:\/\/www.periodicoelapogeo.com.ar\/site\/#\/schema\/person\/d60bcb51884b850534948db8a28cae37","name":"editor","image":{"@type":"ImageObject","inLanguage":"es","@id":"https:\/\/secure.gravatar.com\/avatar\/af59c81eb11459c33aba6d1ef1422b5c7b8acb4c120f6e1f99e75810f387565f?s=96&d=mm&r=g","url":"https:\/\/secure.gravatar.com\/avatar\/af59c81eb11459c33aba6d1ef1422b5c7b8acb4c120f6e1f99e75810f387565f?s=96&d=mm&r=g","contentUrl":"https:\/\/secure.gravatar.com\/avatar\/af59c81eb11459c33aba6d1ef1422b5c7b8acb4c120f6e1f99e75810f387565f?s=96&d=mm&r=g","caption":"editor"},"sameAs":["http:\/\/periodicoelapogeo.com.ar"],"url":"https:\/\/www.periodicoelapogeo.com.ar\/site\/author\/victor\/"}]}},"_links":{"self":[{"href":"https:\/\/www.periodicoelapogeo.com.ar\/site\/wp-json\/wp\/v2\/posts\/32089","targetHints":{"allow":["GET"]}}],"collection":[{"href":"https:\/\/www.periodicoelapogeo.com.ar\/site\/wp-json\/wp\/v2\/posts"}],"about":[{"href":"https:\/\/www.periodicoelapogeo.com.ar\/site\/wp-json\/wp\/v2\/types\/post"}],"author":[{"embeddable":true,"href":"https:\/\/www.periodicoelapogeo.com.ar\/site\/wp-json\/wp\/v2\/users\/2"}],"replies":[{"embeddable":true,"href":"https:\/\/www.periodicoelapogeo.com.ar\/site\/wp-json\/wp\/v2\/comments?post=32089"}],"version-history":[{"count":2,"href":"https:\/\/www.periodicoelapogeo.com.ar\/site\/wp-json\/wp\/v2\/posts\/32089\/revisions"}],"predecessor-version":[{"id":32100,"href":"https:\/\/www.periodicoelapogeo.com.ar\/site\/wp-json\/wp\/v2\/posts\/32089\/revisions\/32100"}],"wp:featuredmedia":[{"embeddable":true,"href":"https:\/\/www.periodicoelapogeo.com.ar\/site\/wp-json\/wp\/v2\/media\/32098"}],"wp:attachment":[{"href":"https:\/\/www.periodicoelapogeo.com.ar\/site\/wp-json\/wp\/v2\/media?parent=32089"}],"wp:term":[{"taxonomy":"category","embeddable":true,"href":"https:\/\/www.periodicoelapogeo.com.ar\/site\/wp-json\/wp\/v2\/categories?post=32089"},{"taxonomy":"post_tag","embeddable":true,"href":"https:\/\/www.periodicoelapogeo.com.ar\/site\/wp-json\/wp\/v2\/tags?post=32089"}],"curies":[{"name":"wp","href":"https:\/\/api.w.org\/{rel}","templated":true}]}}