{"id":7322,"date":"2021-05-06T09:55:55","date_gmt":"2021-05-06T12:55:55","guid":{"rendered":"https:\/\/www.periodicoelapogeo.com.ar\/site\/?p=7322"},"modified":"2021-05-06T10:04:00","modified_gmt":"2021-05-06T13:04:00","slug":"una-historia-de-las-que-nos-gustan","status":"publish","type":"post","link":"https:\/\/www.periodicoelapogeo.com.ar\/site\/una-historia-de-las-que-nos-gustan\/","title":{"rendered":"Una historia de las que nos gustan"},"content":{"rendered":"\n<p class=\"has-medium-font-size\">Confort Dacar nace en el a\u00f1o 1997, despu\u00e9s de un partido de b\u00e1squet en el Club Derqui entre el equipo local y Juventud Unida, de la vecina ciudad de San Miguel.<\/p>\n\n\n\n<figure class=\"wp-block-image size-large\"><img fetchpriority=\"high\" decoding=\"async\" width=\"1024\" height=\"768\" src=\"https:\/\/www.periodicoelapogeo.com.ar\/site\/wp-content\/uploads\/2021\/05\/tapa-opcion-2-1024x768.jpg\" alt=\"\" class=\"wp-image-7324\" srcset=\"https:\/\/www.periodicoelapogeo.com.ar\/site\/wp-content\/uploads\/2021\/05\/tapa-opcion-2-1024x768.jpg 1024w, https:\/\/www.periodicoelapogeo.com.ar\/site\/wp-content\/uploads\/2021\/05\/tapa-opcion-2-320x240.jpg 320w, https:\/\/www.periodicoelapogeo.com.ar\/site\/wp-content\/uploads\/2021\/05\/tapa-opcion-2-768x576.jpg 768w, https:\/\/www.periodicoelapogeo.com.ar\/site\/wp-content\/uploads\/2021\/05\/tapa-opcion-2-1536x1152.jpg 1536w, https:\/\/www.periodicoelapogeo.com.ar\/site\/wp-content\/uploads\/2021\/05\/tapa-opcion-2-2048x1536.jpg 2048w, https:\/\/www.periodicoelapogeo.com.ar\/site\/wp-content\/uploads\/2021\/05\/tapa-opcion-2-400x300.jpg 400w\" sizes=\"(max-width: 1024px) 100vw, 1024px\" \/><figcaption>El equipo a pleno en el local de la Av. de Mayo con Yami Acu\u00f1a a la cabeza.<\/figcaption><\/figure>\n\n\n\n<p>Las historias escritas en el coraz\u00f3n son las que quedan. Ellas descansan para siempre en el tiempo que ha de perdurar, son las que valen la pena.<\/p>\n\n\n\n<p>&nbsp;Les queremos compartir los comienzos de una de las firmas que, adem\u00e1s de tener m\u00e1s de dos d\u00e9cadas de trabajo en la ciudad, apostando a Derqui desde lo comercial, siempre dio una mano a las instituciones educativas, sociales, culturales y solidarias que lucharon y luchan por un tiempo mejor.<\/p>\n\n\n\n<p><em>\u201cMi viejo, Carlos Acu\u00f1a, estaba en la comisi\u00f3n directiva del Club Juventud Unida (San Miguel) y cuando termin\u00f3 el partido se dio una vuelta por Derqui y le gust\u00f3. Y ac\u00e1 estamos, 24 a\u00f1os despu\u00e9s. As\u00ed naci\u00f3 Confort Dacar\u201d<\/em>, cuenta con una sonrisa su hijo Gast\u00f3n, quien se sum\u00f3 al equipo desde muy joven, siempre al lado de su padre.<\/p>\n\n\n\n<p>Hombre de familia, adem\u00e1s de compartir el tim\u00f3n de la empresa, es el actual presidente de la C\u00e1mara de Comercio local, una entidad que agrupa a cientos de comerciantes que le dan vida al barrio.<\/p>\n\n\n\n<p>Volviendo a los inicios de Confort Dacar, Diana, su madre, y Dar\u00edo, su abuelo, completan el staff de arranque de aquel sue\u00f1o que naci\u00f3 en la Avenida de Mayo, cerquita del paso a nivel de la entrada al casco c\u00e9ntrico, hace m\u00e1s de dos d\u00e9cadas.<\/p>\n\n\n\n<p><em>\u201cEllos empezaron mucho antes, vendiendo en la calle s\u00e1banas, colchones, de todo un poco, en Jos\u00e9 C. Paz, Barrio Primavera, Parque Jard\u00edn, hasta que pudieron abrir su primer local en el Barrio 9 de Julio, justamente en Jos\u00e9 C. Paz, yo tendr\u00eda 2 a\u00f1os\u201d<\/em>, repasa el amigo.<\/p>\n\n\n\n<p>La historia lleva m\u00e1s de 40 a\u00f1os de trabajo, enfocados en el rubro muebler\u00eda y electrodom\u00e9sticos, <em>\u201cincursionaron en otras cosas como perforaciones y materiales para la construcci\u00f3n\u201d.<\/em> Recuerda mientras el \u201cMendo\u201d, un derquino que trabaja con ellos desde hace tiempo y es muy querido, arma un mueble minuciosamente y atento a la charla.<\/p>\n\n\n\n<p>-Y \u00bfcu\u00e1ndo te subiste al barco vos?<\/p>\n\n\n\n<p>-Cuando termin\u00e9 el secundario, mis viejos me dijeron: \u201cO estudi\u00e1s o trabaj\u00e1s\u201d. Ah\u00ed me sum\u00e9 de lleno. Igual cuando ten\u00eda entre 14 y 15 a\u00f1os, repart\u00edamos volantes y folletos casa por casa con mis amigos de la infancia, en los veranos, nos gan\u00e1bamos unos pesitos y ayudaba a mis viejos.<\/p>\n\n\n\n<p>-\u00bfPor qu\u00e9 el nombre Confort Dacar?<\/p>\n\n\n\n<p>-Es muy sencillo: por mi viejo y mi abuelo, Dar\u00edo y Carlos: Dacar \u2013responde con una sonrisa.<\/p>\n\n\n\n<p>Hoy tienen tres locales importantes, dos en Presidente Derqui (uno sobre Av. de Mayo 452 y el otro en Alfaro 1530); y un tercer local en pleno centro de Del Viso, frente al Registro Civil, a media cuadra de la estaci\u00f3n, French 1235.<\/p>\n\n\n\n<p>Lanzaron un amplio esquema de comercializaci\u00f3n por internet con entrega a domicilio a trav\u00e9s de la tienda <a href=\"http:\/\/www.confortdacar.com.ar\">www.confortdacar.com.ar<\/a> y expandieron el radio de env\u00edos gratuitos a todas las localidades que rodean Presidente Derqui.<\/p>\n\n\n\n<p>Dado el contexto que todos conocemos, invitan a que se realicen consultas a trav\u00e9s de WhatsApp (1136914140) y de los mensajes y comentarios en sus redes sociales (Facebook: confortdacarsrl; Instagram: @confortdacar; y con el mismo perfil en Twitter), brindando atenci\u00f3n totalmente personalizada y fomentando el cuidado de los vecinos, para que se queden en sus casas.<\/p>\n\n\n\n<p>Son Mercado L\u00edder Platinum y todos los meses hay ofertas, descuentos en efectivo y pagos con tarjetas con amplias posibilidades de acceder a la variedad de productos que ofrecen. As\u00ed la vida se va tejiendo con cosas que valen la pena: la familia, el trabajo, los amigos, el barrio. Linda nota que nos permiti\u00f3 conocer un poco sobre uno de los comercios que apost\u00f3 y apuesta a Derqui desde hace tanto tiempo.<\/p>\n","protected":false},"excerpt":{"rendered":"<p>Confort Dacar nace en el a\u00f1o 1997, despu\u00e9s de un partido de b\u00e1squet en el Club Derqui entre el equipo local y Juventud Unida, de la vecina ciudad de San&hellip; <\/p>\n","protected":false},"author":2,"featured_media":7326,"comment_status":"closed","ping_status":"open","sticky":false,"template":"","format":"standard","meta":{"footnotes":""},"categories":[1320,17],"tags":[516,509,426,1843,7],"class_list":["post-7322","post","type-post","status-publish","format-standard","has-post-thumbnail","hentry","category-nuestra-gente","category-principal","tag-aniversario","tag-comerciantes","tag-comercios","tag-confort-dacar","tag-derqui"],"yoast_head":"<!-- This site is optimized with the Yoast SEO plugin v26.8 - https:\/\/yoast.com\/product\/yoast-seo-wordpress\/ -->\n<title>Una historia de las que nos gustan - Peri\u00f3dico EL APOGEO<\/title>\n<meta name=\"robots\" content=\"index, follow, max-snippet:-1, max-image-preview:large, max-video-preview:-1\" \/>\n<link rel=\"canonical\" href=\"https:\/\/www.periodicoelapogeo.com.ar\/site\/una-historia-de-las-que-nos-gustan\/\" \/>\n<meta property=\"og:locale\" content=\"es_ES\" \/>\n<meta property=\"og:type\" content=\"article\" \/>\n<meta property=\"og:title\" content=\"Una historia de las que nos gustan - Peri\u00f3dico EL APOGEO\" \/>\n<meta property=\"og:description\" content=\"Confort Dacar nace en el a\u00f1o 1997, despu\u00e9s de un partido de b\u00e1squet en el Club Derqui entre el equipo local y Juventud Unida, de la vecina ciudad de San&hellip;\" \/>\n<meta property=\"og:url\" content=\"https:\/\/www.periodicoelapogeo.com.ar\/site\/una-historia-de-las-que-nos-gustan\/\" \/>\n<meta property=\"og:site_name\" content=\"Peri\u00f3dico EL APOGEO\" \/>\n<meta property=\"article:publisher\" content=\"https:\/\/www.facebook.com\/Peridico-El-Apogeo-348111616395\/\" \/>\n<meta property=\"article:published_time\" content=\"2021-05-06T12:55:55+00:00\" \/>\n<meta property=\"article:modified_time\" content=\"2021-05-06T13:04:00+00:00\" \/>\n<meta property=\"og:image\" content=\"https:\/\/www.periodicoelapogeo.com.ar\/site\/wp-content\/uploads\/2021\/05\/PORTADA-1-scaled.jpg\" \/>\n\t<meta property=\"og:image:width\" content=\"2560\" \/>\n\t<meta property=\"og:image:height\" content=\"1912\" \/>\n\t<meta property=\"og:image:type\" content=\"image\/jpeg\" \/>\n<meta name=\"author\" content=\"editor\" \/>\n<meta name=\"twitter:card\" content=\"summary_large_image\" \/>\n<meta name=\"twitter:creator\" content=\"@elapogeodiario\" \/>\n<meta name=\"twitter:site\" content=\"@elapogeodiario\" \/>\n<meta name=\"twitter:label1\" content=\"Escrito por\" \/>\n\t<meta name=\"twitter:data1\" content=\"editor\" \/>\n\t<meta name=\"twitter:label2\" content=\"Tiempo de lectura\" \/>\n\t<meta name=\"twitter:data2\" content=\"3 minutos\" \/>\n<script type=\"application\/ld+json\" class=\"yoast-schema-graph\">{\"@context\":\"https:\/\/schema.org\",\"@graph\":[{\"@type\":\"Article\",\"@id\":\"https:\/\/www.periodicoelapogeo.com.ar\/site\/una-historia-de-las-que-nos-gustan\/#article\",\"isPartOf\":{\"@id\":\"https:\/\/www.periodicoelapogeo.com.ar\/site\/una-historia-de-las-que-nos-gustan\/\"},\"author\":{\"name\":\"editor\",\"@id\":\"https:\/\/www.periodicoelapogeo.com.ar\/site\/#\/schema\/person\/d60bcb51884b850534948db8a28cae37\"},\"headline\":\"Una historia de las que nos gustan\",\"datePublished\":\"2021-05-06T12:55:55+00:00\",\"dateModified\":\"2021-05-06T13:04:00+00:00\",\"mainEntityOfPage\":{\"@id\":\"https:\/\/www.periodicoelapogeo.com.ar\/site\/una-historia-de-las-que-nos-gustan\/\"},\"wordCount\":695,\"publisher\":{\"@id\":\"https:\/\/www.periodicoelapogeo.com.ar\/site\/#organization\"},\"image\":{\"@id\":\"https:\/\/www.periodicoelapogeo.com.ar\/site\/una-historia-de-las-que-nos-gustan\/#primaryimage\"},\"thumbnailUrl\":\"https:\/\/www.periodicoelapogeo.com.ar\/site\/wp-content\/uploads\/2021\/05\/PORTADA-1-scaled.jpg\",\"keywords\":[\"aniversario\",\"comerciantes\",\"comercios\",\"Confort Dacar\",\"Derqui\"],\"articleSection\":[\"Nuestra gente\",\"Principal\"],\"inLanguage\":\"es\"},{\"@type\":\"WebPage\",\"@id\":\"https:\/\/www.periodicoelapogeo.com.ar\/site\/una-historia-de-las-que-nos-gustan\/\",\"url\":\"https:\/\/www.periodicoelapogeo.com.ar\/site\/una-historia-de-las-que-nos-gustan\/\",\"name\":\"Una historia de las que nos gustan - Peri\u00f3dico EL APOGEO\",\"isPartOf\":{\"@id\":\"https:\/\/www.periodicoelapogeo.com.ar\/site\/#website\"},\"primaryImageOfPage\":{\"@id\":\"https:\/\/www.periodicoelapogeo.com.ar\/site\/una-historia-de-las-que-nos-gustan\/#primaryimage\"},\"image\":{\"@id\":\"https:\/\/www.periodicoelapogeo.com.ar\/site\/una-historia-de-las-que-nos-gustan\/#primaryimage\"},\"thumbnailUrl\":\"https:\/\/www.periodicoelapogeo.com.ar\/site\/wp-content\/uploads\/2021\/05\/PORTADA-1-scaled.jpg\",\"datePublished\":\"2021-05-06T12:55:55+00:00\",\"dateModified\":\"2021-05-06T13:04:00+00:00\",\"breadcrumb\":{\"@id\":\"https:\/\/www.periodicoelapogeo.com.ar\/site\/una-historia-de-las-que-nos-gustan\/#breadcrumb\"},\"inLanguage\":\"es\",\"potentialAction\":[{\"@type\":\"ReadAction\",\"target\":[\"https:\/\/www.periodicoelapogeo.com.ar\/site\/una-historia-de-las-que-nos-gustan\/\"]}]},{\"@type\":\"ImageObject\",\"inLanguage\":\"es\",\"@id\":\"https:\/\/www.periodicoelapogeo.com.ar\/site\/una-historia-de-las-que-nos-gustan\/#primaryimage\",\"url\":\"https:\/\/www.periodicoelapogeo.com.ar\/site\/wp-content\/uploads\/2021\/05\/PORTADA-1-scaled.jpg\",\"contentUrl\":\"https:\/\/www.periodicoelapogeo.com.ar\/site\/wp-content\/uploads\/2021\/05\/PORTADA-1-scaled.jpg\",\"width\":2560,\"height\":1912},{\"@type\":\"BreadcrumbList\",\"@id\":\"https:\/\/www.periodicoelapogeo.com.ar\/site\/una-historia-de-las-que-nos-gustan\/#breadcrumb\",\"itemListElement\":[{\"@type\":\"ListItem\",\"position\":1,\"name\":\"Portada\",\"item\":\"https:\/\/www.periodicoelapogeo.com.ar\/site\/\"},{\"@type\":\"ListItem\",\"position\":2,\"name\":\"Una historia de las que nos gustan\"}]},{\"@type\":\"WebSite\",\"@id\":\"https:\/\/www.periodicoelapogeo.com.ar\/site\/#website\",\"url\":\"https:\/\/www.periodicoelapogeo.com.ar\/site\/\",\"name\":\"Peri\u00f3dico EL APOGEO\",\"description\":\"En Derqui, Del Viso, Mor\u00f3n y Pilar\",\"publisher\":{\"@id\":\"https:\/\/www.periodicoelapogeo.com.ar\/site\/#organization\"},\"potentialAction\":[{\"@type\":\"SearchAction\",\"target\":{\"@type\":\"EntryPoint\",\"urlTemplate\":\"https:\/\/www.periodicoelapogeo.com.ar\/site\/?s={search_term_string}\"},\"query-input\":{\"@type\":\"PropertyValueSpecification\",\"valueRequired\":true,\"valueName\":\"search_term_string\"}}],\"inLanguage\":\"es\"},{\"@type\":\"Organization\",\"@id\":\"https:\/\/www.periodicoelapogeo.com.ar\/site\/#organization\",\"name\":\"Peri\u00f3dico EL APOGEO\",\"url\":\"https:\/\/www.periodicoelapogeo.com.ar\/site\/\",\"logo\":{\"@type\":\"ImageObject\",\"inLanguage\":\"es\",\"@id\":\"https:\/\/www.periodicoelapogeo.com.ar\/site\/#\/schema\/logo\/image\/\",\"url\":\"https:\/\/www.periodicoelapogeo.com.ar\/site\/wp-content\/uploads\/2023\/03\/apogeo_logo.jpg\",\"contentUrl\":\"https:\/\/www.periodicoelapogeo.com.ar\/site\/wp-content\/uploads\/2023\/03\/apogeo_logo.jpg\",\"width\":400,\"height\":400,\"caption\":\"Peri\u00f3dico EL APOGEO\"},\"image\":{\"@id\":\"https:\/\/www.periodicoelapogeo.com.ar\/site\/#\/schema\/logo\/image\/\"},\"sameAs\":[\"https:\/\/www.facebook.com\/Peridico-El-Apogeo-348111616395\/\",\"https:\/\/x.com\/elapogeodiario\",\"https:\/\/instagram.com\/elapogeodiario\/\"]},{\"@type\":\"Person\",\"@id\":\"https:\/\/www.periodicoelapogeo.com.ar\/site\/#\/schema\/person\/d60bcb51884b850534948db8a28cae37\",\"name\":\"editor\",\"image\":{\"@type\":\"ImageObject\",\"inLanguage\":\"es\",\"@id\":\"https:\/\/www.periodicoelapogeo.com.ar\/site\/#\/schema\/person\/image\/\",\"url\":\"https:\/\/secure.gravatar.com\/avatar\/af59c81eb11459c33aba6d1ef1422b5c7b8acb4c120f6e1f99e75810f387565f?s=96&d=mm&r=g\",\"contentUrl\":\"https:\/\/secure.gravatar.com\/avatar\/af59c81eb11459c33aba6d1ef1422b5c7b8acb4c120f6e1f99e75810f387565f?s=96&d=mm&r=g\",\"caption\":\"editor\"},\"sameAs\":[\"http:\/\/periodicoelapogeo.com.ar\"],\"url\":\"https:\/\/www.periodicoelapogeo.com.ar\/site\/author\/victor\/\"}]}<\/script>\n<!-- \/ Yoast SEO plugin. -->","yoast_head_json":{"title":"Una historia de las que nos gustan - Peri\u00f3dico EL APOGEO","robots":{"index":"index","follow":"follow","max-snippet":"max-snippet:-1","max-image-preview":"max-image-preview:large","max-video-preview":"max-video-preview:-1"},"canonical":"https:\/\/www.periodicoelapogeo.com.ar\/site\/una-historia-de-las-que-nos-gustan\/","og_locale":"es_ES","og_type":"article","og_title":"Una historia de las que nos gustan - Peri\u00f3dico EL APOGEO","og_description":"Confort Dacar nace en el a\u00f1o 1997, despu\u00e9s de un partido de b\u00e1squet en el Club Derqui entre el equipo local y Juventud Unida, de la vecina ciudad de San&hellip;","og_url":"https:\/\/www.periodicoelapogeo.com.ar\/site\/una-historia-de-las-que-nos-gustan\/","og_site_name":"Peri\u00f3dico EL APOGEO","article_publisher":"https:\/\/www.facebook.com\/Peridico-El-Apogeo-348111616395\/","article_published_time":"2021-05-06T12:55:55+00:00","article_modified_time":"2021-05-06T13:04:00+00:00","og_image":[{"width":2560,"height":1912,"url":"https:\/\/www.periodicoelapogeo.com.ar\/site\/wp-content\/uploads\/2021\/05\/PORTADA-1-scaled.jpg","type":"image\/jpeg"}],"author":"editor","twitter_card":"summary_large_image","twitter_creator":"@elapogeodiario","twitter_site":"@elapogeodiario","twitter_misc":{"Escrito por":"editor","Tiempo de lectura":"3 minutos"},"schema":{"@context":"https:\/\/schema.org","@graph":[{"@type":"Article","@id":"https:\/\/www.periodicoelapogeo.com.ar\/site\/una-historia-de-las-que-nos-gustan\/#article","isPartOf":{"@id":"https:\/\/www.periodicoelapogeo.com.ar\/site\/una-historia-de-las-que-nos-gustan\/"},"author":{"name":"editor","@id":"https:\/\/www.periodicoelapogeo.com.ar\/site\/#\/schema\/person\/d60bcb51884b850534948db8a28cae37"},"headline":"Una historia de las que nos gustan","datePublished":"2021-05-06T12:55:55+00:00","dateModified":"2021-05-06T13:04:00+00:00","mainEntityOfPage":{"@id":"https:\/\/www.periodicoelapogeo.com.ar\/site\/una-historia-de-las-que-nos-gustan\/"},"wordCount":695,"publisher":{"@id":"https:\/\/www.periodicoelapogeo.com.ar\/site\/#organization"},"image":{"@id":"https:\/\/www.periodicoelapogeo.com.ar\/site\/una-historia-de-las-que-nos-gustan\/#primaryimage"},"thumbnailUrl":"https:\/\/www.periodicoelapogeo.com.ar\/site\/wp-content\/uploads\/2021\/05\/PORTADA-1-scaled.jpg","keywords":["aniversario","comerciantes","comercios","Confort Dacar","Derqui"],"articleSection":["Nuestra gente","Principal"],"inLanguage":"es"},{"@type":"WebPage","@id":"https:\/\/www.periodicoelapogeo.com.ar\/site\/una-historia-de-las-que-nos-gustan\/","url":"https:\/\/www.periodicoelapogeo.com.ar\/site\/una-historia-de-las-que-nos-gustan\/","name":"Una historia de las que nos gustan - Peri\u00f3dico EL APOGEO","isPartOf":{"@id":"https:\/\/www.periodicoelapogeo.com.ar\/site\/#website"},"primaryImageOfPage":{"@id":"https:\/\/www.periodicoelapogeo.com.ar\/site\/una-historia-de-las-que-nos-gustan\/#primaryimage"},"image":{"@id":"https:\/\/www.periodicoelapogeo.com.ar\/site\/una-historia-de-las-que-nos-gustan\/#primaryimage"},"thumbnailUrl":"https:\/\/www.periodicoelapogeo.com.ar\/site\/wp-content\/uploads\/2021\/05\/PORTADA-1-scaled.jpg","datePublished":"2021-05-06T12:55:55+00:00","dateModified":"2021-05-06T13:04:00+00:00","breadcrumb":{"@id":"https:\/\/www.periodicoelapogeo.com.ar\/site\/una-historia-de-las-que-nos-gustan\/#breadcrumb"},"inLanguage":"es","potentialAction":[{"@type":"ReadAction","target":["https:\/\/www.periodicoelapogeo.com.ar\/site\/una-historia-de-las-que-nos-gustan\/"]}]},{"@type":"ImageObject","inLanguage":"es","@id":"https:\/\/www.periodicoelapogeo.com.ar\/site\/una-historia-de-las-que-nos-gustan\/#primaryimage","url":"https:\/\/www.periodicoelapogeo.com.ar\/site\/wp-content\/uploads\/2021\/05\/PORTADA-1-scaled.jpg","contentUrl":"https:\/\/www.periodicoelapogeo.com.ar\/site\/wp-content\/uploads\/2021\/05\/PORTADA-1-scaled.jpg","width":2560,"height":1912},{"@type":"BreadcrumbList","@id":"https:\/\/www.periodicoelapogeo.com.ar\/site\/una-historia-de-las-que-nos-gustan\/#breadcrumb","itemListElement":[{"@type":"ListItem","position":1,"name":"Portada","item":"https:\/\/www.periodicoelapogeo.com.ar\/site\/"},{"@type":"ListItem","position":2,"name":"Una historia de las que nos gustan"}]},{"@type":"WebSite","@id":"https:\/\/www.periodicoelapogeo.com.ar\/site\/#website","url":"https:\/\/www.periodicoelapogeo.com.ar\/site\/","name":"Peri\u00f3dico EL APOGEO","description":"En Derqui, Del Viso, Mor\u00f3n y Pilar","publisher":{"@id":"https:\/\/www.periodicoelapogeo.com.ar\/site\/#organization"},"potentialAction":[{"@type":"SearchAction","target":{"@type":"EntryPoint","urlTemplate":"https:\/\/www.periodicoelapogeo.com.ar\/site\/?s={search_term_string}"},"query-input":{"@type":"PropertyValueSpecification","valueRequired":true,"valueName":"search_term_string"}}],"inLanguage":"es"},{"@type":"Organization","@id":"https:\/\/www.periodicoelapogeo.com.ar\/site\/#organization","name":"Peri\u00f3dico EL APOGEO","url":"https:\/\/www.periodicoelapogeo.com.ar\/site\/","logo":{"@type":"ImageObject","inLanguage":"es","@id":"https:\/\/www.periodicoelapogeo.com.ar\/site\/#\/schema\/logo\/image\/","url":"https:\/\/www.periodicoelapogeo.com.ar\/site\/wp-content\/uploads\/2023\/03\/apogeo_logo.jpg","contentUrl":"https:\/\/www.periodicoelapogeo.com.ar\/site\/wp-content\/uploads\/2023\/03\/apogeo_logo.jpg","width":400,"height":400,"caption":"Peri\u00f3dico EL APOGEO"},"image":{"@id":"https:\/\/www.periodicoelapogeo.com.ar\/site\/#\/schema\/logo\/image\/"},"sameAs":["https:\/\/www.facebook.com\/Peridico-El-Apogeo-348111616395\/","https:\/\/x.com\/elapogeodiario","https:\/\/instagram.com\/elapogeodiario\/"]},{"@type":"Person","@id":"https:\/\/www.periodicoelapogeo.com.ar\/site\/#\/schema\/person\/d60bcb51884b850534948db8a28cae37","name":"editor","image":{"@type":"ImageObject","inLanguage":"es","@id":"https:\/\/www.periodicoelapogeo.com.ar\/site\/#\/schema\/person\/image\/","url":"https:\/\/secure.gravatar.com\/avatar\/af59c81eb11459c33aba6d1ef1422b5c7b8acb4c120f6e1f99e75810f387565f?s=96&d=mm&r=g","contentUrl":"https:\/\/secure.gravatar.com\/avatar\/af59c81eb11459c33aba6d1ef1422b5c7b8acb4c120f6e1f99e75810f387565f?s=96&d=mm&r=g","caption":"editor"},"sameAs":["http:\/\/periodicoelapogeo.com.ar"],"url":"https:\/\/www.periodicoelapogeo.com.ar\/site\/author\/victor\/"}]}},"_links":{"self":[{"href":"https:\/\/www.periodicoelapogeo.com.ar\/site\/wp-json\/wp\/v2\/posts\/7322","targetHints":{"allow":["GET"]}}],"collection":[{"href":"https:\/\/www.periodicoelapogeo.com.ar\/site\/wp-json\/wp\/v2\/posts"}],"about":[{"href":"https:\/\/www.periodicoelapogeo.com.ar\/site\/wp-json\/wp\/v2\/types\/post"}],"author":[{"embeddable":true,"href":"https:\/\/www.periodicoelapogeo.com.ar\/site\/wp-json\/wp\/v2\/users\/2"}],"replies":[{"embeddable":true,"href":"https:\/\/www.periodicoelapogeo.com.ar\/site\/wp-json\/wp\/v2\/comments?post=7322"}],"version-history":[{"count":2,"href":"https:\/\/www.periodicoelapogeo.com.ar\/site\/wp-json\/wp\/v2\/posts\/7322\/revisions"}],"predecessor-version":[{"id":7327,"href":"https:\/\/www.periodicoelapogeo.com.ar\/site\/wp-json\/wp\/v2\/posts\/7322\/revisions\/7327"}],"wp:featuredmedia":[{"embeddable":true,"href":"https:\/\/www.periodicoelapogeo.com.ar\/site\/wp-json\/wp\/v2\/media\/7326"}],"wp:attachment":[{"href":"https:\/\/www.periodicoelapogeo.com.ar\/site\/wp-json\/wp\/v2\/media?parent=7322"}],"wp:term":[{"taxonomy":"category","embeddable":true,"href":"https:\/\/www.periodicoelapogeo.com.ar\/site\/wp-json\/wp\/v2\/categories?post=7322"},{"taxonomy":"post_tag","embeddable":true,"href":"https:\/\/www.periodicoelapogeo.com.ar\/site\/wp-json\/wp\/v2\/tags?post=7322"}],"curies":[{"name":"wp","href":"https:\/\/api.w.org\/{rel}","templated":true}]}}