{"id":7759,"date":"2021-07-14T11:23:09","date_gmt":"2021-07-14T14:23:09","guid":{"rendered":"https:\/\/www.periodicoelapogeo.com.ar\/site\/?p=7759"},"modified":"2021-07-14T11:23:13","modified_gmt":"2021-07-14T14:23:13","slug":"vacunacion-libre-para-mayores-de-35-anos","status":"publish","type":"post","link":"https:\/\/www.periodicoelapogeo.com.ar\/site\/vacunacion-libre-para-mayores-de-35-anos\/","title":{"rendered":"VACUNACI\u00d3N LIBRE PARA MAYORES DE 35 A\u00d1OS"},"content":{"rendered":"\n<p class=\"has-medium-font-size wp-block-paragraph\">Lo anunci\u00f3 el gobernador de la Prov. de Buenos Aires, Axel Kicillof.<\/p>\n\n\n\n<div class=\"wp-block-image\"><figure class=\"aligncenter size-large\"><img fetchpriority=\"high\" decoding=\"async\" width=\"1024\" height=\"757\" src=\"https:\/\/www.periodicoelapogeo.com.ar\/site\/wp-content\/uploads\/2021\/07\/KICHI.jpg\" alt=\"\" class=\"wp-image-7760\" srcset=\"https:\/\/www.periodicoelapogeo.com.ar\/site\/wp-content\/uploads\/2021\/07\/KICHI.jpg 1024w, https:\/\/www.periodicoelapogeo.com.ar\/site\/wp-content\/uploads\/2021\/07\/KICHI-320x237.jpg 320w, https:\/\/www.periodicoelapogeo.com.ar\/site\/wp-content\/uploads\/2021\/07\/KICHI-768x568.jpg 768w, https:\/\/www.periodicoelapogeo.com.ar\/site\/wp-content\/uploads\/2021\/07\/KICHI-406x300.jpg 406w\" sizes=\"(max-width: 1024px) 100vw, 1024px\" \/><\/figure><\/div>\n\n\n\n<p class=\"wp-block-paragraph\">Adem\u00e1s, los d\u00edas viernes y s\u00e1bados habr\u00e1 operativos comunitarios que incluir\u00e1n postas itinerantes, recorridas \u00abcasa por casa\u00bb y aplicaciones en estaciones ferroviarias.<br><\/p>\n\n\n\n<p class=\"wp-block-paragraph\">La provincia de Buenos Aires comienza este mi\u00e9rcoles a vacunar contra el coronavirus a<strong>\u00a0los bonaerenses mayores de 35 a\u00f1os sin necesidad de inscripci\u00f3n previa<\/strong>, en tanto que\u00a0<strong>realizar\u00e1 el viernes y s\u00e1bado de esta semana una nueva jornada de inoculaci\u00f3n comunitaria<\/strong>, con postas itinerantes en estaciones de trenes e instituciones y casa por casa.<\/p>\n\n\n\n<p class=\"wp-block-paragraph\">As\u00ed lo anunci\u00f3 el gobernador bonaerense&nbsp;<strong>Axel Kicillof<\/strong>&nbsp;en el marco de una conferencia de prensa que ofreci\u00f3 este martes en La Plata, acompa\u00f1ado por el ministro de Salud,&nbsp;<strong>Daniel Gollan<\/strong>, y el jefe de Gabinete,&nbsp;<strong>Carlos Bianco<\/strong>.<\/p>\n\n\n\n<p class=\"wp-block-paragraph\">\u00abDesde ma\u00f1ana, los mayores de 35 a\u00f1os tienen posibilidad de acceder a la vacuna libre en toda la provincia con la sola presentaci\u00f3n del DNI y sin turno\u00bb, anunci\u00f3 el mandatario bonaerense el martes.<\/p>\n\n\n\n<div class=\"wp-block-image\"><figure class=\"aligncenter size-large\"><img decoding=\"async\" width=\"1024\" height=\"1024\" src=\"https:\/\/www.periodicoelapogeo.com.ar\/site\/wp-content\/uploads\/2021\/07\/kicillof-1024x1024.jpg\" alt=\"\" class=\"wp-image-7761\" srcset=\"https:\/\/www.periodicoelapogeo.com.ar\/site\/wp-content\/uploads\/2021\/07\/kicillof-1024x1024.jpg 1024w, https:\/\/www.periodicoelapogeo.com.ar\/site\/wp-content\/uploads\/2021\/07\/kicillof-300x300.jpg 300w, https:\/\/www.periodicoelapogeo.com.ar\/site\/wp-content\/uploads\/2021\/07\/kicillof-768x768.jpg 768w, https:\/\/www.periodicoelapogeo.com.ar\/site\/wp-content\/uploads\/2021\/07\/kicillof.jpg 1280w\" sizes=\"(max-width: 1024px) 100vw, 1024px\" \/><\/figure><\/div>\n\n\n\n<p class=\"wp-block-paragraph\">De esta manera, los&nbsp;<strong>mayores de 35 a\u00f1os, trabajadores de la salud, la educaci\u00f3n y las fuerzas de seguridad, mayores de 18 a\u00f1os con comorbilidades y embarazadas<\/strong>&nbsp;cuentan con la posibilidad de acceder a la \u00abvacunaci\u00f3n libre\u00bb.<\/p>\n","protected":false},"excerpt":{"rendered":"<p>Lo anunci\u00f3 el gobernador de la Prov. de Buenos Aires, Axel Kicillof. Adem\u00e1s, los d\u00edas viernes y s\u00e1bados habr\u00e1 operativos comunitarios que incluir\u00e1n postas itinerantes, recorridas \u00abcasa por casa\u00bb y&hellip; <\/p>\n","protected":false},"author":2,"featured_media":7760,"comment_status":"closed","ping_status":"open","sticky":false,"template":"","format":"standard","meta":{"footnotes":""},"categories":[17,1317],"tags":[1266,1294,1422,1913,1728],"class_list":["post-7759","post","type-post","status-publish","format-standard","has-post-thumbnail","hentry","category-principal","category-salud","tag-covid-19","tag-estado-presente","tag-gobierno-de-la-provincia-de-buenos-aires","tag-provincia-de-buenos-aires","tag-vacunacion"],"yoast_head":"<!-- This site is optimized with the Yoast SEO plugin v27.8 - https:\/\/yoast.com\/product\/yoast-seo-wordpress\/ -->\n<title>VACUNACI\u00d3N LIBRE PARA MAYORES DE 35 A\u00d1OS - Peri\u00f3dico EL APOGEO<\/title>\n<meta name=\"robots\" content=\"index, follow, max-snippet:-1, max-image-preview:large, max-video-preview:-1\" \/>\n<link rel=\"canonical\" href=\"https:\/\/www.periodicoelapogeo.com.ar\/site\/vacunacion-libre-para-mayores-de-35-anos\/\" \/>\n<meta property=\"og:locale\" content=\"es_ES\" \/>\n<meta property=\"og:type\" content=\"article\" \/>\n<meta property=\"og:title\" content=\"VACUNACI\u00d3N LIBRE PARA MAYORES DE 35 A\u00d1OS - Peri\u00f3dico EL APOGEO\" \/>\n<meta property=\"og:description\" content=\"Lo anunci\u00f3 el gobernador de la Prov. de Buenos Aires, Axel Kicillof. Adem\u00e1s, los d\u00edas viernes y s\u00e1bados habr\u00e1 operativos comunitarios que incluir\u00e1n postas itinerantes, recorridas \u00abcasa por casa\u00bb y&hellip;\" \/>\n<meta property=\"og:url\" content=\"https:\/\/www.periodicoelapogeo.com.ar\/site\/vacunacion-libre-para-mayores-de-35-anos\/\" \/>\n<meta property=\"og:site_name\" content=\"Peri\u00f3dico EL APOGEO\" \/>\n<meta property=\"article:publisher\" content=\"https:\/\/www.facebook.com\/Peridico-El-Apogeo-348111616395\/\" \/>\n<meta property=\"article:published_time\" content=\"2021-07-14T14:23:09+00:00\" \/>\n<meta property=\"article:modified_time\" content=\"2021-07-14T14:23:13+00:00\" \/>\n<meta property=\"og:image\" content=\"https:\/\/www.periodicoelapogeo.com.ar\/site\/wp-content\/uploads\/2021\/07\/KICHI.jpg\" \/>\n\t<meta property=\"og:image:width\" content=\"1024\" \/>\n\t<meta property=\"og:image:height\" content=\"757\" \/>\n\t<meta property=\"og:image:type\" content=\"image\/jpeg\" \/>\n<meta name=\"author\" content=\"editor\" \/>\n<meta name=\"twitter:card\" content=\"summary_large_image\" \/>\n<meta name=\"twitter:creator\" content=\"@elapogeodiario\" \/>\n<meta name=\"twitter:site\" content=\"@elapogeodiario\" \/>\n<meta name=\"twitter:label1\" content=\"Escrito por\" \/>\n\t<meta name=\"twitter:data1\" content=\"editor\" \/>\n\t<meta name=\"twitter:label2\" content=\"Tiempo de lectura\" \/>\n\t<meta name=\"twitter:data2\" content=\"1 minuto\" \/>\n<script type=\"application\/ld+json\" class=\"yoast-schema-graph\">{\"@context\":\"https:\\\/\\\/schema.org\",\"@graph\":[{\"@type\":\"Article\",\"@id\":\"https:\\\/\\\/www.periodicoelapogeo.com.ar\\\/site\\\/vacunacion-libre-para-mayores-de-35-anos\\\/#article\",\"isPartOf\":{\"@id\":\"https:\\\/\\\/www.periodicoelapogeo.com.ar\\\/site\\\/vacunacion-libre-para-mayores-de-35-anos\\\/\"},\"author\":{\"name\":\"editor\",\"@id\":\"https:\\\/\\\/www.periodicoelapogeo.com.ar\\\/site\\\/#\\\/schema\\\/person\\\/d60bcb51884b850534948db8a28cae37\"},\"headline\":\"VACUNACI\u00d3N LIBRE PARA MAYORES DE 35 A\u00d1OS\",\"datePublished\":\"2021-07-14T14:23:09+00:00\",\"dateModified\":\"2021-07-14T14:23:13+00:00\",\"mainEntityOfPage\":{\"@id\":\"https:\\\/\\\/www.periodicoelapogeo.com.ar\\\/site\\\/vacunacion-libre-para-mayores-de-35-anos\\\/\"},\"wordCount\":225,\"publisher\":{\"@id\":\"https:\\\/\\\/www.periodicoelapogeo.com.ar\\\/site\\\/#organization\"},\"image\":{\"@id\":\"https:\\\/\\\/www.periodicoelapogeo.com.ar\\\/site\\\/vacunacion-libre-para-mayores-de-35-anos\\\/#primaryimage\"},\"thumbnailUrl\":\"https:\\\/\\\/www.periodicoelapogeo.com.ar\\\/site\\\/wp-content\\\/uploads\\\/2021\\\/07\\\/KICHI.jpg\",\"keywords\":[\"Covid-19\",\"Estado presente\",\"gobierno de la provincia de Buenos Aires\",\"Provincia de Buenos Aires\",\"vacunaci\u00f3n\"],\"articleSection\":[\"Principal\",\"Salud\"],\"inLanguage\":\"es\"},{\"@type\":\"WebPage\",\"@id\":\"https:\\\/\\\/www.periodicoelapogeo.com.ar\\\/site\\\/vacunacion-libre-para-mayores-de-35-anos\\\/\",\"url\":\"https:\\\/\\\/www.periodicoelapogeo.com.ar\\\/site\\\/vacunacion-libre-para-mayores-de-35-anos\\\/\",\"name\":\"VACUNACI\u00d3N LIBRE PARA MAYORES DE 35 A\u00d1OS - Peri\u00f3dico EL APOGEO\",\"isPartOf\":{\"@id\":\"https:\\\/\\\/www.periodicoelapogeo.com.ar\\\/site\\\/#website\"},\"primaryImageOfPage\":{\"@id\":\"https:\\\/\\\/www.periodicoelapogeo.com.ar\\\/site\\\/vacunacion-libre-para-mayores-de-35-anos\\\/#primaryimage\"},\"image\":{\"@id\":\"https:\\\/\\\/www.periodicoelapogeo.com.ar\\\/site\\\/vacunacion-libre-para-mayores-de-35-anos\\\/#primaryimage\"},\"thumbnailUrl\":\"https:\\\/\\\/www.periodicoelapogeo.com.ar\\\/site\\\/wp-content\\\/uploads\\\/2021\\\/07\\\/KICHI.jpg\",\"datePublished\":\"2021-07-14T14:23:09+00:00\",\"dateModified\":\"2021-07-14T14:23:13+00:00\",\"breadcrumb\":{\"@id\":\"https:\\\/\\\/www.periodicoelapogeo.com.ar\\\/site\\\/vacunacion-libre-para-mayores-de-35-anos\\\/#breadcrumb\"},\"inLanguage\":\"es\",\"potentialAction\":[{\"@type\":\"ReadAction\",\"target\":[\"https:\\\/\\\/www.periodicoelapogeo.com.ar\\\/site\\\/vacunacion-libre-para-mayores-de-35-anos\\\/\"]}]},{\"@type\":\"ImageObject\",\"inLanguage\":\"es\",\"@id\":\"https:\\\/\\\/www.periodicoelapogeo.com.ar\\\/site\\\/vacunacion-libre-para-mayores-de-35-anos\\\/#primaryimage\",\"url\":\"https:\\\/\\\/www.periodicoelapogeo.com.ar\\\/site\\\/wp-content\\\/uploads\\\/2021\\\/07\\\/KICHI.jpg\",\"contentUrl\":\"https:\\\/\\\/www.periodicoelapogeo.com.ar\\\/site\\\/wp-content\\\/uploads\\\/2021\\\/07\\\/KICHI.jpg\",\"width\":1024,\"height\":757},{\"@type\":\"BreadcrumbList\",\"@id\":\"https:\\\/\\\/www.periodicoelapogeo.com.ar\\\/site\\\/vacunacion-libre-para-mayores-de-35-anos\\\/#breadcrumb\",\"itemListElement\":[{\"@type\":\"ListItem\",\"position\":1,\"name\":\"Portada\",\"item\":\"https:\\\/\\\/www.periodicoelapogeo.com.ar\\\/site\\\/\"},{\"@type\":\"ListItem\",\"position\":2,\"name\":\"VACUNACI\u00d3N LIBRE PARA MAYORES DE 35 A\u00d1OS\"}]},{\"@type\":\"WebSite\",\"@id\":\"https:\\\/\\\/www.periodicoelapogeo.com.ar\\\/site\\\/#website\",\"url\":\"https:\\\/\\\/www.periodicoelapogeo.com.ar\\\/site\\\/\",\"name\":\"Peri\u00f3dico EL APOGEO\",\"description\":\"En Derqui, Del Viso, Mor\u00f3n y Pilar\",\"publisher\":{\"@id\":\"https:\\\/\\\/www.periodicoelapogeo.com.ar\\\/site\\\/#organization\"},\"potentialAction\":[{\"@type\":\"SearchAction\",\"target\":{\"@type\":\"EntryPoint\",\"urlTemplate\":\"https:\\\/\\\/www.periodicoelapogeo.com.ar\\\/site\\\/?s={search_term_string}\"},\"query-input\":{\"@type\":\"PropertyValueSpecification\",\"valueRequired\":true,\"valueName\":\"search_term_string\"}}],\"inLanguage\":\"es\"},{\"@type\":\"Organization\",\"@id\":\"https:\\\/\\\/www.periodicoelapogeo.com.ar\\\/site\\\/#organization\",\"name\":\"Peri\u00f3dico EL APOGEO\",\"url\":\"https:\\\/\\\/www.periodicoelapogeo.com.ar\\\/site\\\/\",\"logo\":{\"@type\":\"ImageObject\",\"inLanguage\":\"es\",\"@id\":\"https:\\\/\\\/www.periodicoelapogeo.com.ar\\\/site\\\/#\\\/schema\\\/logo\\\/image\\\/\",\"url\":\"https:\\\/\\\/www.periodicoelapogeo.com.ar\\\/site\\\/wp-content\\\/uploads\\\/2023\\\/03\\\/apogeo_logo.jpg\",\"contentUrl\":\"https:\\\/\\\/www.periodicoelapogeo.com.ar\\\/site\\\/wp-content\\\/uploads\\\/2023\\\/03\\\/apogeo_logo.jpg\",\"width\":400,\"height\":400,\"caption\":\"Peri\u00f3dico EL APOGEO\"},\"image\":{\"@id\":\"https:\\\/\\\/www.periodicoelapogeo.com.ar\\\/site\\\/#\\\/schema\\\/logo\\\/image\\\/\"},\"sameAs\":[\"https:\\\/\\\/www.facebook.com\\\/Peridico-El-Apogeo-348111616395\\\/\",\"https:\\\/\\\/x.com\\\/elapogeodiario\",\"https:\\\/\\\/instagram.com\\\/elapogeodiario\\\/\"]},{\"@type\":\"Person\",\"@id\":\"https:\\\/\\\/www.periodicoelapogeo.com.ar\\\/site\\\/#\\\/schema\\\/person\\\/d60bcb51884b850534948db8a28cae37\",\"name\":\"editor\",\"image\":{\"@type\":\"ImageObject\",\"inLanguage\":\"es\",\"@id\":\"https:\\\/\\\/secure.gravatar.com\\\/avatar\\\/af59c81eb11459c33aba6d1ef1422b5c7b8acb4c120f6e1f99e75810f387565f?s=96&d=mm&r=g\",\"url\":\"https:\\\/\\\/secure.gravatar.com\\\/avatar\\\/af59c81eb11459c33aba6d1ef1422b5c7b8acb4c120f6e1f99e75810f387565f?s=96&d=mm&r=g\",\"contentUrl\":\"https:\\\/\\\/secure.gravatar.com\\\/avatar\\\/af59c81eb11459c33aba6d1ef1422b5c7b8acb4c120f6e1f99e75810f387565f?s=96&d=mm&r=g\",\"caption\":\"editor\"},\"sameAs\":[\"http:\\\/\\\/periodicoelapogeo.com.ar\"],\"url\":\"https:\\\/\\\/www.periodicoelapogeo.com.ar\\\/site\\\/author\\\/victor\\\/\"}]}<\/script>\n<!-- \/ Yoast SEO plugin. -->","yoast_head_json":{"title":"VACUNACI\u00d3N LIBRE PARA MAYORES DE 35 A\u00d1OS - Peri\u00f3dico EL APOGEO","robots":{"index":"index","follow":"follow","max-snippet":"max-snippet:-1","max-image-preview":"max-image-preview:large","max-video-preview":"max-video-preview:-1"},"canonical":"https:\/\/www.periodicoelapogeo.com.ar\/site\/vacunacion-libre-para-mayores-de-35-anos\/","og_locale":"es_ES","og_type":"article","og_title":"VACUNACI\u00d3N LIBRE PARA MAYORES DE 35 A\u00d1OS - Peri\u00f3dico EL APOGEO","og_description":"Lo anunci\u00f3 el gobernador de la Prov. de Buenos Aires, Axel Kicillof. Adem\u00e1s, los d\u00edas viernes y s\u00e1bados habr\u00e1 operativos comunitarios que incluir\u00e1n postas itinerantes, recorridas \u00abcasa por casa\u00bb y&hellip;","og_url":"https:\/\/www.periodicoelapogeo.com.ar\/site\/vacunacion-libre-para-mayores-de-35-anos\/","og_site_name":"Peri\u00f3dico EL APOGEO","article_publisher":"https:\/\/www.facebook.com\/Peridico-El-Apogeo-348111616395\/","article_published_time":"2021-07-14T14:23:09+00:00","article_modified_time":"2021-07-14T14:23:13+00:00","og_image":[{"width":1024,"height":757,"url":"https:\/\/www.periodicoelapogeo.com.ar\/site\/wp-content\/uploads\/2021\/07\/KICHI.jpg","type":"image\/jpeg"}],"author":"editor","twitter_card":"summary_large_image","twitter_creator":"@elapogeodiario","twitter_site":"@elapogeodiario","twitter_misc":{"Escrito por":"editor","Tiempo de lectura":"1 minuto"},"schema":{"@context":"https:\/\/schema.org","@graph":[{"@type":"Article","@id":"https:\/\/www.periodicoelapogeo.com.ar\/site\/vacunacion-libre-para-mayores-de-35-anos\/#article","isPartOf":{"@id":"https:\/\/www.periodicoelapogeo.com.ar\/site\/vacunacion-libre-para-mayores-de-35-anos\/"},"author":{"name":"editor","@id":"https:\/\/www.periodicoelapogeo.com.ar\/site\/#\/schema\/person\/d60bcb51884b850534948db8a28cae37"},"headline":"VACUNACI\u00d3N LIBRE PARA MAYORES DE 35 A\u00d1OS","datePublished":"2021-07-14T14:23:09+00:00","dateModified":"2021-07-14T14:23:13+00:00","mainEntityOfPage":{"@id":"https:\/\/www.periodicoelapogeo.com.ar\/site\/vacunacion-libre-para-mayores-de-35-anos\/"},"wordCount":225,"publisher":{"@id":"https:\/\/www.periodicoelapogeo.com.ar\/site\/#organization"},"image":{"@id":"https:\/\/www.periodicoelapogeo.com.ar\/site\/vacunacion-libre-para-mayores-de-35-anos\/#primaryimage"},"thumbnailUrl":"https:\/\/www.periodicoelapogeo.com.ar\/site\/wp-content\/uploads\/2021\/07\/KICHI.jpg","keywords":["Covid-19","Estado presente","gobierno de la provincia de Buenos Aires","Provincia de Buenos Aires","vacunaci\u00f3n"],"articleSection":["Principal","Salud"],"inLanguage":"es"},{"@type":"WebPage","@id":"https:\/\/www.periodicoelapogeo.com.ar\/site\/vacunacion-libre-para-mayores-de-35-anos\/","url":"https:\/\/www.periodicoelapogeo.com.ar\/site\/vacunacion-libre-para-mayores-de-35-anos\/","name":"VACUNACI\u00d3N LIBRE PARA MAYORES DE 35 A\u00d1OS - Peri\u00f3dico EL APOGEO","isPartOf":{"@id":"https:\/\/www.periodicoelapogeo.com.ar\/site\/#website"},"primaryImageOfPage":{"@id":"https:\/\/www.periodicoelapogeo.com.ar\/site\/vacunacion-libre-para-mayores-de-35-anos\/#primaryimage"},"image":{"@id":"https:\/\/www.periodicoelapogeo.com.ar\/site\/vacunacion-libre-para-mayores-de-35-anos\/#primaryimage"},"thumbnailUrl":"https:\/\/www.periodicoelapogeo.com.ar\/site\/wp-content\/uploads\/2021\/07\/KICHI.jpg","datePublished":"2021-07-14T14:23:09+00:00","dateModified":"2021-07-14T14:23:13+00:00","breadcrumb":{"@id":"https:\/\/www.periodicoelapogeo.com.ar\/site\/vacunacion-libre-para-mayores-de-35-anos\/#breadcrumb"},"inLanguage":"es","potentialAction":[{"@type":"ReadAction","target":["https:\/\/www.periodicoelapogeo.com.ar\/site\/vacunacion-libre-para-mayores-de-35-anos\/"]}]},{"@type":"ImageObject","inLanguage":"es","@id":"https:\/\/www.periodicoelapogeo.com.ar\/site\/vacunacion-libre-para-mayores-de-35-anos\/#primaryimage","url":"https:\/\/www.periodicoelapogeo.com.ar\/site\/wp-content\/uploads\/2021\/07\/KICHI.jpg","contentUrl":"https:\/\/www.periodicoelapogeo.com.ar\/site\/wp-content\/uploads\/2021\/07\/KICHI.jpg","width":1024,"height":757},{"@type":"BreadcrumbList","@id":"https:\/\/www.periodicoelapogeo.com.ar\/site\/vacunacion-libre-para-mayores-de-35-anos\/#breadcrumb","itemListElement":[{"@type":"ListItem","position":1,"name":"Portada","item":"https:\/\/www.periodicoelapogeo.com.ar\/site\/"},{"@type":"ListItem","position":2,"name":"VACUNACI\u00d3N LIBRE PARA MAYORES DE 35 A\u00d1OS"}]},{"@type":"WebSite","@id":"https:\/\/www.periodicoelapogeo.com.ar\/site\/#website","url":"https:\/\/www.periodicoelapogeo.com.ar\/site\/","name":"Peri\u00f3dico EL APOGEO","description":"En Derqui, Del Viso, Mor\u00f3n y Pilar","publisher":{"@id":"https:\/\/www.periodicoelapogeo.com.ar\/site\/#organization"},"potentialAction":[{"@type":"SearchAction","target":{"@type":"EntryPoint","urlTemplate":"https:\/\/www.periodicoelapogeo.com.ar\/site\/?s={search_term_string}"},"query-input":{"@type":"PropertyValueSpecification","valueRequired":true,"valueName":"search_term_string"}}],"inLanguage":"es"},{"@type":"Organization","@id":"https:\/\/www.periodicoelapogeo.com.ar\/site\/#organization","name":"Peri\u00f3dico EL APOGEO","url":"https:\/\/www.periodicoelapogeo.com.ar\/site\/","logo":{"@type":"ImageObject","inLanguage":"es","@id":"https:\/\/www.periodicoelapogeo.com.ar\/site\/#\/schema\/logo\/image\/","url":"https:\/\/www.periodicoelapogeo.com.ar\/site\/wp-content\/uploads\/2023\/03\/apogeo_logo.jpg","contentUrl":"https:\/\/www.periodicoelapogeo.com.ar\/site\/wp-content\/uploads\/2023\/03\/apogeo_logo.jpg","width":400,"height":400,"caption":"Peri\u00f3dico EL APOGEO"},"image":{"@id":"https:\/\/www.periodicoelapogeo.com.ar\/site\/#\/schema\/logo\/image\/"},"sameAs":["https:\/\/www.facebook.com\/Peridico-El-Apogeo-348111616395\/","https:\/\/x.com\/elapogeodiario","https:\/\/instagram.com\/elapogeodiario\/"]},{"@type":"Person","@id":"https:\/\/www.periodicoelapogeo.com.ar\/site\/#\/schema\/person\/d60bcb51884b850534948db8a28cae37","name":"editor","image":{"@type":"ImageObject","inLanguage":"es","@id":"https:\/\/secure.gravatar.com\/avatar\/af59c81eb11459c33aba6d1ef1422b5c7b8acb4c120f6e1f99e75810f387565f?s=96&d=mm&r=g","url":"https:\/\/secure.gravatar.com\/avatar\/af59c81eb11459c33aba6d1ef1422b5c7b8acb4c120f6e1f99e75810f387565f?s=96&d=mm&r=g","contentUrl":"https:\/\/secure.gravatar.com\/avatar\/af59c81eb11459c33aba6d1ef1422b5c7b8acb4c120f6e1f99e75810f387565f?s=96&d=mm&r=g","caption":"editor"},"sameAs":["http:\/\/periodicoelapogeo.com.ar"],"url":"https:\/\/www.periodicoelapogeo.com.ar\/site\/author\/victor\/"}]}},"_links":{"self":[{"href":"https:\/\/www.periodicoelapogeo.com.ar\/site\/wp-json\/wp\/v2\/posts\/7759","targetHints":{"allow":["GET"]}}],"collection":[{"href":"https:\/\/www.periodicoelapogeo.com.ar\/site\/wp-json\/wp\/v2\/posts"}],"about":[{"href":"https:\/\/www.periodicoelapogeo.com.ar\/site\/wp-json\/wp\/v2\/types\/post"}],"author":[{"embeddable":true,"href":"https:\/\/www.periodicoelapogeo.com.ar\/site\/wp-json\/wp\/v2\/users\/2"}],"replies":[{"embeddable":true,"href":"https:\/\/www.periodicoelapogeo.com.ar\/site\/wp-json\/wp\/v2\/comments?post=7759"}],"version-history":[{"count":1,"href":"https:\/\/www.periodicoelapogeo.com.ar\/site\/wp-json\/wp\/v2\/posts\/7759\/revisions"}],"predecessor-version":[{"id":7762,"href":"https:\/\/www.periodicoelapogeo.com.ar\/site\/wp-json\/wp\/v2\/posts\/7759\/revisions\/7762"}],"wp:featuredmedia":[{"embeddable":true,"href":"https:\/\/www.periodicoelapogeo.com.ar\/site\/wp-json\/wp\/v2\/media\/7760"}],"wp:attachment":[{"href":"https:\/\/www.periodicoelapogeo.com.ar\/site\/wp-json\/wp\/v2\/media?parent=7759"}],"wp:term":[{"taxonomy":"category","embeddable":true,"href":"https:\/\/www.periodicoelapogeo.com.ar\/site\/wp-json\/wp\/v2\/categories?post=7759"},{"taxonomy":"post_tag","embeddable":true,"href":"https:\/\/www.periodicoelapogeo.com.ar\/site\/wp-json\/wp\/v2\/tags?post=7759"}],"curies":[{"name":"wp","href":"https:\/\/api.w.org\/{rel}","templated":true}]}}